{"id":231,"date":"2019-10-03T15:00:56","date_gmt":"2019-10-03T14:00:56","guid":{"rendered":"http:\/\/charneux.be\/wordpress\/?p=231"},"modified":"2019-10-03T15:04:26","modified_gmt":"2019-10-03T14:04:26","slug":"emile-le-serpent-mobile","status":"publish","type":"post","link":"https:\/\/charneux.be\/preprod\/emile-le-serpent-mobile\/","title":{"rendered":"Emile, le serpent mobile"},"content":{"rendered":"<p><span style=\"font-family: verdana,geneva,sans-serif;\">En ce d\u00e9but d&rsquo;ann\u00e9e, les \u00e9l\u00e8ves de cinqui\u00e8me primaire ont invit\u00e9 les autres \u00e9l\u00e8ves \u00e0 venir \u00e0 l&rsquo;\u00e9cole \u00e0 pied, \u00e0 v\u00e9lo et en covoiturage. Le d\u00e9fi est r\u00e9ussi : passage de 13 % \u00e0 41 % en mode actif.\u00a0 <\/span><\/p>\n<p><span style=\"font-family: verdana,geneva,sans-serif;\">Bravo \u00e0 tous !<\/span><\/p>\n<p><span style=\"font-family: verdana,geneva,sans-serif;\">Cela a \u00e9galement permis un travail en savoir \u00e9crire : les 7 types de textes revisit\u00e9s par Emile le serpent et le cycle 5e-6e.<\/span><\/p>\n<p><a href=\"http:\/\/charneux.be\/wordpress\/wp-content\/uploads\/2019\/10\/textes\u00e9mile.pdf\">Pour lire les productions \u00e9crites, cliquez sur ce lien.<\/a><\/p>\n<p><iframe title=\"P1030015\" width=\"800\" height=\"450\" src=\"https:\/\/www.youtube.com\/embed\/LWElfj0ijnw?feature=oembed\" frameborder=\"0\" allow=\"accelerometer; autoplay; clipboard-write; encrypted-media; gyroscope; picture-in-picture; web-share\" referrerpolicy=\"strict-origin-when-cross-origin\" allowfullscreen><\/iframe><\/p>\n<p>&nbsp;<\/p>\n","protected":false},"excerpt":{"rendered":"<p>En ce d\u00e9but d&rsquo;ann\u00e9e, les \u00e9l\u00e8ves de cinqui\u00e8me primaire ont invit\u00e9 les autres \u00e9l\u00e8ves \u00e0 venir \u00e0 l&rsquo;\u00e9cole \u00e0 pied, \u00e0 v\u00e9lo et en covoiturage. Le d\u00e9fi est r\u00e9ussi : passage de 13 % \u00e0 41 % en mode actif.\u00a0 Bravo \u00e0 tous ! Cela a \u00e9galement permis un travail en savoir \u00e9crire : les [&hellip;]<\/p>\n","protected":false},"author":3,"featured_media":233,"comment_status":"open","ping_status":"open","sticky":false,"template":"","format":"standard","meta":{"footnotes":""},"categories":[3,2],"tags":[],"class_list":["post-231","post","type-post","status-publish","format-standard","has-post-thumbnail","hentry","category-maternelle","category-primaire"],"yoast_head":"<!-- This site is optimized with the Yoast SEO plugin v23.6 - https:\/\/yoast.com\/wordpress\/plugins\/seo\/ -->\n<title>Emile, le serpent mobile - Charneux<\/title>\n<meta name=\"robots\" content=\"noindex, follow, max-snippet:-1, max-image-preview:large, max-video-preview:-1\" \/>\n<meta property=\"og:locale\" content=\"fr_FR\" \/>\n<meta property=\"og:type\" content=\"article\" \/>\n<meta property=\"og:title\" content=\"Emile, le serpent mobile - Charneux\" \/>\n<meta property=\"og:description\" content=\"En ce d\u00e9but d&rsquo;ann\u00e9e, les \u00e9l\u00e8ves de cinqui\u00e8me primaire ont invit\u00e9 les autres \u00e9l\u00e8ves \u00e0 venir \u00e0 l&rsquo;\u00e9cole \u00e0 pied, \u00e0 v\u00e9lo et en covoiturage. Le d\u00e9fi est r\u00e9ussi : passage de 13 % \u00e0 41 % en mode actif.\u00a0 Bravo \u00e0 tous ! Cela a \u00e9galement permis un travail en savoir \u00e9crire : les [&hellip;]\" \/>\n<meta property=\"og:url\" content=\"https:\/\/charneux.be\/preprod\/emile-le-serpent-mobile\/\" \/>\n<meta property=\"og:site_name\" content=\"Charneux\" \/>\n<meta property=\"article:published_time\" content=\"2019-10-03T14:00:56+00:00\" \/>\n<meta property=\"article:modified_time\" content=\"2019-10-03T14:04:26+00:00\" \/>\n<meta property=\"og:image\" content=\"https:\/\/charneux.be\/preprod\/wp-content\/uploads\/2019\/10\/P1030011-1024x768.jpg\" \/>\n\t<meta property=\"og:image:width\" content=\"1024\" \/>\n\t<meta property=\"og:image:height\" content=\"768\" \/>\n\t<meta property=\"og:image:type\" content=\"image\/jpeg\" \/>\n<meta name=\"author\" content=\"Gilles Collings\" \/>\n<meta name=\"twitter:label1\" content=\"\u00c9crit par\" \/>\n\t<meta name=\"twitter:data1\" content=\"Gilles Collings\" \/>\n<script type=\"application\/ld+json\" class=\"yoast-schema-graph\">{\"@context\":\"https:\/\/schema.org\",\"@graph\":[{\"@type\":\"Article\",\"@id\":\"https:\/\/charneux.be\/preprod\/emile-le-serpent-mobile\/#article\",\"isPartOf\":{\"@id\":\"https:\/\/charneux.be\/preprod\/emile-le-serpent-mobile\/\"},\"author\":{\"name\":\"Gilles Collings\",\"@id\":\"https:\/\/charneux.be\/preprod\/#\/schema\/person\/0b1651317d01999c5d965686422d77cb\"},\"headline\":\"Emile, le serpent mobile\",\"datePublished\":\"2019-10-03T14:00:56+00:00\",\"dateModified\":\"2019-10-03T14:04:26+00:00\",\"mainEntityOfPage\":{\"@id\":\"https:\/\/charneux.be\/preprod\/emile-le-serpent-mobile\/\"},\"wordCount\":90,\"commentCount\":0,\"publisher\":{\"@id\":\"https:\/\/charneux.be\/preprod\/#organization\"},\"image\":{\"@id\":\"https:\/\/charneux.be\/preprod\/emile-le-serpent-mobile\/#primaryimage\"},\"thumbnailUrl\":\"https:\/\/charneux.be\/preprod\/wp-content\/uploads\/2019\/10\/P1030011.jpg\",\"articleSection\":[\"En maternelle\",\"En primaire\"],\"inLanguage\":\"fr-FR\",\"potentialAction\":[{\"@type\":\"CommentAction\",\"name\":\"Comment\",\"target\":[\"https:\/\/charneux.be\/preprod\/emile-le-serpent-mobile\/#respond\"]}]},{\"@type\":\"WebPage\",\"@id\":\"https:\/\/charneux.be\/preprod\/emile-le-serpent-mobile\/\",\"url\":\"https:\/\/charneux.be\/preprod\/emile-le-serpent-mobile\/\",\"name\":\"Emile, le serpent mobile - Charneux\",\"isPartOf\":{\"@id\":\"https:\/\/charneux.be\/preprod\/#website\"},\"primaryImageOfPage\":{\"@id\":\"https:\/\/charneux.be\/preprod\/emile-le-serpent-mobile\/#primaryimage\"},\"image\":{\"@id\":\"https:\/\/charneux.be\/preprod\/emile-le-serpent-mobile\/#primaryimage\"},\"thumbnailUrl\":\"https:\/\/charneux.be\/preprod\/wp-content\/uploads\/2019\/10\/P1030011.jpg\",\"datePublished\":\"2019-10-03T14:00:56+00:00\",\"dateModified\":\"2019-10-03T14:04:26+00:00\",\"breadcrumb\":{\"@id\":\"https:\/\/charneux.be\/preprod\/emile-le-serpent-mobile\/#breadcrumb\"},\"inLanguage\":\"fr-FR\",\"potentialAction\":[{\"@type\":\"ReadAction\",\"target\":[\"https:\/\/charneux.be\/preprod\/emile-le-serpent-mobile\/\"]}]},{\"@type\":\"ImageObject\",\"inLanguage\":\"fr-FR\",\"@id\":\"https:\/\/charneux.be\/preprod\/emile-le-serpent-mobile\/#primaryimage\",\"url\":\"https:\/\/charneux.be\/preprod\/wp-content\/uploads\/2019\/10\/P1030011.jpg\",\"contentUrl\":\"https:\/\/charneux.be\/preprod\/wp-content\/uploads\/2019\/10\/P1030011.jpg\",\"width\":5184,\"height\":3888},{\"@type\":\"BreadcrumbList\",\"@id\":\"https:\/\/charneux.be\/preprod\/emile-le-serpent-mobile\/#breadcrumb\",\"itemListElement\":[{\"@type\":\"ListItem\",\"position\":1,\"name\":\"Accueil\",\"item\":\"https:\/\/charneux.be\/preprod\/\"},{\"@type\":\"ListItem\",\"position\":2,\"name\":\"Emile, le serpent mobile\"}]},{\"@type\":\"WebSite\",\"@id\":\"https:\/\/charneux.be\/preprod\/#website\",\"url\":\"https:\/\/charneux.be\/preprod\/\",\"name\":\"Charneux\",\"description\":\"\",\"publisher\":{\"@id\":\"https:\/\/charneux.be\/preprod\/#organization\"},\"potentialAction\":[{\"@type\":\"SearchAction\",\"target\":{\"@type\":\"EntryPoint\",\"urlTemplate\":\"https:\/\/charneux.be\/preprod\/?s={search_term_string}\"},\"query-input\":{\"@type\":\"PropertyValueSpecification\",\"valueRequired\":true,\"valueName\":\"search_term_string\"}}],\"inLanguage\":\"fr-FR\"},{\"@type\":\"Organization\",\"@id\":\"https:\/\/charneux.be\/preprod\/#organization\",\"name\":\"Ecole libre de Charneux\",\"url\":\"https:\/\/charneux.be\/preprod\/\",\"logo\":{\"@type\":\"ImageObject\",\"inLanguage\":\"fr-FR\",\"@id\":\"https:\/\/charneux.be\/preprod\/#\/schema\/logo\/image\/\",\"url\":\"https:\/\/charneux.be\/preprod\/wp-content\/uploads\/2024\/08\/cropped-Logo-bleu.png\",\"contentUrl\":\"https:\/\/charneux.be\/preprod\/wp-content\/uploads\/2024\/08\/cropped-Logo-bleu.png\",\"width\":480,\"height\":799,\"caption\":\"Ecole libre de Charneux\"},\"image\":{\"@id\":\"https:\/\/charneux.be\/preprod\/#\/schema\/logo\/image\/\"}},{\"@type\":\"Person\",\"@id\":\"https:\/\/charneux.be\/preprod\/#\/schema\/person\/0b1651317d01999c5d965686422d77cb\",\"name\":\"Gilles Collings\",\"image\":{\"@type\":\"ImageObject\",\"inLanguage\":\"fr-FR\",\"@id\":\"https:\/\/charneux.be\/preprod\/#\/schema\/person\/image\/\",\"url\":\"https:\/\/secure.gravatar.com\/avatar\/320dcf4529b471bc3f0dc256dbefcb4434faec727325adce4fe24429eae36178?s=96&d=mm&r=g\",\"contentUrl\":\"https:\/\/secure.gravatar.com\/avatar\/320dcf4529b471bc3f0dc256dbefcb4434faec727325adce4fe24429eae36178?s=96&d=mm&r=g\",\"caption\":\"Gilles Collings\"},\"url\":\"https:\/\/charneux.be\/preprod\/author\/gilles\/\"}]}<\/script>\n<!-- \/ Yoast SEO plugin. -->","yoast_head_json":{"title":"Emile, le serpent mobile - Charneux","robots":{"index":"noindex","follow":"follow","max-snippet":"max-snippet:-1","max-image-preview":"max-image-preview:large","max-video-preview":"max-video-preview:-1"},"og_locale":"fr_FR","og_type":"article","og_title":"Emile, le serpent mobile - Charneux","og_description":"En ce d\u00e9but d&rsquo;ann\u00e9e, les \u00e9l\u00e8ves de cinqui\u00e8me primaire ont invit\u00e9 les autres \u00e9l\u00e8ves \u00e0 venir \u00e0 l&rsquo;\u00e9cole \u00e0 pied, \u00e0 v\u00e9lo et en covoiturage. Le d\u00e9fi est r\u00e9ussi : passage de 13 % \u00e0 41 % en mode actif.\u00a0 Bravo \u00e0 tous ! Cela a \u00e9galement permis un travail en savoir \u00e9crire : les [&hellip;]","og_url":"https:\/\/charneux.be\/preprod\/emile-le-serpent-mobile\/","og_site_name":"Charneux","article_published_time":"2019-10-03T14:00:56+00:00","article_modified_time":"2019-10-03T14:04:26+00:00","og_image":[{"width":1024,"height":768,"url":"https:\/\/charneux.be\/preprod\/wp-content\/uploads\/2019\/10\/P1030011-1024x768.jpg","type":"image\/jpeg"}],"author":"Gilles Collings","twitter_misc":{"\u00c9crit par":"Gilles Collings"},"schema":{"@context":"https:\/\/schema.org","@graph":[{"@type":"Article","@id":"https:\/\/charneux.be\/preprod\/emile-le-serpent-mobile\/#article","isPartOf":{"@id":"https:\/\/charneux.be\/preprod\/emile-le-serpent-mobile\/"},"author":{"name":"Gilles Collings","@id":"https:\/\/charneux.be\/preprod\/#\/schema\/person\/0b1651317d01999c5d965686422d77cb"},"headline":"Emile, le serpent mobile","datePublished":"2019-10-03T14:00:56+00:00","dateModified":"2019-10-03T14:04:26+00:00","mainEntityOfPage":{"@id":"https:\/\/charneux.be\/preprod\/emile-le-serpent-mobile\/"},"wordCount":90,"commentCount":0,"publisher":{"@id":"https:\/\/charneux.be\/preprod\/#organization"},"image":{"@id":"https:\/\/charneux.be\/preprod\/emile-le-serpent-mobile\/#primaryimage"},"thumbnailUrl":"https:\/\/charneux.be\/preprod\/wp-content\/uploads\/2019\/10\/P1030011.jpg","articleSection":["En maternelle","En primaire"],"inLanguage":"fr-FR","potentialAction":[{"@type":"CommentAction","name":"Comment","target":["https:\/\/charneux.be\/preprod\/emile-le-serpent-mobile\/#respond"]}]},{"@type":"WebPage","@id":"https:\/\/charneux.be\/preprod\/emile-le-serpent-mobile\/","url":"https:\/\/charneux.be\/preprod\/emile-le-serpent-mobile\/","name":"Emile, le serpent mobile - Charneux","isPartOf":{"@id":"https:\/\/charneux.be\/preprod\/#website"},"primaryImageOfPage":{"@id":"https:\/\/charneux.be\/preprod\/emile-le-serpent-mobile\/#primaryimage"},"image":{"@id":"https:\/\/charneux.be\/preprod\/emile-le-serpent-mobile\/#primaryimage"},"thumbnailUrl":"https:\/\/charneux.be\/preprod\/wp-content\/uploads\/2019\/10\/P1030011.jpg","datePublished":"2019-10-03T14:00:56+00:00","dateModified":"2019-10-03T14:04:26+00:00","breadcrumb":{"@id":"https:\/\/charneux.be\/preprod\/emile-le-serpent-mobile\/#breadcrumb"},"inLanguage":"fr-FR","potentialAction":[{"@type":"ReadAction","target":["https:\/\/charneux.be\/preprod\/emile-le-serpent-mobile\/"]}]},{"@type":"ImageObject","inLanguage":"fr-FR","@id":"https:\/\/charneux.be\/preprod\/emile-le-serpent-mobile\/#primaryimage","url":"https:\/\/charneux.be\/preprod\/wp-content\/uploads\/2019\/10\/P1030011.jpg","contentUrl":"https:\/\/charneux.be\/preprod\/wp-content\/uploads\/2019\/10\/P1030011.jpg","width":5184,"height":3888},{"@type":"BreadcrumbList","@id":"https:\/\/charneux.be\/preprod\/emile-le-serpent-mobile\/#breadcrumb","itemListElement":[{"@type":"ListItem","position":1,"name":"Accueil","item":"https:\/\/charneux.be\/preprod\/"},{"@type":"ListItem","position":2,"name":"Emile, le serpent mobile"}]},{"@type":"WebSite","@id":"https:\/\/charneux.be\/preprod\/#website","url":"https:\/\/charneux.be\/preprod\/","name":"Charneux","description":"","publisher":{"@id":"https:\/\/charneux.be\/preprod\/#organization"},"potentialAction":[{"@type":"SearchAction","target":{"@type":"EntryPoint","urlTemplate":"https:\/\/charneux.be\/preprod\/?s={search_term_string}"},"query-input":{"@type":"PropertyValueSpecification","valueRequired":true,"valueName":"search_term_string"}}],"inLanguage":"fr-FR"},{"@type":"Organization","@id":"https:\/\/charneux.be\/preprod\/#organization","name":"Ecole libre de Charneux","url":"https:\/\/charneux.be\/preprod\/","logo":{"@type":"ImageObject","inLanguage":"fr-FR","@id":"https:\/\/charneux.be\/preprod\/#\/schema\/logo\/image\/","url":"https:\/\/charneux.be\/preprod\/wp-content\/uploads\/2024\/08\/cropped-Logo-bleu.png","contentUrl":"https:\/\/charneux.be\/preprod\/wp-content\/uploads\/2024\/08\/cropped-Logo-bleu.png","width":480,"height":799,"caption":"Ecole libre de Charneux"},"image":{"@id":"https:\/\/charneux.be\/preprod\/#\/schema\/logo\/image\/"}},{"@type":"Person","@id":"https:\/\/charneux.be\/preprod\/#\/schema\/person\/0b1651317d01999c5d965686422d77cb","name":"Gilles Collings","image":{"@type":"ImageObject","inLanguage":"fr-FR","@id":"https:\/\/charneux.be\/preprod\/#\/schema\/person\/image\/","url":"https:\/\/secure.gravatar.com\/avatar\/320dcf4529b471bc3f0dc256dbefcb4434faec727325adce4fe24429eae36178?s=96&d=mm&r=g","contentUrl":"https:\/\/secure.gravatar.com\/avatar\/320dcf4529b471bc3f0dc256dbefcb4434faec727325adce4fe24429eae36178?s=96&d=mm&r=g","caption":"Gilles Collings"},"url":"https:\/\/charneux.be\/preprod\/author\/gilles\/"}]}},"_links":{"self":[{"href":"https:\/\/charneux.be\/preprod\/wp-json\/wp\/v2\/posts\/231","targetHints":{"allow":["GET"]}}],"collection":[{"href":"https:\/\/charneux.be\/preprod\/wp-json\/wp\/v2\/posts"}],"about":[{"href":"https:\/\/charneux.be\/preprod\/wp-json\/wp\/v2\/types\/post"}],"author":[{"embeddable":true,"href":"https:\/\/charneux.be\/preprod\/wp-json\/wp\/v2\/users\/3"}],"replies":[{"embeddable":true,"href":"https:\/\/charneux.be\/preprod\/wp-json\/wp\/v2\/comments?post=231"}],"version-history":[{"count":2,"href":"https:\/\/charneux.be\/preprod\/wp-json\/wp\/v2\/posts\/231\/revisions"}],"predecessor-version":[{"id":236,"href":"https:\/\/charneux.be\/preprod\/wp-json\/wp\/v2\/posts\/231\/revisions\/236"}],"wp:featuredmedia":[{"embeddable":true,"href":"https:\/\/charneux.be\/preprod\/wp-json\/wp\/v2\/media\/233"}],"wp:attachment":[{"href":"https:\/\/charneux.be\/preprod\/wp-json\/wp\/v2\/media?parent=231"}],"wp:term":[{"taxonomy":"category","embeddable":true,"href":"https:\/\/charneux.be\/preprod\/wp-json\/wp\/v2\/categories?post=231"},{"taxonomy":"post_tag","embeddable":true,"href":"https:\/\/charneux.be\/preprod\/wp-json\/wp\/v2\/tags?post=231"}],"curies":[{"name":"wp","href":"https:\/\/api.w.org\/{rel}","templated":true}]}}