{"id":259,"date":"2019-11-14T15:21:25","date_gmt":"2019-11-14T14:21:25","guid":{"rendered":"http:\/\/charneux.be\/wordpress\/?p=259"},"modified":"2019-11-14T15:21:44","modified_gmt":"2019-11-14T14:21:44","slug":"les-eleves-de-cinquieme-passent-aux-niouzz","status":"publish","type":"post","link":"https:\/\/charneux.be\/preprod\/les-eleves-de-cinquieme-passent-aux-niouzz\/","title":{"rendered":"Les \u00e9l\u00e8ves de cinqui\u00e8me passent aux Niouzz !"},"content":{"rendered":"<p>Nous vous invitons \u00e0 consulter l&rsquo;adresse : https:\/\/www.rtbf.be\/ouftivi\/niouzz<\/p>\n<p>Voici les \u00e9missions : 8\/11 ; 11\/11 ; et 12\/11 o\u00f9 vous d\u00e9couvrirez les interviews r\u00e9alis\u00e9es \u00e0 l&rsquo;\u00e9cole.<\/p>\n<p>&nbsp;<\/p>\n","protected":false},"excerpt":{"rendered":"<p>Nous vous invitons \u00e0 consulter l&rsquo;adresse : https:\/\/www.rtbf.be\/ouftivi\/niouzz Voici les \u00e9missions : 8\/11 ; 11\/11 ; et 12\/11 o\u00f9 vous d\u00e9couvrirez les interviews r\u00e9alis\u00e9es \u00e0 l&rsquo;\u00e9cole. &nbsp;<\/p>\n","protected":false},"author":3,"featured_media":0,"comment_status":"open","ping_status":"open","sticky":false,"template":"","format":"standard","meta":{"footnotes":""},"categories":[2],"tags":[],"class_list":["post-259","post","type-post","status-publish","format-standard","hentry","category-primaire"],"yoast_head":"<!-- This site is optimized with the Yoast SEO plugin v23.6 - https:\/\/yoast.com\/wordpress\/plugins\/seo\/ -->\n<title>Les \u00e9l\u00e8ves de cinqui\u00e8me passent aux Niouzz ! - Charneux<\/title>\n<meta name=\"robots\" content=\"noindex, follow, max-snippet:-1, max-image-preview:large, max-video-preview:-1\" \/>\n<meta property=\"og:locale\" content=\"fr_FR\" \/>\n<meta property=\"og:type\" content=\"article\" \/>\n<meta property=\"og:title\" content=\"Les \u00e9l\u00e8ves de cinqui\u00e8me passent aux Niouzz ! - Charneux\" \/>\n<meta property=\"og:description\" content=\"Nous vous invitons \u00e0 consulter l&rsquo;adresse : https:\/\/www.rtbf.be\/ouftivi\/niouzz Voici les \u00e9missions : 8\/11 ; 11\/11 ; et 12\/11 o\u00f9 vous d\u00e9couvrirez les interviews r\u00e9alis\u00e9es \u00e0 l&rsquo;\u00e9cole. &nbsp;\" \/>\n<meta property=\"og:url\" content=\"https:\/\/charneux.be\/preprod\/les-eleves-de-cinquieme-passent-aux-niouzz\/\" \/>\n<meta property=\"og:site_name\" content=\"Charneux\" \/>\n<meta property=\"article:published_time\" content=\"2019-11-14T14:21:25+00:00\" \/>\n<meta property=\"article:modified_time\" content=\"2019-11-14T14:21:44+00:00\" \/>\n<meta name=\"author\" content=\"Gilles Collings\" \/>\n<meta name=\"twitter:label1\" content=\"\u00c9crit par\" \/>\n\t<meta name=\"twitter:data1\" content=\"Gilles Collings\" \/>\n<script type=\"application\/ld+json\" class=\"yoast-schema-graph\">{\"@context\":\"https:\/\/schema.org\",\"@graph\":[{\"@type\":\"Article\",\"@id\":\"https:\/\/charneux.be\/preprod\/les-eleves-de-cinquieme-passent-aux-niouzz\/#article\",\"isPartOf\":{\"@id\":\"https:\/\/charneux.be\/preprod\/les-eleves-de-cinquieme-passent-aux-niouzz\/\"},\"author\":{\"name\":\"Gilles Collings\",\"@id\":\"https:\/\/charneux.be\/preprod\/#\/schema\/person\/0b1651317d01999c5d965686422d77cb\"},\"headline\":\"Les \u00e9l\u00e8ves de cinqui\u00e8me passent aux Niouzz !\",\"datePublished\":\"2019-11-14T14:21:25+00:00\",\"dateModified\":\"2019-11-14T14:21:44+00:00\",\"mainEntityOfPage\":{\"@id\":\"https:\/\/charneux.be\/preprod\/les-eleves-de-cinquieme-passent-aux-niouzz\/\"},\"wordCount\":37,\"commentCount\":0,\"publisher\":{\"@id\":\"https:\/\/charneux.be\/preprod\/#organization\"},\"articleSection\":[\"En primaire\"],\"inLanguage\":\"fr-FR\",\"potentialAction\":[{\"@type\":\"CommentAction\",\"name\":\"Comment\",\"target\":[\"https:\/\/charneux.be\/preprod\/les-eleves-de-cinquieme-passent-aux-niouzz\/#respond\"]}]},{\"@type\":\"WebPage\",\"@id\":\"https:\/\/charneux.be\/preprod\/les-eleves-de-cinquieme-passent-aux-niouzz\/\",\"url\":\"https:\/\/charneux.be\/preprod\/les-eleves-de-cinquieme-passent-aux-niouzz\/\",\"name\":\"Les \u00e9l\u00e8ves de cinqui\u00e8me passent aux Niouzz ! - Charneux\",\"isPartOf\":{\"@id\":\"https:\/\/charneux.be\/preprod\/#website\"},\"datePublished\":\"2019-11-14T14:21:25+00:00\",\"dateModified\":\"2019-11-14T14:21:44+00:00\",\"breadcrumb\":{\"@id\":\"https:\/\/charneux.be\/preprod\/les-eleves-de-cinquieme-passent-aux-niouzz\/#breadcrumb\"},\"inLanguage\":\"fr-FR\",\"potentialAction\":[{\"@type\":\"ReadAction\",\"target\":[\"https:\/\/charneux.be\/preprod\/les-eleves-de-cinquieme-passent-aux-niouzz\/\"]}]},{\"@type\":\"BreadcrumbList\",\"@id\":\"https:\/\/charneux.be\/preprod\/les-eleves-de-cinquieme-passent-aux-niouzz\/#breadcrumb\",\"itemListElement\":[{\"@type\":\"ListItem\",\"position\":1,\"name\":\"Accueil\",\"item\":\"https:\/\/charneux.be\/preprod\/\"},{\"@type\":\"ListItem\",\"position\":2,\"name\":\"Les \u00e9l\u00e8ves de cinqui\u00e8me passent aux Niouzz !\"}]},{\"@type\":\"WebSite\",\"@id\":\"https:\/\/charneux.be\/preprod\/#website\",\"url\":\"https:\/\/charneux.be\/preprod\/\",\"name\":\"Charneux\",\"description\":\"\",\"publisher\":{\"@id\":\"https:\/\/charneux.be\/preprod\/#organization\"},\"potentialAction\":[{\"@type\":\"SearchAction\",\"target\":{\"@type\":\"EntryPoint\",\"urlTemplate\":\"https:\/\/charneux.be\/preprod\/?s={search_term_string}\"},\"query-input\":{\"@type\":\"PropertyValueSpecification\",\"valueRequired\":true,\"valueName\":\"search_term_string\"}}],\"inLanguage\":\"fr-FR\"},{\"@type\":\"Organization\",\"@id\":\"https:\/\/charneux.be\/preprod\/#organization\",\"name\":\"Ecole libre de Charneux\",\"url\":\"https:\/\/charneux.be\/preprod\/\",\"logo\":{\"@type\":\"ImageObject\",\"inLanguage\":\"fr-FR\",\"@id\":\"https:\/\/charneux.be\/preprod\/#\/schema\/logo\/image\/\",\"url\":\"https:\/\/charneux.be\/preprod\/wp-content\/uploads\/2024\/08\/cropped-Logo-bleu.png\",\"contentUrl\":\"https:\/\/charneux.be\/preprod\/wp-content\/uploads\/2024\/08\/cropped-Logo-bleu.png\",\"width\":480,\"height\":799,\"caption\":\"Ecole libre de Charneux\"},\"image\":{\"@id\":\"https:\/\/charneux.be\/preprod\/#\/schema\/logo\/image\/\"}},{\"@type\":\"Person\",\"@id\":\"https:\/\/charneux.be\/preprod\/#\/schema\/person\/0b1651317d01999c5d965686422d77cb\",\"name\":\"Gilles Collings\",\"image\":{\"@type\":\"ImageObject\",\"inLanguage\":\"fr-FR\",\"@id\":\"https:\/\/charneux.be\/preprod\/#\/schema\/person\/image\/\",\"url\":\"https:\/\/secure.gravatar.com\/avatar\/320dcf4529b471bc3f0dc256dbefcb4434faec727325adce4fe24429eae36178?s=96&d=mm&r=g\",\"contentUrl\":\"https:\/\/secure.gravatar.com\/avatar\/320dcf4529b471bc3f0dc256dbefcb4434faec727325adce4fe24429eae36178?s=96&d=mm&r=g\",\"caption\":\"Gilles Collings\"},\"url\":\"https:\/\/charneux.be\/preprod\/author\/gilles\/\"}]}<\/script>\n<!-- \/ Yoast SEO plugin. -->","yoast_head_json":{"title":"Les \u00e9l\u00e8ves de cinqui\u00e8me passent aux Niouzz ! - Charneux","robots":{"index":"noindex","follow":"follow","max-snippet":"max-snippet:-1","max-image-preview":"max-image-preview:large","max-video-preview":"max-video-preview:-1"},"og_locale":"fr_FR","og_type":"article","og_title":"Les \u00e9l\u00e8ves de cinqui\u00e8me passent aux Niouzz ! - Charneux","og_description":"Nous vous invitons \u00e0 consulter l&rsquo;adresse : https:\/\/www.rtbf.be\/ouftivi\/niouzz Voici les \u00e9missions : 8\/11 ; 11\/11 ; et 12\/11 o\u00f9 vous d\u00e9couvrirez les interviews r\u00e9alis\u00e9es \u00e0 l&rsquo;\u00e9cole. &nbsp;","og_url":"https:\/\/charneux.be\/preprod\/les-eleves-de-cinquieme-passent-aux-niouzz\/","og_site_name":"Charneux","article_published_time":"2019-11-14T14:21:25+00:00","article_modified_time":"2019-11-14T14:21:44+00:00","author":"Gilles Collings","twitter_misc":{"\u00c9crit par":"Gilles Collings"},"schema":{"@context":"https:\/\/schema.org","@graph":[{"@type":"Article","@id":"https:\/\/charneux.be\/preprod\/les-eleves-de-cinquieme-passent-aux-niouzz\/#article","isPartOf":{"@id":"https:\/\/charneux.be\/preprod\/les-eleves-de-cinquieme-passent-aux-niouzz\/"},"author":{"name":"Gilles Collings","@id":"https:\/\/charneux.be\/preprod\/#\/schema\/person\/0b1651317d01999c5d965686422d77cb"},"headline":"Les \u00e9l\u00e8ves de cinqui\u00e8me passent aux Niouzz !","datePublished":"2019-11-14T14:21:25+00:00","dateModified":"2019-11-14T14:21:44+00:00","mainEntityOfPage":{"@id":"https:\/\/charneux.be\/preprod\/les-eleves-de-cinquieme-passent-aux-niouzz\/"},"wordCount":37,"commentCount":0,"publisher":{"@id":"https:\/\/charneux.be\/preprod\/#organization"},"articleSection":["En primaire"],"inLanguage":"fr-FR","potentialAction":[{"@type":"CommentAction","name":"Comment","target":["https:\/\/charneux.be\/preprod\/les-eleves-de-cinquieme-passent-aux-niouzz\/#respond"]}]},{"@type":"WebPage","@id":"https:\/\/charneux.be\/preprod\/les-eleves-de-cinquieme-passent-aux-niouzz\/","url":"https:\/\/charneux.be\/preprod\/les-eleves-de-cinquieme-passent-aux-niouzz\/","name":"Les \u00e9l\u00e8ves de cinqui\u00e8me passent aux Niouzz ! - Charneux","isPartOf":{"@id":"https:\/\/charneux.be\/preprod\/#website"},"datePublished":"2019-11-14T14:21:25+00:00","dateModified":"2019-11-14T14:21:44+00:00","breadcrumb":{"@id":"https:\/\/charneux.be\/preprod\/les-eleves-de-cinquieme-passent-aux-niouzz\/#breadcrumb"},"inLanguage":"fr-FR","potentialAction":[{"@type":"ReadAction","target":["https:\/\/charneux.be\/preprod\/les-eleves-de-cinquieme-passent-aux-niouzz\/"]}]},{"@type":"BreadcrumbList","@id":"https:\/\/charneux.be\/preprod\/les-eleves-de-cinquieme-passent-aux-niouzz\/#breadcrumb","itemListElement":[{"@type":"ListItem","position":1,"name":"Accueil","item":"https:\/\/charneux.be\/preprod\/"},{"@type":"ListItem","position":2,"name":"Les \u00e9l\u00e8ves de cinqui\u00e8me passent aux Niouzz !"}]},{"@type":"WebSite","@id":"https:\/\/charneux.be\/preprod\/#website","url":"https:\/\/charneux.be\/preprod\/","name":"Charneux","description":"","publisher":{"@id":"https:\/\/charneux.be\/preprod\/#organization"},"potentialAction":[{"@type":"SearchAction","target":{"@type":"EntryPoint","urlTemplate":"https:\/\/charneux.be\/preprod\/?s={search_term_string}"},"query-input":{"@type":"PropertyValueSpecification","valueRequired":true,"valueName":"search_term_string"}}],"inLanguage":"fr-FR"},{"@type":"Organization","@id":"https:\/\/charneux.be\/preprod\/#organization","name":"Ecole libre de Charneux","url":"https:\/\/charneux.be\/preprod\/","logo":{"@type":"ImageObject","inLanguage":"fr-FR","@id":"https:\/\/charneux.be\/preprod\/#\/schema\/logo\/image\/","url":"https:\/\/charneux.be\/preprod\/wp-content\/uploads\/2024\/08\/cropped-Logo-bleu.png","contentUrl":"https:\/\/charneux.be\/preprod\/wp-content\/uploads\/2024\/08\/cropped-Logo-bleu.png","width":480,"height":799,"caption":"Ecole libre de Charneux"},"image":{"@id":"https:\/\/charneux.be\/preprod\/#\/schema\/logo\/image\/"}},{"@type":"Person","@id":"https:\/\/charneux.be\/preprod\/#\/schema\/person\/0b1651317d01999c5d965686422d77cb","name":"Gilles Collings","image":{"@type":"ImageObject","inLanguage":"fr-FR","@id":"https:\/\/charneux.be\/preprod\/#\/schema\/person\/image\/","url":"https:\/\/secure.gravatar.com\/avatar\/320dcf4529b471bc3f0dc256dbefcb4434faec727325adce4fe24429eae36178?s=96&d=mm&r=g","contentUrl":"https:\/\/secure.gravatar.com\/avatar\/320dcf4529b471bc3f0dc256dbefcb4434faec727325adce4fe24429eae36178?s=96&d=mm&r=g","caption":"Gilles Collings"},"url":"https:\/\/charneux.be\/preprod\/author\/gilles\/"}]}},"_links":{"self":[{"href":"https:\/\/charneux.be\/preprod\/wp-json\/wp\/v2\/posts\/259","targetHints":{"allow":["GET"]}}],"collection":[{"href":"https:\/\/charneux.be\/preprod\/wp-json\/wp\/v2\/posts"}],"about":[{"href":"https:\/\/charneux.be\/preprod\/wp-json\/wp\/v2\/types\/post"}],"author":[{"embeddable":true,"href":"https:\/\/charneux.be\/preprod\/wp-json\/wp\/v2\/users\/3"}],"replies":[{"embeddable":true,"href":"https:\/\/charneux.be\/preprod\/wp-json\/wp\/v2\/comments?post=259"}],"version-history":[{"count":1,"href":"https:\/\/charneux.be\/preprod\/wp-json\/wp\/v2\/posts\/259\/revisions"}],"predecessor-version":[{"id":260,"href":"https:\/\/charneux.be\/preprod\/wp-json\/wp\/v2\/posts\/259\/revisions\/260"}],"wp:attachment":[{"href":"https:\/\/charneux.be\/preprod\/wp-json\/wp\/v2\/media?parent=259"}],"wp:term":[{"taxonomy":"category","embeddable":true,"href":"https:\/\/charneux.be\/preprod\/wp-json\/wp\/v2\/categories?post=259"},{"taxonomy":"post_tag","embeddable":true,"href":"https:\/\/charneux.be\/preprod\/wp-json\/wp\/v2\/tags?post=259"}],"curies":[{"name":"wp","href":"https:\/\/api.w.org\/{rel}","templated":true}]}}