{"id":273,"date":"2019-12-11T14:07:59","date_gmt":"2019-12-11T13:07:59","guid":{"rendered":"http:\/\/charneux.be\/wordpress\/?p=273"},"modified":"2020-01-24T15:48:30","modified_gmt":"2020-01-24T14:48:30","slug":"projet-ecole-zero-watt","status":"publish","type":"post","link":"https:\/\/charneux.be\/preprod\/projet-ecole-zero-watt\/","title":{"rendered":"Projet \u00e9cole z\u00e9ro watt"},"content":{"rendered":"<p>En cinqui\u00e8me, les \u00e9l\u00e8ves ont d\u00e9cid\u00e9 de sensibiliser les autres classes : trouvons des solutions pour diminuer notre consommation d&rsquo;\u00e9nergie \u00e0 l&rsquo;\u00e9cole !<\/p>\n<p><iframe title=\"film z\u00e9ro watt\" width=\"800\" height=\"450\" src=\"https:\/\/www.youtube.com\/embed\/JLyIgE2Hyq8?feature=oembed\" frameborder=\"0\" allow=\"accelerometer; autoplay; clipboard-write; encrypted-media; gyroscope; picture-in-picture; web-share\" referrerpolicy=\"strict-origin-when-cross-origin\" allowfullscreen><\/iframe><\/p>\n<p>Pour voir quelques photos des premi\u00e8res mesures, cliquez sur ce lien :<\/p>\n<p><a href=\"https:\/\/photos.google.com\/share\/AF1QipMjPtO7zZAILAGtLwavM7vu2yulGCBDEW78taptkUaimRS4Y-GxQLe5JgixTWLCzQ?key=N3ZQMm4xVXZrblRaQm43NXlwdnFvUzM4NGFxc3Nn\">https:\/\/photos.google.com\/share\/AF1QipMjPtO7zZAILAGtLwavM7vu2yulGCBDEW78taptkUaimRS4Y-GxQLe5JgixTWLCzQ?key=N3ZQMm4xVXZrblRaQm43NXlwdnFvUzM4NGFxc3Nn<\/a><\/p>\n","protected":false},"excerpt":{"rendered":"<p>En cinqui\u00e8me, les \u00e9l\u00e8ves ont d\u00e9cid\u00e9 de sensibiliser les autres classes : trouvons des solutions pour diminuer notre consommation d&rsquo;\u00e9nergie \u00e0 l&rsquo;\u00e9cole ! Pour voir quelques photos des premi\u00e8res mesures, cliquez sur ce lien : https:\/\/photos.google.com\/share\/AF1QipMjPtO7zZAILAGtLwavM7vu2yulGCBDEW78taptkUaimRS4Y-GxQLe5JgixTWLCzQ?key=N3ZQMm4xVXZrblRaQm43NXlwdnFvUzM4NGFxc3Nn<\/p>\n","protected":false},"author":3,"featured_media":0,"comment_status":"open","ping_status":"open","sticky":false,"template":"","format":"standard","meta":{"footnotes":""},"categories":[2],"tags":[],"class_list":["post-273","post","type-post","status-publish","format-standard","hentry","category-primaire"],"yoast_head":"<!-- This site is optimized with the Yoast SEO plugin v23.6 - https:\/\/yoast.com\/wordpress\/plugins\/seo\/ -->\n<title>Projet \u00e9cole z\u00e9ro watt - Charneux<\/title>\n<meta name=\"robots\" content=\"noindex, follow, max-snippet:-1, max-image-preview:large, max-video-preview:-1\" \/>\n<meta property=\"og:locale\" content=\"fr_FR\" \/>\n<meta property=\"og:type\" content=\"article\" \/>\n<meta property=\"og:title\" content=\"Projet \u00e9cole z\u00e9ro watt - Charneux\" \/>\n<meta property=\"og:description\" content=\"En cinqui\u00e8me, les \u00e9l\u00e8ves ont d\u00e9cid\u00e9 de sensibiliser les autres classes : trouvons des solutions pour diminuer notre consommation d&rsquo;\u00e9nergie \u00e0 l&rsquo;\u00e9cole ! Pour voir quelques photos des premi\u00e8res mesures, cliquez sur ce lien : https:\/\/photos.google.com\/share\/AF1QipMjPtO7zZAILAGtLwavM7vu2yulGCBDEW78taptkUaimRS4Y-GxQLe5JgixTWLCzQ?key=N3ZQMm4xVXZrblRaQm43NXlwdnFvUzM4NGFxc3Nn\" \/>\n<meta property=\"og:url\" content=\"https:\/\/charneux.be\/preprod\/projet-ecole-zero-watt\/\" \/>\n<meta property=\"og:site_name\" content=\"Charneux\" \/>\n<meta property=\"article:published_time\" content=\"2019-12-11T13:07:59+00:00\" \/>\n<meta property=\"article:modified_time\" content=\"2020-01-24T14:48:30+00:00\" \/>\n<meta name=\"author\" content=\"Gilles Collings\" \/>\n<meta name=\"twitter:label1\" content=\"\u00c9crit par\" \/>\n\t<meta name=\"twitter:data1\" content=\"Gilles Collings\" \/>\n<script type=\"application\/ld+json\" class=\"yoast-schema-graph\">{\"@context\":\"https:\/\/schema.org\",\"@graph\":[{\"@type\":\"Article\",\"@id\":\"https:\/\/charneux.be\/preprod\/projet-ecole-zero-watt\/#article\",\"isPartOf\":{\"@id\":\"https:\/\/charneux.be\/preprod\/projet-ecole-zero-watt\/\"},\"author\":{\"name\":\"Gilles Collings\",\"@id\":\"https:\/\/charneux.be\/preprod\/#\/schema\/person\/0b1651317d01999c5d965686422d77cb\"},\"headline\":\"Projet \u00e9cole z\u00e9ro watt\",\"datePublished\":\"2019-12-11T13:07:59+00:00\",\"dateModified\":\"2020-01-24T14:48:30+00:00\",\"mainEntityOfPage\":{\"@id\":\"https:\/\/charneux.be\/preprod\/projet-ecole-zero-watt\/\"},\"wordCount\":75,\"commentCount\":0,\"publisher\":{\"@id\":\"https:\/\/charneux.be\/preprod\/#organization\"},\"articleSection\":[\"En primaire\"],\"inLanguage\":\"fr-FR\",\"potentialAction\":[{\"@type\":\"CommentAction\",\"name\":\"Comment\",\"target\":[\"https:\/\/charneux.be\/preprod\/projet-ecole-zero-watt\/#respond\"]}]},{\"@type\":\"WebPage\",\"@id\":\"https:\/\/charneux.be\/preprod\/projet-ecole-zero-watt\/\",\"url\":\"https:\/\/charneux.be\/preprod\/projet-ecole-zero-watt\/\",\"name\":\"Projet \u00e9cole z\u00e9ro watt - Charneux\",\"isPartOf\":{\"@id\":\"https:\/\/charneux.be\/preprod\/#website\"},\"datePublished\":\"2019-12-11T13:07:59+00:00\",\"dateModified\":\"2020-01-24T14:48:30+00:00\",\"breadcrumb\":{\"@id\":\"https:\/\/charneux.be\/preprod\/projet-ecole-zero-watt\/#breadcrumb\"},\"inLanguage\":\"fr-FR\",\"potentialAction\":[{\"@type\":\"ReadAction\",\"target\":[\"https:\/\/charneux.be\/preprod\/projet-ecole-zero-watt\/\"]}]},{\"@type\":\"BreadcrumbList\",\"@id\":\"https:\/\/charneux.be\/preprod\/projet-ecole-zero-watt\/#breadcrumb\",\"itemListElement\":[{\"@type\":\"ListItem\",\"position\":1,\"name\":\"Accueil\",\"item\":\"https:\/\/charneux.be\/preprod\/\"},{\"@type\":\"ListItem\",\"position\":2,\"name\":\"Projet \u00e9cole z\u00e9ro watt\"}]},{\"@type\":\"WebSite\",\"@id\":\"https:\/\/charneux.be\/preprod\/#website\",\"url\":\"https:\/\/charneux.be\/preprod\/\",\"name\":\"Charneux\",\"description\":\"\",\"publisher\":{\"@id\":\"https:\/\/charneux.be\/preprod\/#organization\"},\"potentialAction\":[{\"@type\":\"SearchAction\",\"target\":{\"@type\":\"EntryPoint\",\"urlTemplate\":\"https:\/\/charneux.be\/preprod\/?s={search_term_string}\"},\"query-input\":{\"@type\":\"PropertyValueSpecification\",\"valueRequired\":true,\"valueName\":\"search_term_string\"}}],\"inLanguage\":\"fr-FR\"},{\"@type\":\"Organization\",\"@id\":\"https:\/\/charneux.be\/preprod\/#organization\",\"name\":\"Ecole libre de Charneux\",\"url\":\"https:\/\/charneux.be\/preprod\/\",\"logo\":{\"@type\":\"ImageObject\",\"inLanguage\":\"fr-FR\",\"@id\":\"https:\/\/charneux.be\/preprod\/#\/schema\/logo\/image\/\",\"url\":\"https:\/\/charneux.be\/preprod\/wp-content\/uploads\/2024\/08\/cropped-Logo-bleu.png\",\"contentUrl\":\"https:\/\/charneux.be\/preprod\/wp-content\/uploads\/2024\/08\/cropped-Logo-bleu.png\",\"width\":480,\"height\":799,\"caption\":\"Ecole libre de Charneux\"},\"image\":{\"@id\":\"https:\/\/charneux.be\/preprod\/#\/schema\/logo\/image\/\"}},{\"@type\":\"Person\",\"@id\":\"https:\/\/charneux.be\/preprod\/#\/schema\/person\/0b1651317d01999c5d965686422d77cb\",\"name\":\"Gilles Collings\",\"image\":{\"@type\":\"ImageObject\",\"inLanguage\":\"fr-FR\",\"@id\":\"https:\/\/charneux.be\/preprod\/#\/schema\/person\/image\/\",\"url\":\"https:\/\/secure.gravatar.com\/avatar\/320dcf4529b471bc3f0dc256dbefcb4434faec727325adce4fe24429eae36178?s=96&d=mm&r=g\",\"contentUrl\":\"https:\/\/secure.gravatar.com\/avatar\/320dcf4529b471bc3f0dc256dbefcb4434faec727325adce4fe24429eae36178?s=96&d=mm&r=g\",\"caption\":\"Gilles Collings\"},\"url\":\"https:\/\/charneux.be\/preprod\/author\/gilles\/\"}]}<\/script>\n<!-- \/ Yoast SEO plugin. -->","yoast_head_json":{"title":"Projet \u00e9cole z\u00e9ro watt - Charneux","robots":{"index":"noindex","follow":"follow","max-snippet":"max-snippet:-1","max-image-preview":"max-image-preview:large","max-video-preview":"max-video-preview:-1"},"og_locale":"fr_FR","og_type":"article","og_title":"Projet \u00e9cole z\u00e9ro watt - Charneux","og_description":"En cinqui\u00e8me, les \u00e9l\u00e8ves ont d\u00e9cid\u00e9 de sensibiliser les autres classes : trouvons des solutions pour diminuer notre consommation d&rsquo;\u00e9nergie \u00e0 l&rsquo;\u00e9cole ! Pour voir quelques photos des premi\u00e8res mesures, cliquez sur ce lien : https:\/\/photos.google.com\/share\/AF1QipMjPtO7zZAILAGtLwavM7vu2yulGCBDEW78taptkUaimRS4Y-GxQLe5JgixTWLCzQ?key=N3ZQMm4xVXZrblRaQm43NXlwdnFvUzM4NGFxc3Nn","og_url":"https:\/\/charneux.be\/preprod\/projet-ecole-zero-watt\/","og_site_name":"Charneux","article_published_time":"2019-12-11T13:07:59+00:00","article_modified_time":"2020-01-24T14:48:30+00:00","author":"Gilles Collings","twitter_misc":{"\u00c9crit par":"Gilles Collings"},"schema":{"@context":"https:\/\/schema.org","@graph":[{"@type":"Article","@id":"https:\/\/charneux.be\/preprod\/projet-ecole-zero-watt\/#article","isPartOf":{"@id":"https:\/\/charneux.be\/preprod\/projet-ecole-zero-watt\/"},"author":{"name":"Gilles Collings","@id":"https:\/\/charneux.be\/preprod\/#\/schema\/person\/0b1651317d01999c5d965686422d77cb"},"headline":"Projet \u00e9cole z\u00e9ro watt","datePublished":"2019-12-11T13:07:59+00:00","dateModified":"2020-01-24T14:48:30+00:00","mainEntityOfPage":{"@id":"https:\/\/charneux.be\/preprod\/projet-ecole-zero-watt\/"},"wordCount":75,"commentCount":0,"publisher":{"@id":"https:\/\/charneux.be\/preprod\/#organization"},"articleSection":["En primaire"],"inLanguage":"fr-FR","potentialAction":[{"@type":"CommentAction","name":"Comment","target":["https:\/\/charneux.be\/preprod\/projet-ecole-zero-watt\/#respond"]}]},{"@type":"WebPage","@id":"https:\/\/charneux.be\/preprod\/projet-ecole-zero-watt\/","url":"https:\/\/charneux.be\/preprod\/projet-ecole-zero-watt\/","name":"Projet \u00e9cole z\u00e9ro watt - Charneux","isPartOf":{"@id":"https:\/\/charneux.be\/preprod\/#website"},"datePublished":"2019-12-11T13:07:59+00:00","dateModified":"2020-01-24T14:48:30+00:00","breadcrumb":{"@id":"https:\/\/charneux.be\/preprod\/projet-ecole-zero-watt\/#breadcrumb"},"inLanguage":"fr-FR","potentialAction":[{"@type":"ReadAction","target":["https:\/\/charneux.be\/preprod\/projet-ecole-zero-watt\/"]}]},{"@type":"BreadcrumbList","@id":"https:\/\/charneux.be\/preprod\/projet-ecole-zero-watt\/#breadcrumb","itemListElement":[{"@type":"ListItem","position":1,"name":"Accueil","item":"https:\/\/charneux.be\/preprod\/"},{"@type":"ListItem","position":2,"name":"Projet \u00e9cole z\u00e9ro watt"}]},{"@type":"WebSite","@id":"https:\/\/charneux.be\/preprod\/#website","url":"https:\/\/charneux.be\/preprod\/","name":"Charneux","description":"","publisher":{"@id":"https:\/\/charneux.be\/preprod\/#organization"},"potentialAction":[{"@type":"SearchAction","target":{"@type":"EntryPoint","urlTemplate":"https:\/\/charneux.be\/preprod\/?s={search_term_string}"},"query-input":{"@type":"PropertyValueSpecification","valueRequired":true,"valueName":"search_term_string"}}],"inLanguage":"fr-FR"},{"@type":"Organization","@id":"https:\/\/charneux.be\/preprod\/#organization","name":"Ecole libre de Charneux","url":"https:\/\/charneux.be\/preprod\/","logo":{"@type":"ImageObject","inLanguage":"fr-FR","@id":"https:\/\/charneux.be\/preprod\/#\/schema\/logo\/image\/","url":"https:\/\/charneux.be\/preprod\/wp-content\/uploads\/2024\/08\/cropped-Logo-bleu.png","contentUrl":"https:\/\/charneux.be\/preprod\/wp-content\/uploads\/2024\/08\/cropped-Logo-bleu.png","width":480,"height":799,"caption":"Ecole libre de Charneux"},"image":{"@id":"https:\/\/charneux.be\/preprod\/#\/schema\/logo\/image\/"}},{"@type":"Person","@id":"https:\/\/charneux.be\/preprod\/#\/schema\/person\/0b1651317d01999c5d965686422d77cb","name":"Gilles Collings","image":{"@type":"ImageObject","inLanguage":"fr-FR","@id":"https:\/\/charneux.be\/preprod\/#\/schema\/person\/image\/","url":"https:\/\/secure.gravatar.com\/avatar\/320dcf4529b471bc3f0dc256dbefcb4434faec727325adce4fe24429eae36178?s=96&d=mm&r=g","contentUrl":"https:\/\/secure.gravatar.com\/avatar\/320dcf4529b471bc3f0dc256dbefcb4434faec727325adce4fe24429eae36178?s=96&d=mm&r=g","caption":"Gilles Collings"},"url":"https:\/\/charneux.be\/preprod\/author\/gilles\/"}]}},"_links":{"self":[{"href":"https:\/\/charneux.be\/preprod\/wp-json\/wp\/v2\/posts\/273","targetHints":{"allow":["GET"]}}],"collection":[{"href":"https:\/\/charneux.be\/preprod\/wp-json\/wp\/v2\/posts"}],"about":[{"href":"https:\/\/charneux.be\/preprod\/wp-json\/wp\/v2\/types\/post"}],"author":[{"embeddable":true,"href":"https:\/\/charneux.be\/preprod\/wp-json\/wp\/v2\/users\/3"}],"replies":[{"embeddable":true,"href":"https:\/\/charneux.be\/preprod\/wp-json\/wp\/v2\/comments?post=273"}],"version-history":[{"count":3,"href":"https:\/\/charneux.be\/preprod\/wp-json\/wp\/v2\/posts\/273\/revisions"}],"predecessor-version":[{"id":332,"href":"https:\/\/charneux.be\/preprod\/wp-json\/wp\/v2\/posts\/273\/revisions\/332"}],"wp:attachment":[{"href":"https:\/\/charneux.be\/preprod\/wp-json\/wp\/v2\/media?parent=273"}],"wp:term":[{"taxonomy":"category","embeddable":true,"href":"https:\/\/charneux.be\/preprod\/wp-json\/wp\/v2\/categories?post=273"},{"taxonomy":"post_tag","embeddable":true,"href":"https:\/\/charneux.be\/preprod\/wp-json\/wp\/v2\/tags?post=273"}],"curies":[{"name":"wp","href":"https:\/\/api.w.org\/{rel}","templated":true}]}}