{"id":341,"date":"2020-02-25T23:40:34","date_gmt":"2020-02-25T22:40:34","guid":{"rendered":"http:\/\/charneux.be\/wordpress\/?p=341"},"modified":"2020-03-05T14:06:51","modified_gmt":"2020-03-05T13:06:51","slug":"monsieur-andre-est-aveugle-mais-pas-si-different","status":"publish","type":"post","link":"https:\/\/charneux.be\/preprod\/monsieur-andre-est-aveugle-mais-pas-si-different\/","title":{"rendered":"Monsieur Andr\u00e9 est aveugle, mais pas si diff\u00e9rent !"},"content":{"rendered":"<figure id=\"attachment_348\" aria-describedby=\"caption-attachment-348\" style=\"width: 300px\" class=\"wp-caption alignright\"><a href=\"http:\/\/charneux.be\/wordpress\/wp-content\/uploads\/2020\/02\/P1110324.jpg\"><img fetchpriority=\"high\" decoding=\"async\" class=\"wp-image-348 size-medium\" src=\"http:\/\/charneux.be\/wordpress\/wp-content\/uploads\/2020\/02\/P1110324-300x225.jpg\" alt=\"\" width=\"300\" height=\"225\" srcset=\"https:\/\/charneux.be\/preprod\/wp-content\/uploads\/2020\/02\/P1110324-300x225.jpg 300w, https:\/\/charneux.be\/preprod\/wp-content\/uploads\/2020\/02\/P1110324-768x576.jpg 768w, https:\/\/charneux.be\/preprod\/wp-content\/uploads\/2020\/02\/P1110324-1024x768.jpg 1024w, https:\/\/charneux.be\/preprod\/wp-content\/uploads\/2020\/02\/P1110324.jpg 2048w\" sizes=\"(max-width: 300px) 100vw, 300px\" \/><\/a><figcaption id=\"caption-attachment-348\" class=\"wp-caption-text\">Il \u00e9crit en braille gr\u00e2ce \u00e0 sa machine \u00e0 \u00e9crire. Il a \u00e9crit le pr\u00e9nom de chacun.<\/figcaption><\/figure>\n<p>&nbsp;<\/p>\n<figure id=\"attachment_344\" aria-describedby=\"caption-attachment-344\" style=\"width: 300px\" class=\"wp-caption alignleft\"><a href=\"http:\/\/charneux.be\/wordpress\/wp-content\/uploads\/2020\/02\/P1110323.jpg\"><img decoding=\"async\" class=\"wp-image-344 size-medium\" src=\"http:\/\/charneux.be\/wordpress\/wp-content\/uploads\/2020\/02\/P1110323-300x225.jpg\" alt=\"\" width=\"300\" height=\"225\" srcset=\"https:\/\/charneux.be\/preprod\/wp-content\/uploads\/2020\/02\/P1110323-300x225.jpg 300w, https:\/\/charneux.be\/preprod\/wp-content\/uploads\/2020\/02\/P1110323-768x576.jpg 768w, https:\/\/charneux.be\/preprod\/wp-content\/uploads\/2020\/02\/P1110323-1024x768.jpg 1024w, https:\/\/charneux.be\/preprod\/wp-content\/uploads\/2020\/02\/P1110323.jpg 2048w\" sizes=\"(max-width: 300px) 100vw, 300px\" \/><\/a><figcaption id=\"caption-attachment-344\" class=\"wp-caption-text\">Andr\u00e9 nous reconnait \u00e0 notre voix, notre odeur et en nous touchant les cheveux. Il ne s&rsquo;est tromp\u00e9 qu&rsquo;une fois !<\/figcaption><\/figure>\n<figure id=\"attachment_345\" aria-describedby=\"caption-attachment-345\" style=\"width: 300px\" class=\"wp-caption aligncenter\"><a href=\"http:\/\/charneux.be\/wordpress\/wp-content\/uploads\/2020\/02\/P1110325.jpg\"><img decoding=\"async\" class=\"wp-image-345 size-medium\" src=\"http:\/\/charneux.be\/wordpress\/wp-content\/uploads\/2020\/02\/P1110325-300x225.jpg\" alt=\"Monsieur Andr\u00e9 joue tr\u00e8s bien de la guitare. Il a appris seul\" width=\"300\" height=\"225\" srcset=\"https:\/\/charneux.be\/preprod\/wp-content\/uploads\/2020\/02\/P1110325-300x225.jpg 300w, https:\/\/charneux.be\/preprod\/wp-content\/uploads\/2020\/02\/P1110325-768x576.jpg 768w, https:\/\/charneux.be\/preprod\/wp-content\/uploads\/2020\/02\/P1110325-1024x768.jpg 1024w, https:\/\/charneux.be\/preprod\/wp-content\/uploads\/2020\/02\/P1110325.jpg 2048w\" sizes=\"(max-width: 300px) 100vw, 300px\" \/><\/a><figcaption id=\"caption-attachment-345\" class=\"wp-caption-text\">Andr\u00e9 joue de la guitare. Comme il est incapable de lire une partition, il recherche les notes et accords en \u00e9coutant la chanson.<\/figcaption><\/figure>\n<figure id=\"attachment_349\" aria-describedby=\"caption-attachment-349\" style=\"width: 223px\" class=\"wp-caption alignnone\"><a href=\"http:\/\/charneux.be\/wordpress\/wp-content\/uploads\/2020\/02\/87964500_815657258927126_9199045694277550080_n.jpg\"><img loading=\"lazy\" decoding=\"async\" class=\"wp-image-349 size-medium\" src=\"http:\/\/charneux.be\/wordpress\/wp-content\/uploads\/2020\/02\/87964500_815657258927126_9199045694277550080_n-223x300.jpg\" alt=\"\" width=\"223\" height=\"300\" srcset=\"https:\/\/charneux.be\/preprod\/wp-content\/uploads\/2020\/02\/87964500_815657258927126_9199045694277550080_n-223x300.jpg 223w, https:\/\/charneux.be\/preprod\/wp-content\/uploads\/2020\/02\/87964500_815657258927126_9199045694277550080_n-768x1033.jpg 768w, https:\/\/charneux.be\/preprod\/wp-content\/uploads\/2020\/02\/87964500_815657258927126_9199045694277550080_n-761x1024.jpg 761w, https:\/\/charneux.be\/preprod\/wp-content\/uploads\/2020\/02\/87964500_815657258927126_9199045694277550080_n.jpg 992w\" sizes=\"(max-width: 223px) 100vw, 223px\" \/><\/a><figcaption id=\"caption-attachment-349\" class=\"wp-caption-text\">Andr\u00e9 lit avec ses doigts l&rsquo;\u00e9criture braille. Ce sont des petits points en relief. Il est all\u00e9 \u00e0 l&rsquo;\u00e9cole des mal-voyants.<\/figcaption><\/figure>\n<p><a href=\"http:\/\/charneux.be\/wordpress\/wp-content\/uploads\/2020\/02\/P1110327-1-e1582672039351.jpg\"><img loading=\"lazy\" decoding=\"async\" class=\"alignnone size-medium wp-image-357\" src=\"http:\/\/charneux.be\/wordpress\/wp-content\/uploads\/2020\/02\/P1110327-1-e1582672039351-225x300.jpg\" alt=\"\" width=\"225\" height=\"300\" srcset=\"https:\/\/charneux.be\/preprod\/wp-content\/uploads\/2020\/02\/P1110327-1-e1582672039351-225x300.jpg 225w, https:\/\/charneux.be\/preprod\/wp-content\/uploads\/2020\/02\/P1110327-1-e1582672039351-768x1024.jpg 768w, https:\/\/charneux.be\/preprod\/wp-content\/uploads\/2020\/02\/P1110327-1-e1582672039351.jpg 1536w\" sizes=\"(max-width: 225px) 100vw, 225px\" \/><\/a><\/p>\n<figure id=\"attachment_346\" aria-describedby=\"caption-attachment-346\" style=\"width: 300px\" class=\"wp-caption aligncenter\"><a href=\"http:\/\/charneux.be\/wordpress\/wp-content\/uploads\/2020\/02\/P1110326.jpg\"><img loading=\"lazy\" decoding=\"async\" class=\"wp-image-346 size-medium\" src=\"http:\/\/charneux.be\/wordpress\/wp-content\/uploads\/2020\/02\/P1110326-300x225.jpg\" alt=\"\" width=\"300\" height=\"225\" srcset=\"https:\/\/charneux.be\/preprod\/wp-content\/uploads\/2020\/02\/P1110326-300x225.jpg 300w, https:\/\/charneux.be\/preprod\/wp-content\/uploads\/2020\/02\/P1110326-768x576.jpg 768w, https:\/\/charneux.be\/preprod\/wp-content\/uploads\/2020\/02\/P1110326-1024x768.jpg 1024w, https:\/\/charneux.be\/preprod\/wp-content\/uploads\/2020\/02\/P1110326.jpg 2048w\" sizes=\"(max-width: 300px) 100vw, 300px\" \/><\/a><figcaption id=\"caption-attachment-346\" class=\"wp-caption-text\">Nous avons model\u00e9 des animaux en p\u00e2te \u00e0 sel, et Andr\u00e9 a essay\u00e9 de les reconna\u00eetre.<\/figcaption><\/figure>\n","protected":false},"excerpt":{"rendered":"<p>&nbsp;<\/p>\n","protected":false},"author":13,"featured_media":345,"comment_status":"open","ping_status":"open","sticky":false,"template":"","format":"standard","meta":{"footnotes":""},"categories":[2],"tags":[7],"class_list":["post-341","post","type-post","status-publish","format-standard","has-post-thumbnail","hentry","category-primaire","tag-andre-lit-du-bout-des-doigts-lecriture-braille"],"yoast_head":"<!-- This site is optimized with the Yoast SEO plugin v23.6 - https:\/\/yoast.com\/wordpress\/plugins\/seo\/ -->\n<title>Monsieur Andr\u00e9 est aveugle, mais pas si diff\u00e9rent ! - Charneux<\/title>\n<meta name=\"robots\" content=\"noindex, follow, max-snippet:-1, max-image-preview:large, max-video-preview:-1\" \/>\n<meta property=\"og:locale\" content=\"fr_FR\" \/>\n<meta property=\"og:type\" content=\"article\" \/>\n<meta property=\"og:title\" content=\"Monsieur Andr\u00e9 est aveugle, mais pas si diff\u00e9rent ! - Charneux\" \/>\n<meta property=\"og:description\" content=\"&nbsp;\" \/>\n<meta property=\"og:url\" content=\"https:\/\/charneux.be\/preprod\/monsieur-andre-est-aveugle-mais-pas-si-different\/\" \/>\n<meta property=\"og:site_name\" content=\"Charneux\" \/>\n<meta property=\"article:published_time\" content=\"2020-02-25T22:40:34+00:00\" \/>\n<meta property=\"article:modified_time\" content=\"2020-03-05T13:06:51+00:00\" \/>\n<meta property=\"og:image\" content=\"https:\/\/charneux.be\/preprod\/wp-content\/uploads\/2020\/02\/P1110325.jpg\" \/>\n\t<meta property=\"og:image:width\" content=\"2048\" \/>\n\t<meta property=\"og:image:height\" content=\"1536\" \/>\n\t<meta property=\"og:image:type\" content=\"image\/jpeg\" \/>\n<meta name=\"author\" content=\"Mariette Delhez\" \/>\n<meta name=\"twitter:label1\" content=\"\u00c9crit par\" \/>\n\t<meta name=\"twitter:data1\" content=\"Mariette Delhez\" \/>\n\t<meta name=\"twitter:label2\" content=\"Dur\u00e9e de lecture estim\u00e9e\" \/>\n\t<meta name=\"twitter:data2\" content=\"1 minute\" \/>\n<script type=\"application\/ld+json\" class=\"yoast-schema-graph\">{\"@context\":\"https:\/\/schema.org\",\"@graph\":[{\"@type\":\"Article\",\"@id\":\"https:\/\/charneux.be\/preprod\/monsieur-andre-est-aveugle-mais-pas-si-different\/#article\",\"isPartOf\":{\"@id\":\"https:\/\/charneux.be\/preprod\/monsieur-andre-est-aveugle-mais-pas-si-different\/\"},\"author\":{\"name\":\"Mariette Delhez\",\"@id\":\"https:\/\/charneux.be\/preprod\/#\/schema\/person\/112285787eee499ea293d44be91e65f2\"},\"headline\":\"Monsieur Andr\u00e9 est aveugle, mais pas si diff\u00e9rent !\",\"datePublished\":\"2020-02-25T22:40:34+00:00\",\"dateModified\":\"2020-03-05T13:06:51+00:00\",\"mainEntityOfPage\":{\"@id\":\"https:\/\/charneux.be\/preprod\/monsieur-andre-est-aveugle-mais-pas-si-different\/\"},\"wordCount\":145,\"commentCount\":0,\"publisher\":{\"@id\":\"https:\/\/charneux.be\/preprod\/#organization\"},\"image\":{\"@id\":\"https:\/\/charneux.be\/preprod\/monsieur-andre-est-aveugle-mais-pas-si-different\/#primaryimage\"},\"thumbnailUrl\":\"https:\/\/charneux.be\/preprod\/wp-content\/uploads\/2020\/02\/P1110325.jpg\",\"keywords\":[\"Andr\u00e9 lit du bout des doigts l'\u00e9criture braille.\"],\"articleSection\":[\"En primaire\"],\"inLanguage\":\"fr-FR\",\"potentialAction\":[{\"@type\":\"CommentAction\",\"name\":\"Comment\",\"target\":[\"https:\/\/charneux.be\/preprod\/monsieur-andre-est-aveugle-mais-pas-si-different\/#respond\"]}]},{\"@type\":\"WebPage\",\"@id\":\"https:\/\/charneux.be\/preprod\/monsieur-andre-est-aveugle-mais-pas-si-different\/\",\"url\":\"https:\/\/charneux.be\/preprod\/monsieur-andre-est-aveugle-mais-pas-si-different\/\",\"name\":\"Monsieur Andr\u00e9 est aveugle, mais pas si diff\u00e9rent ! - Charneux\",\"isPartOf\":{\"@id\":\"https:\/\/charneux.be\/preprod\/#website\"},\"primaryImageOfPage\":{\"@id\":\"https:\/\/charneux.be\/preprod\/monsieur-andre-est-aveugle-mais-pas-si-different\/#primaryimage\"},\"image\":{\"@id\":\"https:\/\/charneux.be\/preprod\/monsieur-andre-est-aveugle-mais-pas-si-different\/#primaryimage\"},\"thumbnailUrl\":\"https:\/\/charneux.be\/preprod\/wp-content\/uploads\/2020\/02\/P1110325.jpg\",\"datePublished\":\"2020-02-25T22:40:34+00:00\",\"dateModified\":\"2020-03-05T13:06:51+00:00\",\"breadcrumb\":{\"@id\":\"https:\/\/charneux.be\/preprod\/monsieur-andre-est-aveugle-mais-pas-si-different\/#breadcrumb\"},\"inLanguage\":\"fr-FR\",\"potentialAction\":[{\"@type\":\"ReadAction\",\"target\":[\"https:\/\/charneux.be\/preprod\/monsieur-andre-est-aveugle-mais-pas-si-different\/\"]}]},{\"@type\":\"ImageObject\",\"inLanguage\":\"fr-FR\",\"@id\":\"https:\/\/charneux.be\/preprod\/monsieur-andre-est-aveugle-mais-pas-si-different\/#primaryimage\",\"url\":\"https:\/\/charneux.be\/preprod\/wp-content\/uploads\/2020\/02\/P1110325.jpg\",\"contentUrl\":\"https:\/\/charneux.be\/preprod\/wp-content\/uploads\/2020\/02\/P1110325.jpg\",\"width\":2048,\"height\":1536,\"caption\":\"Monsieur Andr\u00e9 joue tr\u00e8s bien de la guitare. Il a appris seul\"},{\"@type\":\"BreadcrumbList\",\"@id\":\"https:\/\/charneux.be\/preprod\/monsieur-andre-est-aveugle-mais-pas-si-different\/#breadcrumb\",\"itemListElement\":[{\"@type\":\"ListItem\",\"position\":1,\"name\":\"Accueil\",\"item\":\"https:\/\/charneux.be\/preprod\/\"},{\"@type\":\"ListItem\",\"position\":2,\"name\":\"Monsieur Andr\u00e9 est aveugle, mais pas si diff\u00e9rent !\"}]},{\"@type\":\"WebSite\",\"@id\":\"https:\/\/charneux.be\/preprod\/#website\",\"url\":\"https:\/\/charneux.be\/preprod\/\",\"name\":\"Charneux\",\"description\":\"\",\"publisher\":{\"@id\":\"https:\/\/charneux.be\/preprod\/#organization\"},\"potentialAction\":[{\"@type\":\"SearchAction\",\"target\":{\"@type\":\"EntryPoint\",\"urlTemplate\":\"https:\/\/charneux.be\/preprod\/?s={search_term_string}\"},\"query-input\":{\"@type\":\"PropertyValueSpecification\",\"valueRequired\":true,\"valueName\":\"search_term_string\"}}],\"inLanguage\":\"fr-FR\"},{\"@type\":\"Organization\",\"@id\":\"https:\/\/charneux.be\/preprod\/#organization\",\"name\":\"Ecole libre de Charneux\",\"url\":\"https:\/\/charneux.be\/preprod\/\",\"logo\":{\"@type\":\"ImageObject\",\"inLanguage\":\"fr-FR\",\"@id\":\"https:\/\/charneux.be\/preprod\/#\/schema\/logo\/image\/\",\"url\":\"https:\/\/charneux.be\/preprod\/wp-content\/uploads\/2024\/08\/cropped-Logo-bleu.png\",\"contentUrl\":\"https:\/\/charneux.be\/preprod\/wp-content\/uploads\/2024\/08\/cropped-Logo-bleu.png\",\"width\":480,\"height\":799,\"caption\":\"Ecole libre de Charneux\"},\"image\":{\"@id\":\"https:\/\/charneux.be\/preprod\/#\/schema\/logo\/image\/\"}},{\"@type\":\"Person\",\"@id\":\"https:\/\/charneux.be\/preprod\/#\/schema\/person\/112285787eee499ea293d44be91e65f2\",\"name\":\"Mariette Delhez\",\"image\":{\"@type\":\"ImageObject\",\"inLanguage\":\"fr-FR\",\"@id\":\"https:\/\/charneux.be\/preprod\/#\/schema\/person\/image\/\",\"url\":\"https:\/\/secure.gravatar.com\/avatar\/a899e88cc8b9af838e499f0abe160da7f528eecdc73fd9eb26c0232abddc2b2f?s=96&d=mm&r=g\",\"contentUrl\":\"https:\/\/secure.gravatar.com\/avatar\/a899e88cc8b9af838e499f0abe160da7f528eecdc73fd9eb26c0232abddc2b2f?s=96&d=mm&r=g\",\"caption\":\"Mariette Delhez\"},\"url\":\"https:\/\/charneux.be\/preprod\/author\/mariette-delhez\/\"}]}<\/script>\n<!-- \/ Yoast SEO plugin. -->","yoast_head_json":{"title":"Monsieur Andr\u00e9 est aveugle, mais pas si diff\u00e9rent ! - Charneux","robots":{"index":"noindex","follow":"follow","max-snippet":"max-snippet:-1","max-image-preview":"max-image-preview:large","max-video-preview":"max-video-preview:-1"},"og_locale":"fr_FR","og_type":"article","og_title":"Monsieur Andr\u00e9 est aveugle, mais pas si diff\u00e9rent ! - Charneux","og_description":"&nbsp;","og_url":"https:\/\/charneux.be\/preprod\/monsieur-andre-est-aveugle-mais-pas-si-different\/","og_site_name":"Charneux","article_published_time":"2020-02-25T22:40:34+00:00","article_modified_time":"2020-03-05T13:06:51+00:00","og_image":[{"width":2048,"height":1536,"url":"https:\/\/charneux.be\/preprod\/wp-content\/uploads\/2020\/02\/P1110325.jpg","type":"image\/jpeg"}],"author":"Mariette Delhez","twitter_misc":{"\u00c9crit par":"Mariette Delhez","Dur\u00e9e de lecture estim\u00e9e":"1 minute"},"schema":{"@context":"https:\/\/schema.org","@graph":[{"@type":"Article","@id":"https:\/\/charneux.be\/preprod\/monsieur-andre-est-aveugle-mais-pas-si-different\/#article","isPartOf":{"@id":"https:\/\/charneux.be\/preprod\/monsieur-andre-est-aveugle-mais-pas-si-different\/"},"author":{"name":"Mariette Delhez","@id":"https:\/\/charneux.be\/preprod\/#\/schema\/person\/112285787eee499ea293d44be91e65f2"},"headline":"Monsieur Andr\u00e9 est aveugle, mais pas si diff\u00e9rent !","datePublished":"2020-02-25T22:40:34+00:00","dateModified":"2020-03-05T13:06:51+00:00","mainEntityOfPage":{"@id":"https:\/\/charneux.be\/preprod\/monsieur-andre-est-aveugle-mais-pas-si-different\/"},"wordCount":145,"commentCount":0,"publisher":{"@id":"https:\/\/charneux.be\/preprod\/#organization"},"image":{"@id":"https:\/\/charneux.be\/preprod\/monsieur-andre-est-aveugle-mais-pas-si-different\/#primaryimage"},"thumbnailUrl":"https:\/\/charneux.be\/preprod\/wp-content\/uploads\/2020\/02\/P1110325.jpg","keywords":["Andr\u00e9 lit du bout des doigts l'\u00e9criture braille."],"articleSection":["En primaire"],"inLanguage":"fr-FR","potentialAction":[{"@type":"CommentAction","name":"Comment","target":["https:\/\/charneux.be\/preprod\/monsieur-andre-est-aveugle-mais-pas-si-different\/#respond"]}]},{"@type":"WebPage","@id":"https:\/\/charneux.be\/preprod\/monsieur-andre-est-aveugle-mais-pas-si-different\/","url":"https:\/\/charneux.be\/preprod\/monsieur-andre-est-aveugle-mais-pas-si-different\/","name":"Monsieur Andr\u00e9 est aveugle, mais pas si diff\u00e9rent ! - Charneux","isPartOf":{"@id":"https:\/\/charneux.be\/preprod\/#website"},"primaryImageOfPage":{"@id":"https:\/\/charneux.be\/preprod\/monsieur-andre-est-aveugle-mais-pas-si-different\/#primaryimage"},"image":{"@id":"https:\/\/charneux.be\/preprod\/monsieur-andre-est-aveugle-mais-pas-si-different\/#primaryimage"},"thumbnailUrl":"https:\/\/charneux.be\/preprod\/wp-content\/uploads\/2020\/02\/P1110325.jpg","datePublished":"2020-02-25T22:40:34+00:00","dateModified":"2020-03-05T13:06:51+00:00","breadcrumb":{"@id":"https:\/\/charneux.be\/preprod\/monsieur-andre-est-aveugle-mais-pas-si-different\/#breadcrumb"},"inLanguage":"fr-FR","potentialAction":[{"@type":"ReadAction","target":["https:\/\/charneux.be\/preprod\/monsieur-andre-est-aveugle-mais-pas-si-different\/"]}]},{"@type":"ImageObject","inLanguage":"fr-FR","@id":"https:\/\/charneux.be\/preprod\/monsieur-andre-est-aveugle-mais-pas-si-different\/#primaryimage","url":"https:\/\/charneux.be\/preprod\/wp-content\/uploads\/2020\/02\/P1110325.jpg","contentUrl":"https:\/\/charneux.be\/preprod\/wp-content\/uploads\/2020\/02\/P1110325.jpg","width":2048,"height":1536,"caption":"Monsieur Andr\u00e9 joue tr\u00e8s bien de la guitare. Il a appris seul"},{"@type":"BreadcrumbList","@id":"https:\/\/charneux.be\/preprod\/monsieur-andre-est-aveugle-mais-pas-si-different\/#breadcrumb","itemListElement":[{"@type":"ListItem","position":1,"name":"Accueil","item":"https:\/\/charneux.be\/preprod\/"},{"@type":"ListItem","position":2,"name":"Monsieur Andr\u00e9 est aveugle, mais pas si diff\u00e9rent !"}]},{"@type":"WebSite","@id":"https:\/\/charneux.be\/preprod\/#website","url":"https:\/\/charneux.be\/preprod\/","name":"Charneux","description":"","publisher":{"@id":"https:\/\/charneux.be\/preprod\/#organization"},"potentialAction":[{"@type":"SearchAction","target":{"@type":"EntryPoint","urlTemplate":"https:\/\/charneux.be\/preprod\/?s={search_term_string}"},"query-input":{"@type":"PropertyValueSpecification","valueRequired":true,"valueName":"search_term_string"}}],"inLanguage":"fr-FR"},{"@type":"Organization","@id":"https:\/\/charneux.be\/preprod\/#organization","name":"Ecole libre de Charneux","url":"https:\/\/charneux.be\/preprod\/","logo":{"@type":"ImageObject","inLanguage":"fr-FR","@id":"https:\/\/charneux.be\/preprod\/#\/schema\/logo\/image\/","url":"https:\/\/charneux.be\/preprod\/wp-content\/uploads\/2024\/08\/cropped-Logo-bleu.png","contentUrl":"https:\/\/charneux.be\/preprod\/wp-content\/uploads\/2024\/08\/cropped-Logo-bleu.png","width":480,"height":799,"caption":"Ecole libre de Charneux"},"image":{"@id":"https:\/\/charneux.be\/preprod\/#\/schema\/logo\/image\/"}},{"@type":"Person","@id":"https:\/\/charneux.be\/preprod\/#\/schema\/person\/112285787eee499ea293d44be91e65f2","name":"Mariette Delhez","image":{"@type":"ImageObject","inLanguage":"fr-FR","@id":"https:\/\/charneux.be\/preprod\/#\/schema\/person\/image\/","url":"https:\/\/secure.gravatar.com\/avatar\/a899e88cc8b9af838e499f0abe160da7f528eecdc73fd9eb26c0232abddc2b2f?s=96&d=mm&r=g","contentUrl":"https:\/\/secure.gravatar.com\/avatar\/a899e88cc8b9af838e499f0abe160da7f528eecdc73fd9eb26c0232abddc2b2f?s=96&d=mm&r=g","caption":"Mariette Delhez"},"url":"https:\/\/charneux.be\/preprod\/author\/mariette-delhez\/"}]}},"_links":{"self":[{"href":"https:\/\/charneux.be\/preprod\/wp-json\/wp\/v2\/posts\/341","targetHints":{"allow":["GET"]}}],"collection":[{"href":"https:\/\/charneux.be\/preprod\/wp-json\/wp\/v2\/posts"}],"about":[{"href":"https:\/\/charneux.be\/preprod\/wp-json\/wp\/v2\/types\/post"}],"author":[{"embeddable":true,"href":"https:\/\/charneux.be\/preprod\/wp-json\/wp\/v2\/users\/13"}],"replies":[{"embeddable":true,"href":"https:\/\/charneux.be\/preprod\/wp-json\/wp\/v2\/comments?post=341"}],"version-history":[{"count":3,"href":"https:\/\/charneux.be\/preprod\/wp-json\/wp\/v2\/posts\/341\/revisions"}],"predecessor-version":[{"id":359,"href":"https:\/\/charneux.be\/preprod\/wp-json\/wp\/v2\/posts\/341\/revisions\/359"}],"wp:featuredmedia":[{"embeddable":true,"href":"https:\/\/charneux.be\/preprod\/wp-json\/wp\/v2\/media\/345"}],"wp:attachment":[{"href":"https:\/\/charneux.be\/preprod\/wp-json\/wp\/v2\/media?parent=341"}],"wp:term":[{"taxonomy":"category","embeddable":true,"href":"https:\/\/charneux.be\/preprod\/wp-json\/wp\/v2\/categories?post=341"},{"taxonomy":"post_tag","embeddable":true,"href":"https:\/\/charneux.be\/preprod\/wp-json\/wp\/v2\/tags?post=341"}],"curies":[{"name":"wp","href":"https:\/\/api.w.org\/{rel}","templated":true}]}}