{"id":351,"date":"2020-02-26T00:03:40","date_gmt":"2020-02-25T23:03:40","guid":{"rendered":"http:\/\/charneux.be\/wordpress\/?p=351"},"modified":"2020-03-05T14:06:07","modified_gmt":"2020-03-05T13:06:07","slug":"les-p2-en-visite-au-cabinet-dentaire-disabelle-randaxhe","status":"publish","type":"post","link":"https:\/\/charneux.be\/preprod\/les-p2-en-visite-au-cabinet-dentaire-disabelle-randaxhe\/","title":{"rendered":"Les P2 en visite au cabinet dentaire d&rsquo;Isabelle Randaxhe"},"content":{"rendered":"<p>Les enfants de 2\u00e8me ann\u00e9e sont all\u00e9s visiter le cabinet dentaire de la maman de L\u00e9a situ\u00e9 \u00e0 Renouprez.<\/p>\n<p>Elle leur a appris le nom des diff\u00e9rents instruments utilis\u00e9s, le nom des dents et leur r\u00f4le, ce qu&rsquo;est une carie et surtout comment l&rsquo; \u00e9viter avec un brossage efficace.\u00a0 L\u00e9a a servi de mod\u00e8le \u00e0 sa maman afin de\u00a0 \u00a0rendre confiance aux plus peureux d&rsquo;entres nous. Merci de nous avoir accueillis !<\/p>\n<div id='gallery-1' class='gallery galleryid-351 gallery-columns-3 gallery-size-thumbnail'><figure class='gallery-item'>\n\t\t\t<div class='gallery-icon landscape'>\n\t\t\t\t<a href='https:\/\/charneux.be\/preprod\/les-p2-en-visite-au-cabinet-dentaire-disabelle-randaxhe\/p1110337\/'><img decoding=\"async\" width=\"150\" height=\"150\" src=\"https:\/\/charneux.be\/preprod\/wp-content\/uploads\/2020\/02\/P1110337-150x150.jpg\" class=\"attachment-thumbnail size-thumbnail\" alt=\"\" \/><\/a>\n\t\t\t<\/div><\/figure><figure class='gallery-item'>\n\t\t\t<div class='gallery-icon portrait'>\n\t\t\t\t<a href='https:\/\/charneux.be\/preprod\/les-p2-en-visite-au-cabinet-dentaire-disabelle-randaxhe\/p1110336\/'><img decoding=\"async\" width=\"150\" height=\"150\" src=\"https:\/\/charneux.be\/preprod\/wp-content\/uploads\/2020\/02\/P1110336-e1582671737498-150x150.jpg\" class=\"attachment-thumbnail size-thumbnail\" alt=\"\" \/><\/a>\n\t\t\t<\/div><\/figure><figure class='gallery-item'>\n\t\t\t<div class='gallery-icon landscape'>\n\t\t\t\t<a href='https:\/\/charneux.be\/preprod\/les-p2-en-visite-au-cabinet-dentaire-disabelle-randaxhe\/p1110335\/'><img decoding=\"async\" width=\"150\" height=\"150\" src=\"https:\/\/charneux.be\/preprod\/wp-content\/uploads\/2020\/02\/P1110335-150x150.jpg\" class=\"attachment-thumbnail size-thumbnail\" alt=\"\" \/><\/a>\n\t\t\t<\/div><\/figure><figure class='gallery-item'>\n\t\t\t<div class='gallery-icon portrait'>\n\t\t\t\t<a href='https:\/\/charneux.be\/preprod\/les-p2-en-visite-au-cabinet-dentaire-disabelle-randaxhe\/p1110338\/'><img loading=\"lazy\" decoding=\"async\" width=\"150\" height=\"150\" src=\"https:\/\/charneux.be\/preprod\/wp-content\/uploads\/2020\/02\/P1110338-e1582671718880-150x150.jpg\" class=\"attachment-thumbnail size-thumbnail\" alt=\"\" \/><\/a>\n\t\t\t<\/div><\/figure>\n\t\t<\/div>\n\n","protected":false},"excerpt":{"rendered":"<p>Les enfants de 2\u00e8me ann\u00e9e sont all\u00e9s visiter le cabinet dentaire de la maman de L\u00e9a situ\u00e9 \u00e0 Renouprez. Elle leur a appris le nom des diff\u00e9rents instruments utilis\u00e9s, le nom des dents et leur r\u00f4le, ce qu&rsquo;est une carie et surtout comment l&rsquo; \u00e9viter avec un brossage efficace.\u00a0 L\u00e9a a servi de mod\u00e8le \u00e0 [&hellip;]<\/p>\n","protected":false},"author":13,"featured_media":353,"comment_status":"open","ping_status":"open","sticky":false,"template":"","format":"standard","meta":{"footnotes":""},"categories":[4,2],"tags":[],"class_list":["post-351","post","type-post","status-publish","format-standard","has-post-thumbnail","hentry","category-ecole","category-primaire"],"yoast_head":"<!-- This site is optimized with the Yoast SEO plugin v23.6 - https:\/\/yoast.com\/wordpress\/plugins\/seo\/ -->\n<title>Les P2 en visite au cabinet dentaire d&#039;Isabelle Randaxhe - Charneux<\/title>\n<meta name=\"robots\" content=\"noindex, follow, max-snippet:-1, max-image-preview:large, max-video-preview:-1\" \/>\n<meta property=\"og:locale\" content=\"fr_FR\" \/>\n<meta property=\"og:type\" content=\"article\" \/>\n<meta property=\"og:title\" content=\"Les P2 en visite au cabinet dentaire d&#039;Isabelle Randaxhe - Charneux\" \/>\n<meta property=\"og:description\" content=\"Les enfants de 2\u00e8me ann\u00e9e sont all\u00e9s visiter le cabinet dentaire de la maman de L\u00e9a situ\u00e9 \u00e0 Renouprez. Elle leur a appris le nom des diff\u00e9rents instruments utilis\u00e9s, le nom des dents et leur r\u00f4le, ce qu&rsquo;est une carie et surtout comment l&rsquo; \u00e9viter avec un brossage efficace.\u00a0 L\u00e9a a servi de mod\u00e8le \u00e0 [&hellip;]\" \/>\n<meta property=\"og:url\" content=\"https:\/\/charneux.be\/preprod\/les-p2-en-visite-au-cabinet-dentaire-disabelle-randaxhe\/\" \/>\n<meta property=\"og:site_name\" content=\"Charneux\" \/>\n<meta property=\"article:published_time\" content=\"2020-02-25T23:03:40+00:00\" \/>\n<meta property=\"article:modified_time\" content=\"2020-03-05T13:06:07+00:00\" \/>\n<meta property=\"og:image\" content=\"https:\/\/charneux.be\/preprod\/wp-content\/uploads\/2020\/02\/P1110336-e1582671737498.jpg\" \/>\n\t<meta property=\"og:image:width\" content=\"1536\" \/>\n\t<meta property=\"og:image:height\" content=\"2048\" \/>\n\t<meta property=\"og:image:type\" content=\"image\/jpeg\" \/>\n<meta name=\"author\" content=\"Mariette Delhez\" \/>\n<meta name=\"twitter:label1\" content=\"\u00c9crit par\" \/>\n\t<meta name=\"twitter:data1\" content=\"Mariette Delhez\" \/>\n<script type=\"application\/ld+json\" class=\"yoast-schema-graph\">{\"@context\":\"https:\/\/schema.org\",\"@graph\":[{\"@type\":\"Article\",\"@id\":\"https:\/\/charneux.be\/preprod\/les-p2-en-visite-au-cabinet-dentaire-disabelle-randaxhe\/#article\",\"isPartOf\":{\"@id\":\"https:\/\/charneux.be\/preprod\/les-p2-en-visite-au-cabinet-dentaire-disabelle-randaxhe\/\"},\"author\":{\"name\":\"Mariette Delhez\",\"@id\":\"https:\/\/charneux.be\/preprod\/#\/schema\/person\/112285787eee499ea293d44be91e65f2\"},\"headline\":\"Les P2 en visite au cabinet dentaire d&rsquo;Isabelle Randaxhe\",\"datePublished\":\"2020-02-25T23:03:40+00:00\",\"dateModified\":\"2020-03-05T13:06:07+00:00\",\"mainEntityOfPage\":{\"@id\":\"https:\/\/charneux.be\/preprod\/les-p2-en-visite-au-cabinet-dentaire-disabelle-randaxhe\/\"},\"wordCount\":91,\"commentCount\":0,\"publisher\":{\"@id\":\"https:\/\/charneux.be\/preprod\/#organization\"},\"image\":{\"@id\":\"https:\/\/charneux.be\/preprod\/les-p2-en-visite-au-cabinet-dentaire-disabelle-randaxhe\/#primaryimage\"},\"thumbnailUrl\":\"https:\/\/charneux.be\/preprod\/wp-content\/uploads\/2020\/02\/P1110336-e1582671737498.jpg\",\"articleSection\":[\"Dans l'\u00e9cole\",\"En primaire\"],\"inLanguage\":\"fr-FR\",\"potentialAction\":[{\"@type\":\"CommentAction\",\"name\":\"Comment\",\"target\":[\"https:\/\/charneux.be\/preprod\/les-p2-en-visite-au-cabinet-dentaire-disabelle-randaxhe\/#respond\"]}]},{\"@type\":\"WebPage\",\"@id\":\"https:\/\/charneux.be\/preprod\/les-p2-en-visite-au-cabinet-dentaire-disabelle-randaxhe\/\",\"url\":\"https:\/\/charneux.be\/preprod\/les-p2-en-visite-au-cabinet-dentaire-disabelle-randaxhe\/\",\"name\":\"Les P2 en visite au cabinet dentaire d'Isabelle Randaxhe - Charneux\",\"isPartOf\":{\"@id\":\"https:\/\/charneux.be\/preprod\/#website\"},\"primaryImageOfPage\":{\"@id\":\"https:\/\/charneux.be\/preprod\/les-p2-en-visite-au-cabinet-dentaire-disabelle-randaxhe\/#primaryimage\"},\"image\":{\"@id\":\"https:\/\/charneux.be\/preprod\/les-p2-en-visite-au-cabinet-dentaire-disabelle-randaxhe\/#primaryimage\"},\"thumbnailUrl\":\"https:\/\/charneux.be\/preprod\/wp-content\/uploads\/2020\/02\/P1110336-e1582671737498.jpg\",\"datePublished\":\"2020-02-25T23:03:40+00:00\",\"dateModified\":\"2020-03-05T13:06:07+00:00\",\"breadcrumb\":{\"@id\":\"https:\/\/charneux.be\/preprod\/les-p2-en-visite-au-cabinet-dentaire-disabelle-randaxhe\/#breadcrumb\"},\"inLanguage\":\"fr-FR\",\"potentialAction\":[{\"@type\":\"ReadAction\",\"target\":[\"https:\/\/charneux.be\/preprod\/les-p2-en-visite-au-cabinet-dentaire-disabelle-randaxhe\/\"]}]},{\"@type\":\"ImageObject\",\"inLanguage\":\"fr-FR\",\"@id\":\"https:\/\/charneux.be\/preprod\/les-p2-en-visite-au-cabinet-dentaire-disabelle-randaxhe\/#primaryimage\",\"url\":\"https:\/\/charneux.be\/preprod\/wp-content\/uploads\/2020\/02\/P1110336-e1582671737498.jpg\",\"contentUrl\":\"https:\/\/charneux.be\/preprod\/wp-content\/uploads\/2020\/02\/P1110336-e1582671737498.jpg\",\"width\":1536,\"height\":2048},{\"@type\":\"BreadcrumbList\",\"@id\":\"https:\/\/charneux.be\/preprod\/les-p2-en-visite-au-cabinet-dentaire-disabelle-randaxhe\/#breadcrumb\",\"itemListElement\":[{\"@type\":\"ListItem\",\"position\":1,\"name\":\"Accueil\",\"item\":\"https:\/\/charneux.be\/preprod\/\"},{\"@type\":\"ListItem\",\"position\":2,\"name\":\"Les P2 en visite au cabinet dentaire d&rsquo;Isabelle Randaxhe\"}]},{\"@type\":\"WebSite\",\"@id\":\"https:\/\/charneux.be\/preprod\/#website\",\"url\":\"https:\/\/charneux.be\/preprod\/\",\"name\":\"Charneux\",\"description\":\"\",\"publisher\":{\"@id\":\"https:\/\/charneux.be\/preprod\/#organization\"},\"potentialAction\":[{\"@type\":\"SearchAction\",\"target\":{\"@type\":\"EntryPoint\",\"urlTemplate\":\"https:\/\/charneux.be\/preprod\/?s={search_term_string}\"},\"query-input\":{\"@type\":\"PropertyValueSpecification\",\"valueRequired\":true,\"valueName\":\"search_term_string\"}}],\"inLanguage\":\"fr-FR\"},{\"@type\":\"Organization\",\"@id\":\"https:\/\/charneux.be\/preprod\/#organization\",\"name\":\"Ecole libre de Charneux\",\"url\":\"https:\/\/charneux.be\/preprod\/\",\"logo\":{\"@type\":\"ImageObject\",\"inLanguage\":\"fr-FR\",\"@id\":\"https:\/\/charneux.be\/preprod\/#\/schema\/logo\/image\/\",\"url\":\"https:\/\/charneux.be\/preprod\/wp-content\/uploads\/2024\/08\/cropped-Logo-bleu.png\",\"contentUrl\":\"https:\/\/charneux.be\/preprod\/wp-content\/uploads\/2024\/08\/cropped-Logo-bleu.png\",\"width\":480,\"height\":799,\"caption\":\"Ecole libre de Charneux\"},\"image\":{\"@id\":\"https:\/\/charneux.be\/preprod\/#\/schema\/logo\/image\/\"}},{\"@type\":\"Person\",\"@id\":\"https:\/\/charneux.be\/preprod\/#\/schema\/person\/112285787eee499ea293d44be91e65f2\",\"name\":\"Mariette Delhez\",\"image\":{\"@type\":\"ImageObject\",\"inLanguage\":\"fr-FR\",\"@id\":\"https:\/\/charneux.be\/preprod\/#\/schema\/person\/image\/\",\"url\":\"https:\/\/secure.gravatar.com\/avatar\/a899e88cc8b9af838e499f0abe160da7f528eecdc73fd9eb26c0232abddc2b2f?s=96&d=mm&r=g\",\"contentUrl\":\"https:\/\/secure.gravatar.com\/avatar\/a899e88cc8b9af838e499f0abe160da7f528eecdc73fd9eb26c0232abddc2b2f?s=96&d=mm&r=g\",\"caption\":\"Mariette Delhez\"},\"url\":\"https:\/\/charneux.be\/preprod\/author\/mariette-delhez\/\"}]}<\/script>\n<!-- \/ Yoast SEO plugin. -->","yoast_head_json":{"title":"Les P2 en visite au cabinet dentaire d'Isabelle Randaxhe - Charneux","robots":{"index":"noindex","follow":"follow","max-snippet":"max-snippet:-1","max-image-preview":"max-image-preview:large","max-video-preview":"max-video-preview:-1"},"og_locale":"fr_FR","og_type":"article","og_title":"Les P2 en visite au cabinet dentaire d'Isabelle Randaxhe - Charneux","og_description":"Les enfants de 2\u00e8me ann\u00e9e sont all\u00e9s visiter le cabinet dentaire de la maman de L\u00e9a situ\u00e9 \u00e0 Renouprez. Elle leur a appris le nom des diff\u00e9rents instruments utilis\u00e9s, le nom des dents et leur r\u00f4le, ce qu&rsquo;est une carie et surtout comment l&rsquo; \u00e9viter avec un brossage efficace.\u00a0 L\u00e9a a servi de mod\u00e8le \u00e0 [&hellip;]","og_url":"https:\/\/charneux.be\/preprod\/les-p2-en-visite-au-cabinet-dentaire-disabelle-randaxhe\/","og_site_name":"Charneux","article_published_time":"2020-02-25T23:03:40+00:00","article_modified_time":"2020-03-05T13:06:07+00:00","og_image":[{"width":1536,"height":2048,"url":"https:\/\/charneux.be\/preprod\/wp-content\/uploads\/2020\/02\/P1110336-e1582671737498.jpg","type":"image\/jpeg"}],"author":"Mariette Delhez","twitter_misc":{"\u00c9crit par":"Mariette Delhez"},"schema":{"@context":"https:\/\/schema.org","@graph":[{"@type":"Article","@id":"https:\/\/charneux.be\/preprod\/les-p2-en-visite-au-cabinet-dentaire-disabelle-randaxhe\/#article","isPartOf":{"@id":"https:\/\/charneux.be\/preprod\/les-p2-en-visite-au-cabinet-dentaire-disabelle-randaxhe\/"},"author":{"name":"Mariette Delhez","@id":"https:\/\/charneux.be\/preprod\/#\/schema\/person\/112285787eee499ea293d44be91e65f2"},"headline":"Les P2 en visite au cabinet dentaire d&rsquo;Isabelle Randaxhe","datePublished":"2020-02-25T23:03:40+00:00","dateModified":"2020-03-05T13:06:07+00:00","mainEntityOfPage":{"@id":"https:\/\/charneux.be\/preprod\/les-p2-en-visite-au-cabinet-dentaire-disabelle-randaxhe\/"},"wordCount":91,"commentCount":0,"publisher":{"@id":"https:\/\/charneux.be\/preprod\/#organization"},"image":{"@id":"https:\/\/charneux.be\/preprod\/les-p2-en-visite-au-cabinet-dentaire-disabelle-randaxhe\/#primaryimage"},"thumbnailUrl":"https:\/\/charneux.be\/preprod\/wp-content\/uploads\/2020\/02\/P1110336-e1582671737498.jpg","articleSection":["Dans l'\u00e9cole","En primaire"],"inLanguage":"fr-FR","potentialAction":[{"@type":"CommentAction","name":"Comment","target":["https:\/\/charneux.be\/preprod\/les-p2-en-visite-au-cabinet-dentaire-disabelle-randaxhe\/#respond"]}]},{"@type":"WebPage","@id":"https:\/\/charneux.be\/preprod\/les-p2-en-visite-au-cabinet-dentaire-disabelle-randaxhe\/","url":"https:\/\/charneux.be\/preprod\/les-p2-en-visite-au-cabinet-dentaire-disabelle-randaxhe\/","name":"Les P2 en visite au cabinet dentaire d'Isabelle Randaxhe - Charneux","isPartOf":{"@id":"https:\/\/charneux.be\/preprod\/#website"},"primaryImageOfPage":{"@id":"https:\/\/charneux.be\/preprod\/les-p2-en-visite-au-cabinet-dentaire-disabelle-randaxhe\/#primaryimage"},"image":{"@id":"https:\/\/charneux.be\/preprod\/les-p2-en-visite-au-cabinet-dentaire-disabelle-randaxhe\/#primaryimage"},"thumbnailUrl":"https:\/\/charneux.be\/preprod\/wp-content\/uploads\/2020\/02\/P1110336-e1582671737498.jpg","datePublished":"2020-02-25T23:03:40+00:00","dateModified":"2020-03-05T13:06:07+00:00","breadcrumb":{"@id":"https:\/\/charneux.be\/preprod\/les-p2-en-visite-au-cabinet-dentaire-disabelle-randaxhe\/#breadcrumb"},"inLanguage":"fr-FR","potentialAction":[{"@type":"ReadAction","target":["https:\/\/charneux.be\/preprod\/les-p2-en-visite-au-cabinet-dentaire-disabelle-randaxhe\/"]}]},{"@type":"ImageObject","inLanguage":"fr-FR","@id":"https:\/\/charneux.be\/preprod\/les-p2-en-visite-au-cabinet-dentaire-disabelle-randaxhe\/#primaryimage","url":"https:\/\/charneux.be\/preprod\/wp-content\/uploads\/2020\/02\/P1110336-e1582671737498.jpg","contentUrl":"https:\/\/charneux.be\/preprod\/wp-content\/uploads\/2020\/02\/P1110336-e1582671737498.jpg","width":1536,"height":2048},{"@type":"BreadcrumbList","@id":"https:\/\/charneux.be\/preprod\/les-p2-en-visite-au-cabinet-dentaire-disabelle-randaxhe\/#breadcrumb","itemListElement":[{"@type":"ListItem","position":1,"name":"Accueil","item":"https:\/\/charneux.be\/preprod\/"},{"@type":"ListItem","position":2,"name":"Les P2 en visite au cabinet dentaire d&rsquo;Isabelle Randaxhe"}]},{"@type":"WebSite","@id":"https:\/\/charneux.be\/preprod\/#website","url":"https:\/\/charneux.be\/preprod\/","name":"Charneux","description":"","publisher":{"@id":"https:\/\/charneux.be\/preprod\/#organization"},"potentialAction":[{"@type":"SearchAction","target":{"@type":"EntryPoint","urlTemplate":"https:\/\/charneux.be\/preprod\/?s={search_term_string}"},"query-input":{"@type":"PropertyValueSpecification","valueRequired":true,"valueName":"search_term_string"}}],"inLanguage":"fr-FR"},{"@type":"Organization","@id":"https:\/\/charneux.be\/preprod\/#organization","name":"Ecole libre de Charneux","url":"https:\/\/charneux.be\/preprod\/","logo":{"@type":"ImageObject","inLanguage":"fr-FR","@id":"https:\/\/charneux.be\/preprod\/#\/schema\/logo\/image\/","url":"https:\/\/charneux.be\/preprod\/wp-content\/uploads\/2024\/08\/cropped-Logo-bleu.png","contentUrl":"https:\/\/charneux.be\/preprod\/wp-content\/uploads\/2024\/08\/cropped-Logo-bleu.png","width":480,"height":799,"caption":"Ecole libre de Charneux"},"image":{"@id":"https:\/\/charneux.be\/preprod\/#\/schema\/logo\/image\/"}},{"@type":"Person","@id":"https:\/\/charneux.be\/preprod\/#\/schema\/person\/112285787eee499ea293d44be91e65f2","name":"Mariette Delhez","image":{"@type":"ImageObject","inLanguage":"fr-FR","@id":"https:\/\/charneux.be\/preprod\/#\/schema\/person\/image\/","url":"https:\/\/secure.gravatar.com\/avatar\/a899e88cc8b9af838e499f0abe160da7f528eecdc73fd9eb26c0232abddc2b2f?s=96&d=mm&r=g","contentUrl":"https:\/\/secure.gravatar.com\/avatar\/a899e88cc8b9af838e499f0abe160da7f528eecdc73fd9eb26c0232abddc2b2f?s=96&d=mm&r=g","caption":"Mariette Delhez"},"url":"https:\/\/charneux.be\/preprod\/author\/mariette-delhez\/"}]}},"_links":{"self":[{"href":"https:\/\/charneux.be\/preprod\/wp-json\/wp\/v2\/posts\/351","targetHints":{"allow":["GET"]}}],"collection":[{"href":"https:\/\/charneux.be\/preprod\/wp-json\/wp\/v2\/posts"}],"about":[{"href":"https:\/\/charneux.be\/preprod\/wp-json\/wp\/v2\/types\/post"}],"author":[{"embeddable":true,"href":"https:\/\/charneux.be\/preprod\/wp-json\/wp\/v2\/users\/13"}],"replies":[{"embeddable":true,"href":"https:\/\/charneux.be\/preprod\/wp-json\/wp\/v2\/comments?post=351"}],"version-history":[{"count":1,"href":"https:\/\/charneux.be\/preprod\/wp-json\/wp\/v2\/posts\/351\/revisions"}],"predecessor-version":[{"id":356,"href":"https:\/\/charneux.be\/preprod\/wp-json\/wp\/v2\/posts\/351\/revisions\/356"}],"wp:featuredmedia":[{"embeddable":true,"href":"https:\/\/charneux.be\/preprod\/wp-json\/wp\/v2\/media\/353"}],"wp:attachment":[{"href":"https:\/\/charneux.be\/preprod\/wp-json\/wp\/v2\/media?parent=351"}],"wp:term":[{"taxonomy":"category","embeddable":true,"href":"https:\/\/charneux.be\/preprod\/wp-json\/wp\/v2\/categories?post=351"},{"taxonomy":"post_tag","embeddable":true,"href":"https:\/\/charneux.be\/preprod\/wp-json\/wp\/v2\/tags?post=351"}],"curies":[{"name":"wp","href":"https:\/\/api.w.org\/{rel}","templated":true}]}}