{"id":477,"date":"2020-04-18T15:37:45","date_gmt":"2020-04-18T14:37:45","guid":{"rendered":"http:\/\/charneux.be\/wordpress\/?p=477"},"modified":"2020-05-18T15:41:22","modified_gmt":"2020-05-18T14:41:22","slug":"vendredi-17-avril-2020","status":"publish","type":"post","link":"https:\/\/charneux.be\/preprod\/vendredi-17-avril-2020\/","title":{"rendered":"Message de la directrice"},"content":{"rendered":"<p><strong>Prolongation des mesures li\u00e9es au Coronavirus.<\/strong><\/p>\n<p>Chers parents,<\/p>\n<p>J\u2019esp\u00e8re que mon courrier vous trouve tous en bonne sant\u00e9 et que le confinement est supportable pour chacun d\u2019entre vous.<\/p>\n<p>La prolongation du confinement au 3 mai ne nous a pas trop surpris et nous nous remettons en projet pour continuer \u00e0 solliciter vos enfants et garder le contact avec chacun d\u2019entre eux.<\/p>\n<p>D\u00e8s lundi, le mur de chaque classe primaire va recommencer \u00e0 vivre et vous proposer toutes sortes d\u2019activit\u00e9s. Si vous avez un souci de mat\u00e9riel ou une difficult\u00e9 pour imprimer les feuilles n\u00e9cessaires, vous pouvez me le signaler sur l\u2019adresse mail de l\u2019\u00e9cole (<a href=\"mailto:ecolecharneux@yahoo.fr\">ecolecharneux@yahoo.fr<\/a>)\u00a0 et je trouverai une solution.<\/p>\n<p>La garderie continue dans les m\u00eames conditions. Merci de signaler la pr\u00e9sence de votre enfant au minimum le jour avant sur l\u2019adresse mail ci-dessus.<\/p>\n<p>La circulaire re\u00e7ue hier nous confirme que les \u00e9valuations externes des \u00e9l\u00e8ves de 6<sup>\u00e8me<\/sup> ann\u00e9e sont bien annul\u00e9es et que les certificats d\u2019\u00e9tude de base (CEB) seront octroy\u00e9s suite \u00e0 la d\u00e9cision du conseil de classe compos\u00e9 d\u2019enseignants et de la direction de l\u2019\u00e9cole.<\/p>\n<p>Il n\u2019y aura pas non plus de session d\u2019examens pour les autres classes, les cours seront dispens\u00e9s jusqu\u2019\u00e0 la fin de l\u2019ann\u00e9e scolaire.<\/p>\n<p>Nous esp\u00e9rons vivement vous revoir tr\u00e8s bient\u00f4t et vous souhaitons le meilleur pour ce morceau suppl\u00e9mentaire de confinement.<\/p>\n<p>Pour l\u2019\u00e9quipe \u00e9ducative,<\/p>\n<p>Annette Haine<\/p>\n","protected":false},"excerpt":{"rendered":"<p>Prolongation des mesures li\u00e9es au Coronavirus. Chers parents, J\u2019esp\u00e8re que mon courrier vous trouve tous en bonne sant\u00e9 et que le confinement est supportable pour chacun d\u2019entre vous. La prolongation du confinement au 3 mai ne nous a pas trop surpris et nous nous remettons en projet pour continuer \u00e0 solliciter vos enfants et garder [&hellip;]<\/p>\n","protected":false},"author":3,"featured_media":426,"comment_status":"closed","ping_status":"open","sticky":false,"template":"","format":"standard","meta":{"footnotes":""},"categories":[4],"tags":[],"class_list":["post-477","post","type-post","status-publish","format-standard","has-post-thumbnail","hentry","category-ecole"],"yoast_head":"<!-- This site is optimized with the Yoast SEO plugin v23.6 - https:\/\/yoast.com\/wordpress\/plugins\/seo\/ -->\n<title>Message de la directrice - Charneux<\/title>\n<meta name=\"robots\" content=\"noindex, follow, max-snippet:-1, max-image-preview:large, max-video-preview:-1\" \/>\n<meta property=\"og:locale\" content=\"fr_FR\" \/>\n<meta property=\"og:type\" content=\"article\" \/>\n<meta property=\"og:title\" content=\"Message de la directrice - Charneux\" \/>\n<meta property=\"og:description\" content=\"Prolongation des mesures li\u00e9es au Coronavirus. Chers parents, J\u2019esp\u00e8re que mon courrier vous trouve tous en bonne sant\u00e9 et que le confinement est supportable pour chacun d\u2019entre vous. La prolongation du confinement au 3 mai ne nous a pas trop surpris et nous nous remettons en projet pour continuer \u00e0 solliciter vos enfants et garder [&hellip;]\" \/>\n<meta property=\"og:url\" content=\"https:\/\/charneux.be\/preprod\/vendredi-17-avril-2020\/\" \/>\n<meta property=\"og:site_name\" content=\"Charneux\" \/>\n<meta property=\"article:published_time\" content=\"2020-04-18T14:37:45+00:00\" \/>\n<meta property=\"article:modified_time\" content=\"2020-05-18T14:41:22+00:00\" \/>\n<meta property=\"og:image\" content=\"https:\/\/charneux.be\/preprod\/wp-content\/uploads\/2020\/03\/coronavirus-covid19-enfants-970x647.jpg\" \/>\n\t<meta property=\"og:image:width\" content=\"970\" \/>\n\t<meta property=\"og:image:height\" content=\"647\" \/>\n\t<meta property=\"og:image:type\" content=\"image\/jpeg\" \/>\n<meta name=\"author\" content=\"Gilles Collings\" \/>\n<meta name=\"twitter:label1\" content=\"\u00c9crit par\" \/>\n\t<meta name=\"twitter:data1\" content=\"Gilles Collings\" \/>\n\t<meta name=\"twitter:label2\" content=\"Dur\u00e9e de lecture estim\u00e9e\" \/>\n\t<meta name=\"twitter:data2\" content=\"1 minute\" \/>\n<script type=\"application\/ld+json\" class=\"yoast-schema-graph\">{\"@context\":\"https:\/\/schema.org\",\"@graph\":[{\"@type\":\"Article\",\"@id\":\"https:\/\/charneux.be\/preprod\/vendredi-17-avril-2020\/#article\",\"isPartOf\":{\"@id\":\"https:\/\/charneux.be\/preprod\/vendredi-17-avril-2020\/\"},\"author\":{\"name\":\"Gilles Collings\",\"@id\":\"https:\/\/charneux.be\/preprod\/#\/schema\/person\/0b1651317d01999c5d965686422d77cb\"},\"headline\":\"Message de la directrice\",\"datePublished\":\"2020-04-18T14:37:45+00:00\",\"dateModified\":\"2020-05-18T14:41:22+00:00\",\"mainEntityOfPage\":{\"@id\":\"https:\/\/charneux.be\/preprod\/vendredi-17-avril-2020\/\"},\"wordCount\":260,\"publisher\":{\"@id\":\"https:\/\/charneux.be\/preprod\/#organization\"},\"image\":{\"@id\":\"https:\/\/charneux.be\/preprod\/vendredi-17-avril-2020\/#primaryimage\"},\"thumbnailUrl\":\"https:\/\/charneux.be\/preprod\/wp-content\/uploads\/2020\/03\/coronavirus-covid19-enfants-970x647.jpg\",\"articleSection\":[\"Dans l'\u00e9cole\"],\"inLanguage\":\"fr-FR\"},{\"@type\":\"WebPage\",\"@id\":\"https:\/\/charneux.be\/preprod\/vendredi-17-avril-2020\/\",\"url\":\"https:\/\/charneux.be\/preprod\/vendredi-17-avril-2020\/\",\"name\":\"Message de la directrice - Charneux\",\"isPartOf\":{\"@id\":\"https:\/\/charneux.be\/preprod\/#website\"},\"primaryImageOfPage\":{\"@id\":\"https:\/\/charneux.be\/preprod\/vendredi-17-avril-2020\/#primaryimage\"},\"image\":{\"@id\":\"https:\/\/charneux.be\/preprod\/vendredi-17-avril-2020\/#primaryimage\"},\"thumbnailUrl\":\"https:\/\/charneux.be\/preprod\/wp-content\/uploads\/2020\/03\/coronavirus-covid19-enfants-970x647.jpg\",\"datePublished\":\"2020-04-18T14:37:45+00:00\",\"dateModified\":\"2020-05-18T14:41:22+00:00\",\"breadcrumb\":{\"@id\":\"https:\/\/charneux.be\/preprod\/vendredi-17-avril-2020\/#breadcrumb\"},\"inLanguage\":\"fr-FR\",\"potentialAction\":[{\"@type\":\"ReadAction\",\"target\":[\"https:\/\/charneux.be\/preprod\/vendredi-17-avril-2020\/\"]}]},{\"@type\":\"ImageObject\",\"inLanguage\":\"fr-FR\",\"@id\":\"https:\/\/charneux.be\/preprod\/vendredi-17-avril-2020\/#primaryimage\",\"url\":\"https:\/\/charneux.be\/preprod\/wp-content\/uploads\/2020\/03\/coronavirus-covid19-enfants-970x647.jpg\",\"contentUrl\":\"https:\/\/charneux.be\/preprod\/wp-content\/uploads\/2020\/03\/coronavirus-covid19-enfants-970x647.jpg\",\"width\":970,\"height\":647},{\"@type\":\"BreadcrumbList\",\"@id\":\"https:\/\/charneux.be\/preprod\/vendredi-17-avril-2020\/#breadcrumb\",\"itemListElement\":[{\"@type\":\"ListItem\",\"position\":1,\"name\":\"Accueil\",\"item\":\"https:\/\/charneux.be\/preprod\/\"},{\"@type\":\"ListItem\",\"position\":2,\"name\":\"Message de la directrice\"}]},{\"@type\":\"WebSite\",\"@id\":\"https:\/\/charneux.be\/preprod\/#website\",\"url\":\"https:\/\/charneux.be\/preprod\/\",\"name\":\"Charneux\",\"description\":\"\",\"publisher\":{\"@id\":\"https:\/\/charneux.be\/preprod\/#organization\"},\"potentialAction\":[{\"@type\":\"SearchAction\",\"target\":{\"@type\":\"EntryPoint\",\"urlTemplate\":\"https:\/\/charneux.be\/preprod\/?s={search_term_string}\"},\"query-input\":{\"@type\":\"PropertyValueSpecification\",\"valueRequired\":true,\"valueName\":\"search_term_string\"}}],\"inLanguage\":\"fr-FR\"},{\"@type\":\"Organization\",\"@id\":\"https:\/\/charneux.be\/preprod\/#organization\",\"name\":\"Ecole libre de Charneux\",\"url\":\"https:\/\/charneux.be\/preprod\/\",\"logo\":{\"@type\":\"ImageObject\",\"inLanguage\":\"fr-FR\",\"@id\":\"https:\/\/charneux.be\/preprod\/#\/schema\/logo\/image\/\",\"url\":\"https:\/\/charneux.be\/preprod\/wp-content\/uploads\/2024\/08\/cropped-Logo-bleu.png\",\"contentUrl\":\"https:\/\/charneux.be\/preprod\/wp-content\/uploads\/2024\/08\/cropped-Logo-bleu.png\",\"width\":480,\"height\":799,\"caption\":\"Ecole libre de Charneux\"},\"image\":{\"@id\":\"https:\/\/charneux.be\/preprod\/#\/schema\/logo\/image\/\"}},{\"@type\":\"Person\",\"@id\":\"https:\/\/charneux.be\/preprod\/#\/schema\/person\/0b1651317d01999c5d965686422d77cb\",\"name\":\"Gilles Collings\",\"image\":{\"@type\":\"ImageObject\",\"inLanguage\":\"fr-FR\",\"@id\":\"https:\/\/charneux.be\/preprod\/#\/schema\/person\/image\/\",\"url\":\"https:\/\/secure.gravatar.com\/avatar\/320dcf4529b471bc3f0dc256dbefcb4434faec727325adce4fe24429eae36178?s=96&d=mm&r=g\",\"contentUrl\":\"https:\/\/secure.gravatar.com\/avatar\/320dcf4529b471bc3f0dc256dbefcb4434faec727325adce4fe24429eae36178?s=96&d=mm&r=g\",\"caption\":\"Gilles Collings\"},\"url\":\"https:\/\/charneux.be\/preprod\/author\/gilles\/\"}]}<\/script>\n<!-- \/ Yoast SEO plugin. -->","yoast_head_json":{"title":"Message de la directrice - Charneux","robots":{"index":"noindex","follow":"follow","max-snippet":"max-snippet:-1","max-image-preview":"max-image-preview:large","max-video-preview":"max-video-preview:-1"},"og_locale":"fr_FR","og_type":"article","og_title":"Message de la directrice - Charneux","og_description":"Prolongation des mesures li\u00e9es au Coronavirus. Chers parents, J\u2019esp\u00e8re que mon courrier vous trouve tous en bonne sant\u00e9 et que le confinement est supportable pour chacun d\u2019entre vous. La prolongation du confinement au 3 mai ne nous a pas trop surpris et nous nous remettons en projet pour continuer \u00e0 solliciter vos enfants et garder [&hellip;]","og_url":"https:\/\/charneux.be\/preprod\/vendredi-17-avril-2020\/","og_site_name":"Charneux","article_published_time":"2020-04-18T14:37:45+00:00","article_modified_time":"2020-05-18T14:41:22+00:00","og_image":[{"width":970,"height":647,"url":"https:\/\/charneux.be\/preprod\/wp-content\/uploads\/2020\/03\/coronavirus-covid19-enfants-970x647.jpg","type":"image\/jpeg"}],"author":"Gilles Collings","twitter_misc":{"\u00c9crit par":"Gilles Collings","Dur\u00e9e de lecture estim\u00e9e":"1 minute"},"schema":{"@context":"https:\/\/schema.org","@graph":[{"@type":"Article","@id":"https:\/\/charneux.be\/preprod\/vendredi-17-avril-2020\/#article","isPartOf":{"@id":"https:\/\/charneux.be\/preprod\/vendredi-17-avril-2020\/"},"author":{"name":"Gilles Collings","@id":"https:\/\/charneux.be\/preprod\/#\/schema\/person\/0b1651317d01999c5d965686422d77cb"},"headline":"Message de la directrice","datePublished":"2020-04-18T14:37:45+00:00","dateModified":"2020-05-18T14:41:22+00:00","mainEntityOfPage":{"@id":"https:\/\/charneux.be\/preprod\/vendredi-17-avril-2020\/"},"wordCount":260,"publisher":{"@id":"https:\/\/charneux.be\/preprod\/#organization"},"image":{"@id":"https:\/\/charneux.be\/preprod\/vendredi-17-avril-2020\/#primaryimage"},"thumbnailUrl":"https:\/\/charneux.be\/preprod\/wp-content\/uploads\/2020\/03\/coronavirus-covid19-enfants-970x647.jpg","articleSection":["Dans l'\u00e9cole"],"inLanguage":"fr-FR"},{"@type":"WebPage","@id":"https:\/\/charneux.be\/preprod\/vendredi-17-avril-2020\/","url":"https:\/\/charneux.be\/preprod\/vendredi-17-avril-2020\/","name":"Message de la directrice - Charneux","isPartOf":{"@id":"https:\/\/charneux.be\/preprod\/#website"},"primaryImageOfPage":{"@id":"https:\/\/charneux.be\/preprod\/vendredi-17-avril-2020\/#primaryimage"},"image":{"@id":"https:\/\/charneux.be\/preprod\/vendredi-17-avril-2020\/#primaryimage"},"thumbnailUrl":"https:\/\/charneux.be\/preprod\/wp-content\/uploads\/2020\/03\/coronavirus-covid19-enfants-970x647.jpg","datePublished":"2020-04-18T14:37:45+00:00","dateModified":"2020-05-18T14:41:22+00:00","breadcrumb":{"@id":"https:\/\/charneux.be\/preprod\/vendredi-17-avril-2020\/#breadcrumb"},"inLanguage":"fr-FR","potentialAction":[{"@type":"ReadAction","target":["https:\/\/charneux.be\/preprod\/vendredi-17-avril-2020\/"]}]},{"@type":"ImageObject","inLanguage":"fr-FR","@id":"https:\/\/charneux.be\/preprod\/vendredi-17-avril-2020\/#primaryimage","url":"https:\/\/charneux.be\/preprod\/wp-content\/uploads\/2020\/03\/coronavirus-covid19-enfants-970x647.jpg","contentUrl":"https:\/\/charneux.be\/preprod\/wp-content\/uploads\/2020\/03\/coronavirus-covid19-enfants-970x647.jpg","width":970,"height":647},{"@type":"BreadcrumbList","@id":"https:\/\/charneux.be\/preprod\/vendredi-17-avril-2020\/#breadcrumb","itemListElement":[{"@type":"ListItem","position":1,"name":"Accueil","item":"https:\/\/charneux.be\/preprod\/"},{"@type":"ListItem","position":2,"name":"Message de la directrice"}]},{"@type":"WebSite","@id":"https:\/\/charneux.be\/preprod\/#website","url":"https:\/\/charneux.be\/preprod\/","name":"Charneux","description":"","publisher":{"@id":"https:\/\/charneux.be\/preprod\/#organization"},"potentialAction":[{"@type":"SearchAction","target":{"@type":"EntryPoint","urlTemplate":"https:\/\/charneux.be\/preprod\/?s={search_term_string}"},"query-input":{"@type":"PropertyValueSpecification","valueRequired":true,"valueName":"search_term_string"}}],"inLanguage":"fr-FR"},{"@type":"Organization","@id":"https:\/\/charneux.be\/preprod\/#organization","name":"Ecole libre de Charneux","url":"https:\/\/charneux.be\/preprod\/","logo":{"@type":"ImageObject","inLanguage":"fr-FR","@id":"https:\/\/charneux.be\/preprod\/#\/schema\/logo\/image\/","url":"https:\/\/charneux.be\/preprod\/wp-content\/uploads\/2024\/08\/cropped-Logo-bleu.png","contentUrl":"https:\/\/charneux.be\/preprod\/wp-content\/uploads\/2024\/08\/cropped-Logo-bleu.png","width":480,"height":799,"caption":"Ecole libre de Charneux"},"image":{"@id":"https:\/\/charneux.be\/preprod\/#\/schema\/logo\/image\/"}},{"@type":"Person","@id":"https:\/\/charneux.be\/preprod\/#\/schema\/person\/0b1651317d01999c5d965686422d77cb","name":"Gilles Collings","image":{"@type":"ImageObject","inLanguage":"fr-FR","@id":"https:\/\/charneux.be\/preprod\/#\/schema\/person\/image\/","url":"https:\/\/secure.gravatar.com\/avatar\/320dcf4529b471bc3f0dc256dbefcb4434faec727325adce4fe24429eae36178?s=96&d=mm&r=g","contentUrl":"https:\/\/secure.gravatar.com\/avatar\/320dcf4529b471bc3f0dc256dbefcb4434faec727325adce4fe24429eae36178?s=96&d=mm&r=g","caption":"Gilles Collings"},"url":"https:\/\/charneux.be\/preprod\/author\/gilles\/"}]}},"_links":{"self":[{"href":"https:\/\/charneux.be\/preprod\/wp-json\/wp\/v2\/posts\/477","targetHints":{"allow":["GET"]}}],"collection":[{"href":"https:\/\/charneux.be\/preprod\/wp-json\/wp\/v2\/posts"}],"about":[{"href":"https:\/\/charneux.be\/preprod\/wp-json\/wp\/v2\/types\/post"}],"author":[{"embeddable":true,"href":"https:\/\/charneux.be\/preprod\/wp-json\/wp\/v2\/users\/3"}],"replies":[{"embeddable":true,"href":"https:\/\/charneux.be\/preprod\/wp-json\/wp\/v2\/comments?post=477"}],"version-history":[{"count":5,"href":"https:\/\/charneux.be\/preprod\/wp-json\/wp\/v2\/posts\/477\/revisions"}],"predecessor-version":[{"id":513,"href":"https:\/\/charneux.be\/preprod\/wp-json\/wp\/v2\/posts\/477\/revisions\/513"}],"wp:featuredmedia":[{"embeddable":true,"href":"https:\/\/charneux.be\/preprod\/wp-json\/wp\/v2\/media\/426"}],"wp:attachment":[{"href":"https:\/\/charneux.be\/preprod\/wp-json\/wp\/v2\/media?parent=477"}],"wp:term":[{"taxonomy":"category","embeddable":true,"href":"https:\/\/charneux.be\/preprod\/wp-json\/wp\/v2\/categories?post=477"},{"taxonomy":"post_tag","embeddable":true,"href":"https:\/\/charneux.be\/preprod\/wp-json\/wp\/v2\/tags?post=477"}],"curies":[{"name":"wp","href":"https:\/\/api.w.org\/{rel}","templated":true}]}}