{"id":572,"date":"2020-06-01T00:37:02","date_gmt":"2020-05-31T23:37:02","guid":{"rendered":"http:\/\/charneux.be\/wordpress\/?p=572"},"modified":"2020-06-01T00:37:02","modified_gmt":"2020-05-31T23:37:02","slug":"la-rentree-des-p2-a-distance-mais-ensemble","status":"publish","type":"post","link":"https:\/\/charneux.be\/preprod\/la-rentree-des-p2-a-distance-mais-ensemble\/","title":{"rendered":"La rentr\u00e9e des P2 \u00e0 distance, mais ensemble !"},"content":{"rendered":"<p><a href=\"http:\/\/charneux.be\/wordpress\/wp-content\/uploads\/2020\/06\/79037591_587504958537279_6295879962343768064_n.jpg\"><img fetchpriority=\"high\" decoding=\"async\" class=\"alignnone size-medium wp-image-574\" src=\"http:\/\/charneux.be\/wordpress\/wp-content\/uploads\/2020\/06\/79037591_587504958537279_6295879962343768064_n-225x300.jpg\" alt=\"\" width=\"225\" height=\"300\" srcset=\"https:\/\/charneux.be\/preprod\/wp-content\/uploads\/2020\/06\/79037591_587504958537279_6295879962343768064_n-225x300.jpg 225w, https:\/\/charneux.be\/preprod\/wp-content\/uploads\/2020\/06\/79037591_587504958537279_6295879962343768064_n-768x1024.jpg 768w, https:\/\/charneux.be\/preprod\/wp-content\/uploads\/2020\/06\/79037591_587504958537279_6295879962343768064_n-1152x1536.jpg 1152w, https:\/\/charneux.be\/preprod\/wp-content\/uploads\/2020\/06\/79037591_587504958537279_6295879962343768064_n.jpg 1536w\" sizes=\"(max-width: 225px) 100vw, 225px\" \/><\/a> <a href=\"http:\/\/charneux.be\/wordpress\/wp-content\/uploads\/2020\/06\/101197080_178736456866413_6066262523844231168_n.jpg\"><img decoding=\"async\" class=\"alignnone size-medium wp-image-575\" src=\"http:\/\/charneux.be\/wordpress\/wp-content\/uploads\/2020\/06\/101197080_178736456866413_6066262523844231168_n-300x225.jpg\" alt=\"\" width=\"300\" height=\"225\" srcset=\"https:\/\/charneux.be\/preprod\/wp-content\/uploads\/2020\/06\/101197080_178736456866413_6066262523844231168_n-300x225.jpg 300w, https:\/\/charneux.be\/preprod\/wp-content\/uploads\/2020\/06\/101197080_178736456866413_6066262523844231168_n-1024x768.jpg 1024w, https:\/\/charneux.be\/preprod\/wp-content\/uploads\/2020\/06\/101197080_178736456866413_6066262523844231168_n-768x576.jpg 768w, https:\/\/charneux.be\/preprod\/wp-content\/uploads\/2020\/06\/101197080_178736456866413_6066262523844231168_n-1536x1152.jpg 1536w, https:\/\/charneux.be\/preprod\/wp-content\/uploads\/2020\/06\/101197080_178736456866413_6066262523844231168_n.jpg 2048w\" sizes=\"(max-width: 300px) 100vw, 300px\" \/><\/a> <a href=\"http:\/\/charneux.be\/wordpress\/wp-content\/uploads\/2020\/06\/101252330_321469155529919_8077837704198356992_n.jpg\"><img decoding=\"async\" class=\"alignnone size-medium wp-image-576\" src=\"http:\/\/charneux.be\/wordpress\/wp-content\/uploads\/2020\/06\/101252330_321469155529919_8077837704198356992_n-300x225.jpg\" alt=\"\" width=\"300\" height=\"225\" srcset=\"https:\/\/charneux.be\/preprod\/wp-content\/uploads\/2020\/06\/101252330_321469155529919_8077837704198356992_n-300x225.jpg 300w, https:\/\/charneux.be\/preprod\/wp-content\/uploads\/2020\/06\/101252330_321469155529919_8077837704198356992_n-1024x768.jpg 1024w, https:\/\/charneux.be\/preprod\/wp-content\/uploads\/2020\/06\/101252330_321469155529919_8077837704198356992_n-768x576.jpg 768w, https:\/\/charneux.be\/preprod\/wp-content\/uploads\/2020\/06\/101252330_321469155529919_8077837704198356992_n-1536x1152.jpg 1536w, https:\/\/charneux.be\/preprod\/wp-content\/uploads\/2020\/06\/101252330_321469155529919_8077837704198356992_n.jpg 2048w\" sizes=\"(max-width: 300px) 100vw, 300px\" \/><\/a> <a href=\"http:\/\/charneux.be\/wordpress\/wp-content\/uploads\/2020\/06\/101270478_367038534257229_2756400153899302912_n.jpg\"><img loading=\"lazy\" decoding=\"async\" class=\"alignnone size-medium wp-image-577\" src=\"http:\/\/charneux.be\/wordpress\/wp-content\/uploads\/2020\/06\/101270478_367038534257229_2756400153899302912_n-300x225.jpg\" alt=\"\" width=\"300\" height=\"225\" srcset=\"https:\/\/charneux.be\/preprod\/wp-content\/uploads\/2020\/06\/101270478_367038534257229_2756400153899302912_n-300x225.jpg 300w, https:\/\/charneux.be\/preprod\/wp-content\/uploads\/2020\/06\/101270478_367038534257229_2756400153899302912_n-1024x768.jpg 1024w, https:\/\/charneux.be\/preprod\/wp-content\/uploads\/2020\/06\/101270478_367038534257229_2756400153899302912_n-768x576.jpg 768w, https:\/\/charneux.be\/preprod\/wp-content\/uploads\/2020\/06\/101270478_367038534257229_2756400153899302912_n-1536x1152.jpg 1536w, https:\/\/charneux.be\/preprod\/wp-content\/uploads\/2020\/06\/101270478_367038534257229_2756400153899302912_n.jpg 2048w\" sizes=\"(max-width: 300px) 100vw, 300px\" \/><\/a> <a href=\"http:\/\/charneux.be\/wordpress\/wp-content\/uploads\/2020\/06\/101597305_250065592729615_5727704670105763840_n.jpg\"><img loading=\"lazy\" decoding=\"async\" class=\"alignnone size-medium wp-image-578\" src=\"http:\/\/charneux.be\/wordpress\/wp-content\/uploads\/2020\/06\/101597305_250065592729615_5727704670105763840_n-300x225.jpg\" alt=\"\" width=\"300\" height=\"225\" srcset=\"https:\/\/charneux.be\/preprod\/wp-content\/uploads\/2020\/06\/101597305_250065592729615_5727704670105763840_n-300x225.jpg 300w, https:\/\/charneux.be\/preprod\/wp-content\/uploads\/2020\/06\/101597305_250065592729615_5727704670105763840_n-1024x768.jpg 1024w, https:\/\/charneux.be\/preprod\/wp-content\/uploads\/2020\/06\/101597305_250065592729615_5727704670105763840_n-768x576.jpg 768w, https:\/\/charneux.be\/preprod\/wp-content\/uploads\/2020\/06\/101597305_250065592729615_5727704670105763840_n-1536x1152.jpg 1536w, https:\/\/charneux.be\/preprod\/wp-content\/uploads\/2020\/06\/101597305_250065592729615_5727704670105763840_n.jpg 2048w\" sizes=\"(max-width: 300px) 100vw, 300px\" \/><\/a> <a href=\"http:\/\/charneux.be\/wordpress\/wp-content\/uploads\/2020\/06\/101599844_252404109159389_674077318762725376_n.jpg\"><img loading=\"lazy\" decoding=\"async\" class=\"alignnone size-medium wp-image-579\" src=\"http:\/\/charneux.be\/wordpress\/wp-content\/uploads\/2020\/06\/101599844_252404109159389_674077318762725376_n-300x225.jpg\" alt=\"\" width=\"300\" height=\"225\" srcset=\"https:\/\/charneux.be\/preprod\/wp-content\/uploads\/2020\/06\/101599844_252404109159389_674077318762725376_n-300x225.jpg 300w, https:\/\/charneux.be\/preprod\/wp-content\/uploads\/2020\/06\/101599844_252404109159389_674077318762725376_n-1024x768.jpg 1024w, https:\/\/charneux.be\/preprod\/wp-content\/uploads\/2020\/06\/101599844_252404109159389_674077318762725376_n-768x576.jpg 768w, https:\/\/charneux.be\/preprod\/wp-content\/uploads\/2020\/06\/101599844_252404109159389_674077318762725376_n-1536x1152.jpg 1536w, https:\/\/charneux.be\/preprod\/wp-content\/uploads\/2020\/06\/101599844_252404109159389_674077318762725376_n.jpg 2048w\" sizes=\"(max-width: 300px) 100vw, 300px\" \/><\/a> <a href=\"http:\/\/charneux.be\/wordpress\/wp-content\/uploads\/2020\/06\/101809452_542964476384496_1943159362100920320_n.jpg\"><img loading=\"lazy\" decoding=\"async\" class=\"alignnone size-medium wp-image-580\" src=\"http:\/\/charneux.be\/wordpress\/wp-content\/uploads\/2020\/06\/101809452_542964476384496_1943159362100920320_n-300x225.jpg\" alt=\"\" width=\"300\" height=\"225\" srcset=\"https:\/\/charneux.be\/preprod\/wp-content\/uploads\/2020\/06\/101809452_542964476384496_1943159362100920320_n-300x225.jpg 300w, https:\/\/charneux.be\/preprod\/wp-content\/uploads\/2020\/06\/101809452_542964476384496_1943159362100920320_n-1024x768.jpg 1024w, https:\/\/charneux.be\/preprod\/wp-content\/uploads\/2020\/06\/101809452_542964476384496_1943159362100920320_n-768x576.jpg 768w, https:\/\/charneux.be\/preprod\/wp-content\/uploads\/2020\/06\/101809452_542964476384496_1943159362100920320_n-1536x1152.jpg 1536w, https:\/\/charneux.be\/preprod\/wp-content\/uploads\/2020\/06\/101809452_542964476384496_1943159362100920320_n.jpg 2048w\" sizes=\"(max-width: 300px) 100vw, 300px\" \/><\/a> <a href=\"http:\/\/charneux.be\/wordpress\/wp-content\/uploads\/2020\/06\/73381033_2921574291225298_1745608847517122471_n.jpg\"><img loading=\"lazy\" decoding=\"async\" class=\"alignnone size-medium wp-image-581\" src=\"http:\/\/charneux.be\/wordpress\/wp-content\/uploads\/2020\/06\/73381033_2921574291225298_1745608847517122471_n-169x300.jpg\" alt=\"\" width=\"169\" height=\"300\" srcset=\"https:\/\/charneux.be\/preprod\/wp-content\/uploads\/2020\/06\/73381033_2921574291225298_1745608847517122471_n-169x300.jpg 169w, https:\/\/charneux.be\/preprod\/wp-content\/uploads\/2020\/06\/73381033_2921574291225298_1745608847517122471_n-576x1024.jpg 576w, https:\/\/charneux.be\/preprod\/wp-content\/uploads\/2020\/06\/73381033_2921574291225298_1745608847517122471_n.jpg 720w\" sizes=\"(max-width: 169px) 100vw, 169px\" \/><\/a> <a href=\"http:\/\/charneux.be\/wordpress\/wp-content\/uploads\/2020\/06\/101575080_548188282475533_711723518860984320_n.jpg\"><img loading=\"lazy\" decoding=\"async\" class=\"alignnone size-medium wp-image-582\" src=\"http:\/\/charneux.be\/wordpress\/wp-content\/uploads\/2020\/06\/101575080_548188282475533_711723518860984320_n-300x225.jpg\" alt=\"\" width=\"300\" height=\"225\" srcset=\"https:\/\/charneux.be\/preprod\/wp-content\/uploads\/2020\/06\/101575080_548188282475533_711723518860984320_n-300x225.jpg 300w, https:\/\/charneux.be\/preprod\/wp-content\/uploads\/2020\/06\/101575080_548188282475533_711723518860984320_n-1024x768.jpg 1024w, https:\/\/charneux.be\/preprod\/wp-content\/uploads\/2020\/06\/101575080_548188282475533_711723518860984320_n-768x576.jpg 768w, https:\/\/charneux.be\/preprod\/wp-content\/uploads\/2020\/06\/101575080_548188282475533_711723518860984320_n-1536x1152.jpg 1536w, https:\/\/charneux.be\/preprod\/wp-content\/uploads\/2020\/06\/101575080_548188282475533_711723518860984320_n.jpg 2048w\" sizes=\"(max-width: 300px) 100vw, 300px\" \/><\/a> <a href=\"http:\/\/charneux.be\/wordpress\/wp-content\/uploads\/2020\/06\/101855272_858760727963507_5588058416976232448_n.jpg\"><img loading=\"lazy\" decoding=\"async\" class=\"alignnone size-medium wp-image-583\" src=\"http:\/\/charneux.be\/wordpress\/wp-content\/uploads\/2020\/06\/101855272_858760727963507_5588058416976232448_n-225x300.jpg\" alt=\"\" width=\"225\" height=\"300\" srcset=\"https:\/\/charneux.be\/preprod\/wp-content\/uploads\/2020\/06\/101855272_858760727963507_5588058416976232448_n-225x300.jpg 225w, https:\/\/charneux.be\/preprod\/wp-content\/uploads\/2020\/06\/101855272_858760727963507_5588058416976232448_n-768x1024.jpg 768w, https:\/\/charneux.be\/preprod\/wp-content\/uploads\/2020\/06\/101855272_858760727963507_5588058416976232448_n-1152x1536.jpg 1152w, https:\/\/charneux.be\/preprod\/wp-content\/uploads\/2020\/06\/101855272_858760727963507_5588058416976232448_n.jpg 1536w\" sizes=\"(max-width: 225px) 100vw, 225px\" \/><\/a> <a href=\"http:\/\/charneux.be\/wordpress\/wp-content\/uploads\/2020\/06\/75648459_3581470188549036_6023685911582583005_n.jpg\"><img loading=\"lazy\" decoding=\"async\" class=\"alignnone size-medium wp-image-584\" src=\"http:\/\/charneux.be\/wordpress\/wp-content\/uploads\/2020\/06\/75648459_3581470188549036_6023685911582583005_n-169x300.jpg\" alt=\"\" width=\"169\" height=\"300\" srcset=\"https:\/\/charneux.be\/preprod\/wp-content\/uploads\/2020\/06\/75648459_3581470188549036_6023685911582583005_n-169x300.jpg 169w, https:\/\/charneux.be\/preprod\/wp-content\/uploads\/2020\/06\/75648459_3581470188549036_6023685911582583005_n-576x1024.jpg 576w, https:\/\/charneux.be\/preprod\/wp-content\/uploads\/2020\/06\/75648459_3581470188549036_6023685911582583005_n.jpg 720w\" sizes=\"(max-width: 169px) 100vw, 169px\" \/><\/a>Le vendredi 29 mai, c&rsquo;\u00e9tait au tour des enfants de 2\u00e8me ann\u00e9e de se retrouver apr\u00e8s cette longue p\u00e9riode de confinement.\u00a0 Les 23 \u00e9l\u00e8ves tr\u00e8s souriants ont \u00e9t\u00e9 install\u00e9s dans 3 classes et ont pu raconter, jouer et apprendre plein de nouvelles choses apr\u00e8s avoir souhait\u00e9 un heureux anniversaire \u00e0 Tim qui f\u00eatait ses 8 ans ce jour si particulier.\u00a0 Plusieurs le\u00e7ons ont \u00e9t\u00e9 donn\u00e9es \u00e0 l&rsquo;ext\u00e9rieur, et un superbe soleil nous r\u00e9chauffait le corps et le coeur ! Quel plaisir de se revoir !<\/p>\n","protected":false},"excerpt":{"rendered":"<p>Le vendredi 29 mai, c&rsquo;\u00e9tait au tour des enfants de 2\u00e8me ann\u00e9e de se retrouver apr\u00e8s cette longue p\u00e9riode de confinement.\u00a0 Les 23 \u00e9l\u00e8ves tr\u00e8s souriants ont \u00e9t\u00e9 install\u00e9s dans 3 classes et ont pu raconter, jouer et apprendre plein de nouvelles choses apr\u00e8s avoir souhait\u00e9 un heureux anniversaire \u00e0 Tim qui f\u00eatait ses 8 [&hellip;]<\/p>\n","protected":false},"author":13,"featured_media":0,"comment_status":"closed","ping_status":"open","sticky":false,"template":"","format":"standard","meta":{"footnotes":""},"categories":[2],"tags":[],"class_list":["post-572","post","type-post","status-publish","format-standard","hentry","category-primaire"],"yoast_head":"<!-- This site is optimized with the Yoast SEO plugin v23.6 - https:\/\/yoast.com\/wordpress\/plugins\/seo\/ -->\n<title>La rentr\u00e9e des P2 \u00e0 distance, mais ensemble ! - Charneux<\/title>\n<meta name=\"robots\" content=\"noindex, follow, max-snippet:-1, max-image-preview:large, max-video-preview:-1\" \/>\n<meta property=\"og:locale\" content=\"fr_FR\" \/>\n<meta property=\"og:type\" content=\"article\" \/>\n<meta property=\"og:title\" content=\"La rentr\u00e9e des P2 \u00e0 distance, mais ensemble ! - Charneux\" \/>\n<meta property=\"og:description\" content=\"Le vendredi 29 mai, c&rsquo;\u00e9tait au tour des enfants de 2\u00e8me ann\u00e9e de se retrouver apr\u00e8s cette longue p\u00e9riode de confinement.\u00a0 Les 23 \u00e9l\u00e8ves tr\u00e8s souriants ont \u00e9t\u00e9 install\u00e9s dans 3 classes et ont pu raconter, jouer et apprendre plein de nouvelles choses apr\u00e8s avoir souhait\u00e9 un heureux anniversaire \u00e0 Tim qui f\u00eatait ses 8 [&hellip;]\" \/>\n<meta property=\"og:url\" content=\"https:\/\/charneux.be\/preprod\/la-rentree-des-p2-a-distance-mais-ensemble\/\" \/>\n<meta property=\"og:site_name\" content=\"Charneux\" \/>\n<meta property=\"article:published_time\" content=\"2020-05-31T23:37:02+00:00\" \/>\n<meta property=\"og:image\" content=\"http:\/\/charneux.be\/wordpress\/wp-content\/uploads\/2020\/06\/79037591_587504958537279_6295879962343768064_n-225x300.jpg\" \/>\n<meta name=\"author\" content=\"Mariette Delhez\" \/>\n<meta name=\"twitter:label1\" content=\"\u00c9crit par\" \/>\n\t<meta name=\"twitter:data1\" content=\"Mariette Delhez\" \/>\n<script type=\"application\/ld+json\" class=\"yoast-schema-graph\">{\"@context\":\"https:\/\/schema.org\",\"@graph\":[{\"@type\":\"Article\",\"@id\":\"https:\/\/charneux.be\/preprod\/la-rentree-des-p2-a-distance-mais-ensemble\/#article\",\"isPartOf\":{\"@id\":\"https:\/\/charneux.be\/preprod\/la-rentree-des-p2-a-distance-mais-ensemble\/\"},\"author\":{\"name\":\"Mariette Delhez\",\"@id\":\"https:\/\/charneux.be\/preprod\/#\/schema\/person\/112285787eee499ea293d44be91e65f2\"},\"headline\":\"La rentr\u00e9e des P2 \u00e0 distance, mais ensemble !\",\"datePublished\":\"2020-05-31T23:37:02+00:00\",\"dateModified\":\"2020-05-31T23:37:02+00:00\",\"mainEntityOfPage\":{\"@id\":\"https:\/\/charneux.be\/preprod\/la-rentree-des-p2-a-distance-mais-ensemble\/\"},\"wordCount\":99,\"publisher\":{\"@id\":\"https:\/\/charneux.be\/preprod\/#organization\"},\"image\":{\"@id\":\"https:\/\/charneux.be\/preprod\/la-rentree-des-p2-a-distance-mais-ensemble\/#primaryimage\"},\"thumbnailUrl\":\"http:\/\/charneux.be\/wordpress\/wp-content\/uploads\/2020\/06\/79037591_587504958537279_6295879962343768064_n-225x300.jpg\",\"articleSection\":[\"En primaire\"],\"inLanguage\":\"fr-FR\"},{\"@type\":\"WebPage\",\"@id\":\"https:\/\/charneux.be\/preprod\/la-rentree-des-p2-a-distance-mais-ensemble\/\",\"url\":\"https:\/\/charneux.be\/preprod\/la-rentree-des-p2-a-distance-mais-ensemble\/\",\"name\":\"La rentr\u00e9e des P2 \u00e0 distance, mais ensemble ! - Charneux\",\"isPartOf\":{\"@id\":\"https:\/\/charneux.be\/preprod\/#website\"},\"primaryImageOfPage\":{\"@id\":\"https:\/\/charneux.be\/preprod\/la-rentree-des-p2-a-distance-mais-ensemble\/#primaryimage\"},\"image\":{\"@id\":\"https:\/\/charneux.be\/preprod\/la-rentree-des-p2-a-distance-mais-ensemble\/#primaryimage\"},\"thumbnailUrl\":\"http:\/\/charneux.be\/wordpress\/wp-content\/uploads\/2020\/06\/79037591_587504958537279_6295879962343768064_n-225x300.jpg\",\"datePublished\":\"2020-05-31T23:37:02+00:00\",\"dateModified\":\"2020-05-31T23:37:02+00:00\",\"breadcrumb\":{\"@id\":\"https:\/\/charneux.be\/preprod\/la-rentree-des-p2-a-distance-mais-ensemble\/#breadcrumb\"},\"inLanguage\":\"fr-FR\",\"potentialAction\":[{\"@type\":\"ReadAction\",\"target\":[\"https:\/\/charneux.be\/preprod\/la-rentree-des-p2-a-distance-mais-ensemble\/\"]}]},{\"@type\":\"ImageObject\",\"inLanguage\":\"fr-FR\",\"@id\":\"https:\/\/charneux.be\/preprod\/la-rentree-des-p2-a-distance-mais-ensemble\/#primaryimage\",\"url\":\"http:\/\/charneux.be\/wordpress\/wp-content\/uploads\/2020\/06\/79037591_587504958537279_6295879962343768064_n-225x300.jpg\",\"contentUrl\":\"http:\/\/charneux.be\/wordpress\/wp-content\/uploads\/2020\/06\/79037591_587504958537279_6295879962343768064_n-225x300.jpg\"},{\"@type\":\"BreadcrumbList\",\"@id\":\"https:\/\/charneux.be\/preprod\/la-rentree-des-p2-a-distance-mais-ensemble\/#breadcrumb\",\"itemListElement\":[{\"@type\":\"ListItem\",\"position\":1,\"name\":\"Accueil\",\"item\":\"https:\/\/charneux.be\/preprod\/\"},{\"@type\":\"ListItem\",\"position\":2,\"name\":\"La rentr\u00e9e des P2 \u00e0 distance, mais ensemble !\"}]},{\"@type\":\"WebSite\",\"@id\":\"https:\/\/charneux.be\/preprod\/#website\",\"url\":\"https:\/\/charneux.be\/preprod\/\",\"name\":\"Charneux\",\"description\":\"\",\"publisher\":{\"@id\":\"https:\/\/charneux.be\/preprod\/#organization\"},\"potentialAction\":[{\"@type\":\"SearchAction\",\"target\":{\"@type\":\"EntryPoint\",\"urlTemplate\":\"https:\/\/charneux.be\/preprod\/?s={search_term_string}\"},\"query-input\":{\"@type\":\"PropertyValueSpecification\",\"valueRequired\":true,\"valueName\":\"search_term_string\"}}],\"inLanguage\":\"fr-FR\"},{\"@type\":\"Organization\",\"@id\":\"https:\/\/charneux.be\/preprod\/#organization\",\"name\":\"Ecole libre de Charneux\",\"url\":\"https:\/\/charneux.be\/preprod\/\",\"logo\":{\"@type\":\"ImageObject\",\"inLanguage\":\"fr-FR\",\"@id\":\"https:\/\/charneux.be\/preprod\/#\/schema\/logo\/image\/\",\"url\":\"https:\/\/charneux.be\/preprod\/wp-content\/uploads\/2024\/08\/cropped-Logo-bleu.png\",\"contentUrl\":\"https:\/\/charneux.be\/preprod\/wp-content\/uploads\/2024\/08\/cropped-Logo-bleu.png\",\"width\":480,\"height\":799,\"caption\":\"Ecole libre de Charneux\"},\"image\":{\"@id\":\"https:\/\/charneux.be\/preprod\/#\/schema\/logo\/image\/\"}},{\"@type\":\"Person\",\"@id\":\"https:\/\/charneux.be\/preprod\/#\/schema\/person\/112285787eee499ea293d44be91e65f2\",\"name\":\"Mariette Delhez\",\"image\":{\"@type\":\"ImageObject\",\"inLanguage\":\"fr-FR\",\"@id\":\"https:\/\/charneux.be\/preprod\/#\/schema\/person\/image\/\",\"url\":\"https:\/\/secure.gravatar.com\/avatar\/a899e88cc8b9af838e499f0abe160da7f528eecdc73fd9eb26c0232abddc2b2f?s=96&d=mm&r=g\",\"contentUrl\":\"https:\/\/secure.gravatar.com\/avatar\/a899e88cc8b9af838e499f0abe160da7f528eecdc73fd9eb26c0232abddc2b2f?s=96&d=mm&r=g\",\"caption\":\"Mariette Delhez\"},\"url\":\"https:\/\/charneux.be\/preprod\/author\/mariette-delhez\/\"}]}<\/script>\n<!-- \/ Yoast SEO plugin. -->","yoast_head_json":{"title":"La rentr\u00e9e des P2 \u00e0 distance, mais ensemble ! - Charneux","robots":{"index":"noindex","follow":"follow","max-snippet":"max-snippet:-1","max-image-preview":"max-image-preview:large","max-video-preview":"max-video-preview:-1"},"og_locale":"fr_FR","og_type":"article","og_title":"La rentr\u00e9e des P2 \u00e0 distance, mais ensemble ! - Charneux","og_description":"Le vendredi 29 mai, c&rsquo;\u00e9tait au tour des enfants de 2\u00e8me ann\u00e9e de se retrouver apr\u00e8s cette longue p\u00e9riode de confinement.\u00a0 Les 23 \u00e9l\u00e8ves tr\u00e8s souriants ont \u00e9t\u00e9 install\u00e9s dans 3 classes et ont pu raconter, jouer et apprendre plein de nouvelles choses apr\u00e8s avoir souhait\u00e9 un heureux anniversaire \u00e0 Tim qui f\u00eatait ses 8 [&hellip;]","og_url":"https:\/\/charneux.be\/preprod\/la-rentree-des-p2-a-distance-mais-ensemble\/","og_site_name":"Charneux","article_published_time":"2020-05-31T23:37:02+00:00","og_image":[{"url":"http:\/\/charneux.be\/wordpress\/wp-content\/uploads\/2020\/06\/79037591_587504958537279_6295879962343768064_n-225x300.jpg"}],"author":"Mariette Delhez","twitter_misc":{"\u00c9crit par":"Mariette Delhez"},"schema":{"@context":"https:\/\/schema.org","@graph":[{"@type":"Article","@id":"https:\/\/charneux.be\/preprod\/la-rentree-des-p2-a-distance-mais-ensemble\/#article","isPartOf":{"@id":"https:\/\/charneux.be\/preprod\/la-rentree-des-p2-a-distance-mais-ensemble\/"},"author":{"name":"Mariette Delhez","@id":"https:\/\/charneux.be\/preprod\/#\/schema\/person\/112285787eee499ea293d44be91e65f2"},"headline":"La rentr\u00e9e des P2 \u00e0 distance, mais ensemble !","datePublished":"2020-05-31T23:37:02+00:00","dateModified":"2020-05-31T23:37:02+00:00","mainEntityOfPage":{"@id":"https:\/\/charneux.be\/preprod\/la-rentree-des-p2-a-distance-mais-ensemble\/"},"wordCount":99,"publisher":{"@id":"https:\/\/charneux.be\/preprod\/#organization"},"image":{"@id":"https:\/\/charneux.be\/preprod\/la-rentree-des-p2-a-distance-mais-ensemble\/#primaryimage"},"thumbnailUrl":"http:\/\/charneux.be\/wordpress\/wp-content\/uploads\/2020\/06\/79037591_587504958537279_6295879962343768064_n-225x300.jpg","articleSection":["En primaire"],"inLanguage":"fr-FR"},{"@type":"WebPage","@id":"https:\/\/charneux.be\/preprod\/la-rentree-des-p2-a-distance-mais-ensemble\/","url":"https:\/\/charneux.be\/preprod\/la-rentree-des-p2-a-distance-mais-ensemble\/","name":"La rentr\u00e9e des P2 \u00e0 distance, mais ensemble ! - Charneux","isPartOf":{"@id":"https:\/\/charneux.be\/preprod\/#website"},"primaryImageOfPage":{"@id":"https:\/\/charneux.be\/preprod\/la-rentree-des-p2-a-distance-mais-ensemble\/#primaryimage"},"image":{"@id":"https:\/\/charneux.be\/preprod\/la-rentree-des-p2-a-distance-mais-ensemble\/#primaryimage"},"thumbnailUrl":"http:\/\/charneux.be\/wordpress\/wp-content\/uploads\/2020\/06\/79037591_587504958537279_6295879962343768064_n-225x300.jpg","datePublished":"2020-05-31T23:37:02+00:00","dateModified":"2020-05-31T23:37:02+00:00","breadcrumb":{"@id":"https:\/\/charneux.be\/preprod\/la-rentree-des-p2-a-distance-mais-ensemble\/#breadcrumb"},"inLanguage":"fr-FR","potentialAction":[{"@type":"ReadAction","target":["https:\/\/charneux.be\/preprod\/la-rentree-des-p2-a-distance-mais-ensemble\/"]}]},{"@type":"ImageObject","inLanguage":"fr-FR","@id":"https:\/\/charneux.be\/preprod\/la-rentree-des-p2-a-distance-mais-ensemble\/#primaryimage","url":"http:\/\/charneux.be\/wordpress\/wp-content\/uploads\/2020\/06\/79037591_587504958537279_6295879962343768064_n-225x300.jpg","contentUrl":"http:\/\/charneux.be\/wordpress\/wp-content\/uploads\/2020\/06\/79037591_587504958537279_6295879962343768064_n-225x300.jpg"},{"@type":"BreadcrumbList","@id":"https:\/\/charneux.be\/preprod\/la-rentree-des-p2-a-distance-mais-ensemble\/#breadcrumb","itemListElement":[{"@type":"ListItem","position":1,"name":"Accueil","item":"https:\/\/charneux.be\/preprod\/"},{"@type":"ListItem","position":2,"name":"La rentr\u00e9e des P2 \u00e0 distance, mais ensemble !"}]},{"@type":"WebSite","@id":"https:\/\/charneux.be\/preprod\/#website","url":"https:\/\/charneux.be\/preprod\/","name":"Charneux","description":"","publisher":{"@id":"https:\/\/charneux.be\/preprod\/#organization"},"potentialAction":[{"@type":"SearchAction","target":{"@type":"EntryPoint","urlTemplate":"https:\/\/charneux.be\/preprod\/?s={search_term_string}"},"query-input":{"@type":"PropertyValueSpecification","valueRequired":true,"valueName":"search_term_string"}}],"inLanguage":"fr-FR"},{"@type":"Organization","@id":"https:\/\/charneux.be\/preprod\/#organization","name":"Ecole libre de Charneux","url":"https:\/\/charneux.be\/preprod\/","logo":{"@type":"ImageObject","inLanguage":"fr-FR","@id":"https:\/\/charneux.be\/preprod\/#\/schema\/logo\/image\/","url":"https:\/\/charneux.be\/preprod\/wp-content\/uploads\/2024\/08\/cropped-Logo-bleu.png","contentUrl":"https:\/\/charneux.be\/preprod\/wp-content\/uploads\/2024\/08\/cropped-Logo-bleu.png","width":480,"height":799,"caption":"Ecole libre de Charneux"},"image":{"@id":"https:\/\/charneux.be\/preprod\/#\/schema\/logo\/image\/"}},{"@type":"Person","@id":"https:\/\/charneux.be\/preprod\/#\/schema\/person\/112285787eee499ea293d44be91e65f2","name":"Mariette Delhez","image":{"@type":"ImageObject","inLanguage":"fr-FR","@id":"https:\/\/charneux.be\/preprod\/#\/schema\/person\/image\/","url":"https:\/\/secure.gravatar.com\/avatar\/a899e88cc8b9af838e499f0abe160da7f528eecdc73fd9eb26c0232abddc2b2f?s=96&d=mm&r=g","contentUrl":"https:\/\/secure.gravatar.com\/avatar\/a899e88cc8b9af838e499f0abe160da7f528eecdc73fd9eb26c0232abddc2b2f?s=96&d=mm&r=g","caption":"Mariette Delhez"},"url":"https:\/\/charneux.be\/preprod\/author\/mariette-delhez\/"}]}},"_links":{"self":[{"href":"https:\/\/charneux.be\/preprod\/wp-json\/wp\/v2\/posts\/572","targetHints":{"allow":["GET"]}}],"collection":[{"href":"https:\/\/charneux.be\/preprod\/wp-json\/wp\/v2\/posts"}],"about":[{"href":"https:\/\/charneux.be\/preprod\/wp-json\/wp\/v2\/types\/post"}],"author":[{"embeddable":true,"href":"https:\/\/charneux.be\/preprod\/wp-json\/wp\/v2\/users\/13"}],"replies":[{"embeddable":true,"href":"https:\/\/charneux.be\/preprod\/wp-json\/wp\/v2\/comments?post=572"}],"version-history":[{"count":1,"href":"https:\/\/charneux.be\/preprod\/wp-json\/wp\/v2\/posts\/572\/revisions"}],"predecessor-version":[{"id":586,"href":"https:\/\/charneux.be\/preprod\/wp-json\/wp\/v2\/posts\/572\/revisions\/586"}],"wp:attachment":[{"href":"https:\/\/charneux.be\/preprod\/wp-json\/wp\/v2\/media?parent=572"}],"wp:term":[{"taxonomy":"category","embeddable":true,"href":"https:\/\/charneux.be\/preprod\/wp-json\/wp\/v2\/categories?post=572"},{"taxonomy":"post_tag","embeddable":true,"href":"https:\/\/charneux.be\/preprod\/wp-json\/wp\/v2\/tags?post=572"}],"curies":[{"name":"wp","href":"https:\/\/api.w.org\/{rel}","templated":true}]}}