{"id":606,"date":"2020-10-09T12:38:06","date_gmt":"2020-10-09T11:38:06","guid":{"rendered":"http:\/\/charneux.be\/wordpress\/?p=606"},"modified":"2020-10-09T12:38:06","modified_gmt":"2020-10-09T11:38:06","slug":"notre-sejour-a-bouillon","status":"publish","type":"post","link":"https:\/\/charneux.be\/preprod\/notre-sejour-a-bouillon\/","title":{"rendered":"Notre s\u00e9jour \u00e0 Bouillon"},"content":{"rendered":"<p>A la fin du mois de septembre, les \u00e9l\u00e8ves de cinqui\u00e8me et sixi\u00e8me sont partis 3 jours \u00e0 Bouillon.<\/p>\n<p>Au menu : visite du mus\u00e9e \u00e0 Bastogne, jeux de strat\u00e9gie,\u00a0 visite du ch\u00e2teau de Bouillon, veill\u00e9e &#8230;\u00a0 3 jours enrichissants !<\/p>\n<p><a href=\"http:\/\/charneux.be\/wordpress\/wp-content\/uploads\/2020\/10\/IMG_20200930_143234-scaled.jpg\"><img fetchpriority=\"high\" decoding=\"async\" class=\"alignnone size-medium wp-image-607\" src=\"http:\/\/charneux.be\/wordpress\/wp-content\/uploads\/2020\/10\/IMG_20200930_143234-300x225.jpg\" alt=\"\" width=\"300\" height=\"225\" srcset=\"https:\/\/charneux.be\/preprod\/wp-content\/uploads\/2020\/10\/IMG_20200930_143234-300x225.jpg 300w, https:\/\/charneux.be\/preprod\/wp-content\/uploads\/2020\/10\/IMG_20200930_143234-1024x768.jpg 1024w, https:\/\/charneux.be\/preprod\/wp-content\/uploads\/2020\/10\/IMG_20200930_143234-768x576.jpg 768w, https:\/\/charneux.be\/preprod\/wp-content\/uploads\/2020\/10\/IMG_20200930_143234-1536x1152.jpg 1536w, https:\/\/charneux.be\/preprod\/wp-content\/uploads\/2020\/10\/IMG_20200930_143234-2048x1536.jpg 2048w\" sizes=\"(max-width: 300px) 100vw, 300px\" \/><\/a> <a href=\"http:\/\/charneux.be\/wordpress\/wp-content\/uploads\/2020\/10\/IMG_20200930_155600-scaled.jpg\"><img decoding=\"async\" class=\"alignnone size-medium wp-image-608\" src=\"http:\/\/charneux.be\/wordpress\/wp-content\/uploads\/2020\/10\/IMG_20200930_155600-300x225.jpg\" alt=\"\" width=\"300\" height=\"225\" srcset=\"https:\/\/charneux.be\/preprod\/wp-content\/uploads\/2020\/10\/IMG_20200930_155600-300x225.jpg 300w, https:\/\/charneux.be\/preprod\/wp-content\/uploads\/2020\/10\/IMG_20200930_155600-1024x768.jpg 1024w, https:\/\/charneux.be\/preprod\/wp-content\/uploads\/2020\/10\/IMG_20200930_155600-768x576.jpg 768w, https:\/\/charneux.be\/preprod\/wp-content\/uploads\/2020\/10\/IMG_20200930_155600-1536x1152.jpg 1536w, https:\/\/charneux.be\/preprod\/wp-content\/uploads\/2020\/10\/IMG_20200930_155600-2048x1536.jpg 2048w\" sizes=\"(max-width: 300px) 100vw, 300px\" \/><\/a><\/p>\n<figure id=\"attachment_609\" aria-describedby=\"caption-attachment-609\" style=\"width: 300px\" class=\"wp-caption alignnone\"><a href=\"http:\/\/charneux.be\/wordpress\/wp-content\/uploads\/2020\/10\/IMG_20200930_203312_BURST002-scaled.jpg\"><img decoding=\"async\" class=\"size-medium wp-image-609\" src=\"http:\/\/charneux.be\/wordpress\/wp-content\/uploads\/2020\/10\/IMG_20200930_203312_BURST002-300x225.jpg\" alt=\"\" width=\"300\" height=\"225\" srcset=\"https:\/\/charneux.be\/preprod\/wp-content\/uploads\/2020\/10\/IMG_20200930_203312_BURST002-300x225.jpg 300w, https:\/\/charneux.be\/preprod\/wp-content\/uploads\/2020\/10\/IMG_20200930_203312_BURST002-1024x768.jpg 1024w, https:\/\/charneux.be\/preprod\/wp-content\/uploads\/2020\/10\/IMG_20200930_203312_BURST002-768x576.jpg 768w, https:\/\/charneux.be\/preprod\/wp-content\/uploads\/2020\/10\/IMG_20200930_203312_BURST002-1536x1152.jpg 1536w, https:\/\/charneux.be\/preprod\/wp-content\/uploads\/2020\/10\/IMG_20200930_203312_BURST002-2048x1536.jpg 2048w\" sizes=\"(max-width: 300px) 100vw, 300px\" \/><\/a><figcaption id=\"caption-attachment-609\" class=\"wp-caption-text\">burst<\/figcaption><\/figure>\n<p><a href=\"http:\/\/charneux.be\/wordpress\/wp-content\/uploads\/2020\/10\/IMG_20200930_211609-scaled.jpg\"><img loading=\"lazy\" decoding=\"async\" class=\"alignnone size-medium wp-image-610\" src=\"http:\/\/charneux.be\/wordpress\/wp-content\/uploads\/2020\/10\/IMG_20200930_211609-300x225.jpg\" alt=\"\" width=\"300\" height=\"225\" srcset=\"https:\/\/charneux.be\/preprod\/wp-content\/uploads\/2020\/10\/IMG_20200930_211609-300x225.jpg 300w, https:\/\/charneux.be\/preprod\/wp-content\/uploads\/2020\/10\/IMG_20200930_211609-1024x768.jpg 1024w, https:\/\/charneux.be\/preprod\/wp-content\/uploads\/2020\/10\/IMG_20200930_211609-768x576.jpg 768w, https:\/\/charneux.be\/preprod\/wp-content\/uploads\/2020\/10\/IMG_20200930_211609-1536x1152.jpg 1536w, https:\/\/charneux.be\/preprod\/wp-content\/uploads\/2020\/10\/IMG_20200930_211609-2048x1536.jpg 2048w\" sizes=\"(max-width: 300px) 100vw, 300px\" \/><\/a> <a href=\"http:\/\/charneux.be\/wordpress\/wp-content\/uploads\/2020\/10\/IMG_20201001_111625-scaled.jpg\"><img loading=\"lazy\" decoding=\"async\" class=\"alignnone size-medium wp-image-611\" src=\"http:\/\/charneux.be\/wordpress\/wp-content\/uploads\/2020\/10\/IMG_20201001_111625-300x225.jpg\" alt=\"\" width=\"300\" height=\"225\" srcset=\"https:\/\/charneux.be\/preprod\/wp-content\/uploads\/2020\/10\/IMG_20201001_111625-300x225.jpg 300w, https:\/\/charneux.be\/preprod\/wp-content\/uploads\/2020\/10\/IMG_20201001_111625-1024x768.jpg 1024w, https:\/\/charneux.be\/preprod\/wp-content\/uploads\/2020\/10\/IMG_20201001_111625-768x576.jpg 768w, https:\/\/charneux.be\/preprod\/wp-content\/uploads\/2020\/10\/IMG_20201001_111625-1536x1152.jpg 1536w, https:\/\/charneux.be\/preprod\/wp-content\/uploads\/2020\/10\/IMG_20201001_111625-2048x1536.jpg 2048w\" sizes=\"(max-width: 300px) 100vw, 300px\" \/><\/a> <a href=\"http:\/\/charneux.be\/wordpress\/wp-content\/uploads\/2020\/10\/IMG_20201001_163626-scaled.jpg\"><img loading=\"lazy\" decoding=\"async\" class=\"alignnone size-medium wp-image-612\" src=\"http:\/\/charneux.be\/wordpress\/wp-content\/uploads\/2020\/10\/IMG_20201001_163626-300x225.jpg\" alt=\"\" width=\"300\" height=\"225\" srcset=\"https:\/\/charneux.be\/preprod\/wp-content\/uploads\/2020\/10\/IMG_20201001_163626-300x225.jpg 300w, https:\/\/charneux.be\/preprod\/wp-content\/uploads\/2020\/10\/IMG_20201001_163626-1024x768.jpg 1024w, https:\/\/charneux.be\/preprod\/wp-content\/uploads\/2020\/10\/IMG_20201001_163626-768x576.jpg 768w, https:\/\/charneux.be\/preprod\/wp-content\/uploads\/2020\/10\/IMG_20201001_163626-1536x1152.jpg 1536w, https:\/\/charneux.be\/preprod\/wp-content\/uploads\/2020\/10\/IMG_20201001_163626-2048x1536.jpg 2048w\" sizes=\"(max-width: 300px) 100vw, 300px\" \/><\/a> <a href=\"http:\/\/charneux.be\/wordpress\/wp-content\/uploads\/2020\/10\/IMG_20201002_103905-scaled.jpg\"><img loading=\"lazy\" decoding=\"async\" class=\"alignnone size-medium wp-image-613\" src=\"http:\/\/charneux.be\/wordpress\/wp-content\/uploads\/2020\/10\/IMG_20201002_103905-300x225.jpg\" alt=\"\" width=\"300\" height=\"225\" srcset=\"https:\/\/charneux.be\/preprod\/wp-content\/uploads\/2020\/10\/IMG_20201002_103905-300x225.jpg 300w, https:\/\/charneux.be\/preprod\/wp-content\/uploads\/2020\/10\/IMG_20201002_103905-1024x768.jpg 1024w, https:\/\/charneux.be\/preprod\/wp-content\/uploads\/2020\/10\/IMG_20201002_103905-768x576.jpg 768w, https:\/\/charneux.be\/preprod\/wp-content\/uploads\/2020\/10\/IMG_20201002_103905-1536x1152.jpg 1536w, https:\/\/charneux.be\/preprod\/wp-content\/uploads\/2020\/10\/IMG_20201002_103905-2048x1536.jpg 2048w\" sizes=\"(max-width: 300px) 100vw, 300px\" \/><\/a> <a href=\"http:\/\/charneux.be\/wordpress\/wp-content\/uploads\/2020\/10\/IMG_20201002_113950-scaled.jpg\"><img loading=\"lazy\" decoding=\"async\" class=\"alignnone size-medium wp-image-614\" src=\"http:\/\/charneux.be\/wordpress\/wp-content\/uploads\/2020\/10\/IMG_20201002_113950-300x225.jpg\" alt=\"\" width=\"300\" height=\"225\" srcset=\"https:\/\/charneux.be\/preprod\/wp-content\/uploads\/2020\/10\/IMG_20201002_113950-300x225.jpg 300w, https:\/\/charneux.be\/preprod\/wp-content\/uploads\/2020\/10\/IMG_20201002_113950-1024x768.jpg 1024w, https:\/\/charneux.be\/preprod\/wp-content\/uploads\/2020\/10\/IMG_20201002_113950-768x576.jpg 768w, https:\/\/charneux.be\/preprod\/wp-content\/uploads\/2020\/10\/IMG_20201002_113950-1536x1152.jpg 1536w, https:\/\/charneux.be\/preprod\/wp-content\/uploads\/2020\/10\/IMG_20201002_113950-2048x1536.jpg 2048w\" sizes=\"(max-width: 300px) 100vw, 300px\" \/><\/a> <a href=\"http:\/\/charneux.be\/wordpress\/wp-content\/uploads\/2020\/10\/IMG_20201002_150513-scaled.jpg\"><img loading=\"lazy\" decoding=\"async\" class=\"alignnone size-medium wp-image-615\" src=\"http:\/\/charneux.be\/wordpress\/wp-content\/uploads\/2020\/10\/IMG_20201002_150513-300x225.jpg\" alt=\"\" width=\"300\" height=\"225\" srcset=\"https:\/\/charneux.be\/preprod\/wp-content\/uploads\/2020\/10\/IMG_20201002_150513-300x225.jpg 300w, https:\/\/charneux.be\/preprod\/wp-content\/uploads\/2020\/10\/IMG_20201002_150513-1024x768.jpg 1024w, https:\/\/charneux.be\/preprod\/wp-content\/uploads\/2020\/10\/IMG_20201002_150513-768x576.jpg 768w, https:\/\/charneux.be\/preprod\/wp-content\/uploads\/2020\/10\/IMG_20201002_150513-1536x1152.jpg 1536w, https:\/\/charneux.be\/preprod\/wp-content\/uploads\/2020\/10\/IMG_20201002_150513-2048x1536.jpg 2048w\" sizes=\"(max-width: 300px) 100vw, 300px\" \/><\/a> <a href=\"http:\/\/charneux.be\/wordpress\/wp-content\/uploads\/2020\/10\/IMG_0228-scaled.jpg\"><img loading=\"lazy\" decoding=\"async\" class=\"alignnone size-medium wp-image-616\" src=\"http:\/\/charneux.be\/wordpress\/wp-content\/uploads\/2020\/10\/IMG_0228-300x225.jpg\" alt=\"\" width=\"300\" height=\"225\" srcset=\"https:\/\/charneux.be\/preprod\/wp-content\/uploads\/2020\/10\/IMG_0228-300x225.jpg 300w, https:\/\/charneux.be\/preprod\/wp-content\/uploads\/2020\/10\/IMG_0228-1024x768.jpg 1024w, https:\/\/charneux.be\/preprod\/wp-content\/uploads\/2020\/10\/IMG_0228-768x576.jpg 768w, https:\/\/charneux.be\/preprod\/wp-content\/uploads\/2020\/10\/IMG_0228-1536x1152.jpg 1536w, https:\/\/charneux.be\/preprod\/wp-content\/uploads\/2020\/10\/IMG_0228-2048x1536.jpg 2048w\" sizes=\"(max-width: 300px) 100vw, 300px\" \/><\/a><\/p>\n","protected":false},"excerpt":{"rendered":"<p>A la fin du mois de septembre, les \u00e9l\u00e8ves de cinqui\u00e8me et sixi\u00e8me sont partis 3 jours \u00e0 Bouillon. Au menu : visite du mus\u00e9e \u00e0 Bastogne, jeux de strat\u00e9gie,\u00a0 visite du ch\u00e2teau de Bouillon, veill\u00e9e &#8230;\u00a0 3 jours enrichissants !<\/p>\n","protected":false},"author":3,"featured_media":608,"comment_status":"closed","ping_status":"open","sticky":false,"template":"","format":"standard","meta":{"footnotes":""},"categories":[1],"tags":[],"class_list":["post-606","post","type-post","status-publish","format-standard","has-post-thumbnail","hentry","category-non-classe"],"yoast_head":"<!-- This site is optimized with the Yoast SEO plugin v23.6 - https:\/\/yoast.com\/wordpress\/plugins\/seo\/ -->\n<title>Notre s\u00e9jour \u00e0 Bouillon - Charneux<\/title>\n<meta name=\"robots\" content=\"noindex, follow, max-snippet:-1, max-image-preview:large, max-video-preview:-1\" \/>\n<meta property=\"og:locale\" content=\"fr_FR\" \/>\n<meta property=\"og:type\" content=\"article\" \/>\n<meta property=\"og:title\" content=\"Notre s\u00e9jour \u00e0 Bouillon - Charneux\" \/>\n<meta property=\"og:description\" content=\"A la fin du mois de septembre, les \u00e9l\u00e8ves de cinqui\u00e8me et sixi\u00e8me sont partis 3 jours \u00e0 Bouillon. Au menu : visite du mus\u00e9e \u00e0 Bastogne, jeux de strat\u00e9gie,\u00a0 visite du ch\u00e2teau de Bouillon, veill\u00e9e &#8230;\u00a0 3 jours enrichissants !\" \/>\n<meta property=\"og:url\" content=\"https:\/\/charneux.be\/preprod\/notre-sejour-a-bouillon\/\" \/>\n<meta property=\"og:site_name\" content=\"Charneux\" \/>\n<meta property=\"article:published_time\" content=\"2020-10-09T11:38:06+00:00\" \/>\n<meta property=\"og:image\" content=\"https:\/\/charneux.be\/preprod\/wp-content\/uploads\/2020\/10\/IMG_20200930_155600-scaled.jpg\" \/>\n\t<meta property=\"og:image:width\" content=\"2560\" \/>\n\t<meta property=\"og:image:height\" content=\"1920\" \/>\n\t<meta property=\"og:image:type\" content=\"image\/jpeg\" \/>\n<meta name=\"author\" content=\"Gilles Collings\" \/>\n<meta name=\"twitter:label1\" content=\"\u00c9crit par\" \/>\n\t<meta name=\"twitter:data1\" content=\"Gilles Collings\" \/>\n<script type=\"application\/ld+json\" class=\"yoast-schema-graph\">{\"@context\":\"https:\/\/schema.org\",\"@graph\":[{\"@type\":\"Article\",\"@id\":\"https:\/\/charneux.be\/preprod\/notre-sejour-a-bouillon\/#article\",\"isPartOf\":{\"@id\":\"https:\/\/charneux.be\/preprod\/notre-sejour-a-bouillon\/\"},\"author\":{\"name\":\"Gilles Collings\",\"@id\":\"https:\/\/charneux.be\/preprod\/#\/schema\/person\/0b1651317d01999c5d965686422d77cb\"},\"headline\":\"Notre s\u00e9jour \u00e0 Bouillon\",\"datePublished\":\"2020-10-09T11:38:06+00:00\",\"dateModified\":\"2020-10-09T11:38:06+00:00\",\"mainEntityOfPage\":{\"@id\":\"https:\/\/charneux.be\/preprod\/notre-sejour-a-bouillon\/\"},\"wordCount\":53,\"publisher\":{\"@id\":\"https:\/\/charneux.be\/preprod\/#organization\"},\"image\":{\"@id\":\"https:\/\/charneux.be\/preprod\/notre-sejour-a-bouillon\/#primaryimage\"},\"thumbnailUrl\":\"https:\/\/charneux.be\/preprod\/wp-content\/uploads\/2020\/10\/IMG_20200930_155600-scaled.jpg\",\"inLanguage\":\"fr-FR\"},{\"@type\":\"WebPage\",\"@id\":\"https:\/\/charneux.be\/preprod\/notre-sejour-a-bouillon\/\",\"url\":\"https:\/\/charneux.be\/preprod\/notre-sejour-a-bouillon\/\",\"name\":\"Notre s\u00e9jour \u00e0 Bouillon - Charneux\",\"isPartOf\":{\"@id\":\"https:\/\/charneux.be\/preprod\/#website\"},\"primaryImageOfPage\":{\"@id\":\"https:\/\/charneux.be\/preprod\/notre-sejour-a-bouillon\/#primaryimage\"},\"image\":{\"@id\":\"https:\/\/charneux.be\/preprod\/notre-sejour-a-bouillon\/#primaryimage\"},\"thumbnailUrl\":\"https:\/\/charneux.be\/preprod\/wp-content\/uploads\/2020\/10\/IMG_20200930_155600-scaled.jpg\",\"datePublished\":\"2020-10-09T11:38:06+00:00\",\"dateModified\":\"2020-10-09T11:38:06+00:00\",\"breadcrumb\":{\"@id\":\"https:\/\/charneux.be\/preprod\/notre-sejour-a-bouillon\/#breadcrumb\"},\"inLanguage\":\"fr-FR\",\"potentialAction\":[{\"@type\":\"ReadAction\",\"target\":[\"https:\/\/charneux.be\/preprod\/notre-sejour-a-bouillon\/\"]}]},{\"@type\":\"ImageObject\",\"inLanguage\":\"fr-FR\",\"@id\":\"https:\/\/charneux.be\/preprod\/notre-sejour-a-bouillon\/#primaryimage\",\"url\":\"https:\/\/charneux.be\/preprod\/wp-content\/uploads\/2020\/10\/IMG_20200930_155600-scaled.jpg\",\"contentUrl\":\"https:\/\/charneux.be\/preprod\/wp-content\/uploads\/2020\/10\/IMG_20200930_155600-scaled.jpg\",\"width\":2560,\"height\":1920},{\"@type\":\"BreadcrumbList\",\"@id\":\"https:\/\/charneux.be\/preprod\/notre-sejour-a-bouillon\/#breadcrumb\",\"itemListElement\":[{\"@type\":\"ListItem\",\"position\":1,\"name\":\"Accueil\",\"item\":\"https:\/\/charneux.be\/preprod\/\"},{\"@type\":\"ListItem\",\"position\":2,\"name\":\"Notre s\u00e9jour \u00e0 Bouillon\"}]},{\"@type\":\"WebSite\",\"@id\":\"https:\/\/charneux.be\/preprod\/#website\",\"url\":\"https:\/\/charneux.be\/preprod\/\",\"name\":\"Charneux\",\"description\":\"\",\"publisher\":{\"@id\":\"https:\/\/charneux.be\/preprod\/#organization\"},\"potentialAction\":[{\"@type\":\"SearchAction\",\"target\":{\"@type\":\"EntryPoint\",\"urlTemplate\":\"https:\/\/charneux.be\/preprod\/?s={search_term_string}\"},\"query-input\":{\"@type\":\"PropertyValueSpecification\",\"valueRequired\":true,\"valueName\":\"search_term_string\"}}],\"inLanguage\":\"fr-FR\"},{\"@type\":\"Organization\",\"@id\":\"https:\/\/charneux.be\/preprod\/#organization\",\"name\":\"Ecole libre de Charneux\",\"url\":\"https:\/\/charneux.be\/preprod\/\",\"logo\":{\"@type\":\"ImageObject\",\"inLanguage\":\"fr-FR\",\"@id\":\"https:\/\/charneux.be\/preprod\/#\/schema\/logo\/image\/\",\"url\":\"https:\/\/charneux.be\/preprod\/wp-content\/uploads\/2024\/08\/cropped-Logo-bleu.png\",\"contentUrl\":\"https:\/\/charneux.be\/preprod\/wp-content\/uploads\/2024\/08\/cropped-Logo-bleu.png\",\"width\":480,\"height\":799,\"caption\":\"Ecole libre de Charneux\"},\"image\":{\"@id\":\"https:\/\/charneux.be\/preprod\/#\/schema\/logo\/image\/\"}},{\"@type\":\"Person\",\"@id\":\"https:\/\/charneux.be\/preprod\/#\/schema\/person\/0b1651317d01999c5d965686422d77cb\",\"name\":\"Gilles Collings\",\"image\":{\"@type\":\"ImageObject\",\"inLanguage\":\"fr-FR\",\"@id\":\"https:\/\/charneux.be\/preprod\/#\/schema\/person\/image\/\",\"url\":\"https:\/\/secure.gravatar.com\/avatar\/320dcf4529b471bc3f0dc256dbefcb4434faec727325adce4fe24429eae36178?s=96&d=mm&r=g\",\"contentUrl\":\"https:\/\/secure.gravatar.com\/avatar\/320dcf4529b471bc3f0dc256dbefcb4434faec727325adce4fe24429eae36178?s=96&d=mm&r=g\",\"caption\":\"Gilles Collings\"},\"url\":\"https:\/\/charneux.be\/preprod\/author\/gilles\/\"}]}<\/script>\n<!-- \/ Yoast SEO plugin. -->","yoast_head_json":{"title":"Notre s\u00e9jour \u00e0 Bouillon - Charneux","robots":{"index":"noindex","follow":"follow","max-snippet":"max-snippet:-1","max-image-preview":"max-image-preview:large","max-video-preview":"max-video-preview:-1"},"og_locale":"fr_FR","og_type":"article","og_title":"Notre s\u00e9jour \u00e0 Bouillon - Charneux","og_description":"A la fin du mois de septembre, les \u00e9l\u00e8ves de cinqui\u00e8me et sixi\u00e8me sont partis 3 jours \u00e0 Bouillon. Au menu : visite du mus\u00e9e \u00e0 Bastogne, jeux de strat\u00e9gie,\u00a0 visite du ch\u00e2teau de Bouillon, veill\u00e9e &#8230;\u00a0 3 jours enrichissants !","og_url":"https:\/\/charneux.be\/preprod\/notre-sejour-a-bouillon\/","og_site_name":"Charneux","article_published_time":"2020-10-09T11:38:06+00:00","og_image":[{"width":2560,"height":1920,"url":"https:\/\/charneux.be\/preprod\/wp-content\/uploads\/2020\/10\/IMG_20200930_155600-scaled.jpg","type":"image\/jpeg"}],"author":"Gilles Collings","twitter_misc":{"\u00c9crit par":"Gilles Collings"},"schema":{"@context":"https:\/\/schema.org","@graph":[{"@type":"Article","@id":"https:\/\/charneux.be\/preprod\/notre-sejour-a-bouillon\/#article","isPartOf":{"@id":"https:\/\/charneux.be\/preprod\/notre-sejour-a-bouillon\/"},"author":{"name":"Gilles Collings","@id":"https:\/\/charneux.be\/preprod\/#\/schema\/person\/0b1651317d01999c5d965686422d77cb"},"headline":"Notre s\u00e9jour \u00e0 Bouillon","datePublished":"2020-10-09T11:38:06+00:00","dateModified":"2020-10-09T11:38:06+00:00","mainEntityOfPage":{"@id":"https:\/\/charneux.be\/preprod\/notre-sejour-a-bouillon\/"},"wordCount":53,"publisher":{"@id":"https:\/\/charneux.be\/preprod\/#organization"},"image":{"@id":"https:\/\/charneux.be\/preprod\/notre-sejour-a-bouillon\/#primaryimage"},"thumbnailUrl":"https:\/\/charneux.be\/preprod\/wp-content\/uploads\/2020\/10\/IMG_20200930_155600-scaled.jpg","inLanguage":"fr-FR"},{"@type":"WebPage","@id":"https:\/\/charneux.be\/preprod\/notre-sejour-a-bouillon\/","url":"https:\/\/charneux.be\/preprod\/notre-sejour-a-bouillon\/","name":"Notre s\u00e9jour \u00e0 Bouillon - Charneux","isPartOf":{"@id":"https:\/\/charneux.be\/preprod\/#website"},"primaryImageOfPage":{"@id":"https:\/\/charneux.be\/preprod\/notre-sejour-a-bouillon\/#primaryimage"},"image":{"@id":"https:\/\/charneux.be\/preprod\/notre-sejour-a-bouillon\/#primaryimage"},"thumbnailUrl":"https:\/\/charneux.be\/preprod\/wp-content\/uploads\/2020\/10\/IMG_20200930_155600-scaled.jpg","datePublished":"2020-10-09T11:38:06+00:00","dateModified":"2020-10-09T11:38:06+00:00","breadcrumb":{"@id":"https:\/\/charneux.be\/preprod\/notre-sejour-a-bouillon\/#breadcrumb"},"inLanguage":"fr-FR","potentialAction":[{"@type":"ReadAction","target":["https:\/\/charneux.be\/preprod\/notre-sejour-a-bouillon\/"]}]},{"@type":"ImageObject","inLanguage":"fr-FR","@id":"https:\/\/charneux.be\/preprod\/notre-sejour-a-bouillon\/#primaryimage","url":"https:\/\/charneux.be\/preprod\/wp-content\/uploads\/2020\/10\/IMG_20200930_155600-scaled.jpg","contentUrl":"https:\/\/charneux.be\/preprod\/wp-content\/uploads\/2020\/10\/IMG_20200930_155600-scaled.jpg","width":2560,"height":1920},{"@type":"BreadcrumbList","@id":"https:\/\/charneux.be\/preprod\/notre-sejour-a-bouillon\/#breadcrumb","itemListElement":[{"@type":"ListItem","position":1,"name":"Accueil","item":"https:\/\/charneux.be\/preprod\/"},{"@type":"ListItem","position":2,"name":"Notre s\u00e9jour \u00e0 Bouillon"}]},{"@type":"WebSite","@id":"https:\/\/charneux.be\/preprod\/#website","url":"https:\/\/charneux.be\/preprod\/","name":"Charneux","description":"","publisher":{"@id":"https:\/\/charneux.be\/preprod\/#organization"},"potentialAction":[{"@type":"SearchAction","target":{"@type":"EntryPoint","urlTemplate":"https:\/\/charneux.be\/preprod\/?s={search_term_string}"},"query-input":{"@type":"PropertyValueSpecification","valueRequired":true,"valueName":"search_term_string"}}],"inLanguage":"fr-FR"},{"@type":"Organization","@id":"https:\/\/charneux.be\/preprod\/#organization","name":"Ecole libre de Charneux","url":"https:\/\/charneux.be\/preprod\/","logo":{"@type":"ImageObject","inLanguage":"fr-FR","@id":"https:\/\/charneux.be\/preprod\/#\/schema\/logo\/image\/","url":"https:\/\/charneux.be\/preprod\/wp-content\/uploads\/2024\/08\/cropped-Logo-bleu.png","contentUrl":"https:\/\/charneux.be\/preprod\/wp-content\/uploads\/2024\/08\/cropped-Logo-bleu.png","width":480,"height":799,"caption":"Ecole libre de Charneux"},"image":{"@id":"https:\/\/charneux.be\/preprod\/#\/schema\/logo\/image\/"}},{"@type":"Person","@id":"https:\/\/charneux.be\/preprod\/#\/schema\/person\/0b1651317d01999c5d965686422d77cb","name":"Gilles Collings","image":{"@type":"ImageObject","inLanguage":"fr-FR","@id":"https:\/\/charneux.be\/preprod\/#\/schema\/person\/image\/","url":"https:\/\/secure.gravatar.com\/avatar\/320dcf4529b471bc3f0dc256dbefcb4434faec727325adce4fe24429eae36178?s=96&d=mm&r=g","contentUrl":"https:\/\/secure.gravatar.com\/avatar\/320dcf4529b471bc3f0dc256dbefcb4434faec727325adce4fe24429eae36178?s=96&d=mm&r=g","caption":"Gilles Collings"},"url":"https:\/\/charneux.be\/preprod\/author\/gilles\/"}]}},"_links":{"self":[{"href":"https:\/\/charneux.be\/preprod\/wp-json\/wp\/v2\/posts\/606","targetHints":{"allow":["GET"]}}],"collection":[{"href":"https:\/\/charneux.be\/preprod\/wp-json\/wp\/v2\/posts"}],"about":[{"href":"https:\/\/charneux.be\/preprod\/wp-json\/wp\/v2\/types\/post"}],"author":[{"embeddable":true,"href":"https:\/\/charneux.be\/preprod\/wp-json\/wp\/v2\/users\/3"}],"replies":[{"embeddable":true,"href":"https:\/\/charneux.be\/preprod\/wp-json\/wp\/v2\/comments?post=606"}],"version-history":[{"count":1,"href":"https:\/\/charneux.be\/preprod\/wp-json\/wp\/v2\/posts\/606\/revisions"}],"predecessor-version":[{"id":617,"href":"https:\/\/charneux.be\/preprod\/wp-json\/wp\/v2\/posts\/606\/revisions\/617"}],"wp:featuredmedia":[{"embeddable":true,"href":"https:\/\/charneux.be\/preprod\/wp-json\/wp\/v2\/media\/608"}],"wp:attachment":[{"href":"https:\/\/charneux.be\/preprod\/wp-json\/wp\/v2\/media?parent=606"}],"wp:term":[{"taxonomy":"category","embeddable":true,"href":"https:\/\/charneux.be\/preprod\/wp-json\/wp\/v2\/categories?post=606"},{"taxonomy":"post_tag","embeddable":true,"href":"https:\/\/charneux.be\/preprod\/wp-json\/wp\/v2\/tags?post=606"}],"curies":[{"name":"wp","href":"https:\/\/api.w.org\/{rel}","templated":true}]}}