{"id":653,"date":"2020-11-24T21:27:49","date_gmt":"2020-11-24T20:27:49","guid":{"rendered":"http:\/\/charneux.be\/wordpress\/?p=653"},"modified":"2020-12-11T18:04:03","modified_gmt":"2020-12-11T17:04:03","slug":"les-eleves-vont-danser-au-profit-de-viva-for-life","status":"publish","type":"post","link":"https:\/\/charneux.be\/preprod\/les-eleves-vont-danser-au-profit-de-viva-for-life\/","title":{"rendered":"Les \u00e9l\u00e8ves ont dans\u00e9 &#8230; au profit de Viva for Life !"},"content":{"rendered":"<p tabindex=\"0\">Bonjour \u00e0 tous,<\/p>\n<p tabindex=\"0\">Ce jeudi 10 d\u00e9cembre, les \u00e9l\u00e8ves ont dans\u00e9 &#8230; au profit de Viva for Life !<\/p>\n<p><iframe title=\"Chor\u00e9graphie VFL 2020 Charneux\" width=\"800\" height=\"600\" src=\"https:\/\/www.youtube.com\/embed\/3nAvUY8b3L4?feature=oembed\" frameborder=\"0\" allow=\"accelerometer; autoplay; clipboard-write; encrypted-media; gyroscope; picture-in-picture; web-share\" referrerpolicy=\"strict-origin-when-cross-origin\" allowfullscreen><\/iframe><\/p>\n<p>&nbsp;<\/p>\n<p>Cette ann\u00e9e, notre \u00e9cole a d\u00e9cid\u00e9 de soutenir \u00e0 nouveau\u00a0<strong tabindex=\"0\">Viva for Life<\/strong>\u00a0en s&rsquo;inscrivant au concours propos\u00e9 par les animateurs. Nous devions r\u00e9colter 500 \u20ac et notre cagnotte approche ce jeudi les 2000 \u20ac !<\/p>\n<p>Vous pouvez continuer \u00e0 nous soutenir encore quelques jours :<\/p>\n<p><span style=\"font-size: 18pt;\">Cliquez sur ce lien<span style=\"font-size: 12pt;\"> : (ou copiez-le dans une nouvelle fen\u00eatre si \u00e7a ne fonctionne pas)<\/span> <a href=\"https:\/\/agir.vivaforlife.be\/projects\/l-ecole-de-charneux-se-mobilise\">https:\/\/agir.vivaforlife.be\/projects\/l-ecole-de-charneux-se-mobilise <\/a><\/span><\/p>\n<p>Merci pour votre don !<\/p>\n<p>&nbsp;<\/p>\n","protected":false},"excerpt":{"rendered":"<p>Bonjour \u00e0 tous, Ce jeudi 10 d\u00e9cembre, les \u00e9l\u00e8ves ont dans\u00e9 &#8230; au profit de Viva for Life ! &nbsp; Cette ann\u00e9e, notre \u00e9cole a d\u00e9cid\u00e9 de soutenir \u00e0 nouveau\u00a0Viva for Life\u00a0en s&rsquo;inscrivant au concours propos\u00e9 par les animateurs. Nous devions r\u00e9colter 500 \u20ac et notre cagnotte approche ce jeudi les 2000 \u20ac ! Vous [&hellip;]<\/p>\n","protected":false},"author":3,"featured_media":665,"comment_status":"closed","ping_status":"open","sticky":false,"template":"","format":"standard","meta":{"footnotes":""},"categories":[1],"tags":[],"class_list":["post-653","post","type-post","status-publish","format-standard","has-post-thumbnail","hentry","category-non-classe"],"yoast_head":"<!-- This site is optimized with the Yoast SEO plugin v23.6 - https:\/\/yoast.com\/wordpress\/plugins\/seo\/ -->\n<title>Les \u00e9l\u00e8ves ont dans\u00e9 ... au profit de Viva for Life ! - Charneux<\/title>\n<meta name=\"robots\" content=\"noindex, follow, max-snippet:-1, max-image-preview:large, max-video-preview:-1\" \/>\n<meta property=\"og:locale\" content=\"fr_FR\" \/>\n<meta property=\"og:type\" content=\"article\" \/>\n<meta property=\"og:title\" content=\"Les \u00e9l\u00e8ves ont dans\u00e9 ... au profit de Viva for Life ! - Charneux\" \/>\n<meta property=\"og:description\" content=\"Bonjour \u00e0 tous, Ce jeudi 10 d\u00e9cembre, les \u00e9l\u00e8ves ont dans\u00e9 &#8230; au profit de Viva for Life ! &nbsp; Cette ann\u00e9e, notre \u00e9cole a d\u00e9cid\u00e9 de soutenir \u00e0 nouveau\u00a0Viva for Life\u00a0en s&rsquo;inscrivant au concours propos\u00e9 par les animateurs. Nous devions r\u00e9colter 500 \u20ac et notre cagnotte approche ce jeudi les 2000 \u20ac ! Vous [&hellip;]\" \/>\n<meta property=\"og:url\" content=\"https:\/\/charneux.be\/preprod\/les-eleves-vont-danser-au-profit-de-viva-for-life\/\" \/>\n<meta property=\"og:site_name\" content=\"Charneux\" \/>\n<meta property=\"article:published_time\" content=\"2020-11-24T20:27:49+00:00\" \/>\n<meta property=\"article:modified_time\" content=\"2020-12-11T17:04:03+00:00\" \/>\n<meta property=\"og:image\" content=\"https:\/\/charneux.be\/preprod\/wp-content\/uploads\/2020\/11\/chor\u00e9vfl.jpg\" \/>\n\t<meta property=\"og:image:width\" content=\"1080\" \/>\n\t<meta property=\"og:image:height\" content=\"810\" \/>\n\t<meta property=\"og:image:type\" content=\"image\/jpeg\" \/>\n<meta name=\"author\" content=\"Gilles Collings\" \/>\n<meta name=\"twitter:label1\" content=\"\u00c9crit par\" \/>\n\t<meta name=\"twitter:data1\" content=\"Gilles Collings\" \/>\n<script type=\"application\/ld+json\" class=\"yoast-schema-graph\">{\"@context\":\"https:\/\/schema.org\",\"@graph\":[{\"@type\":\"Article\",\"@id\":\"https:\/\/charneux.be\/preprod\/les-eleves-vont-danser-au-profit-de-viva-for-life\/#article\",\"isPartOf\":{\"@id\":\"https:\/\/charneux.be\/preprod\/les-eleves-vont-danser-au-profit-de-viva-for-life\/\"},\"author\":{\"name\":\"Gilles Collings\",\"@id\":\"https:\/\/charneux.be\/preprod\/#\/schema\/person\/0b1651317d01999c5d965686422d77cb\"},\"headline\":\"Les \u00e9l\u00e8ves ont dans\u00e9 &#8230; au profit de Viva for Life !\",\"datePublished\":\"2020-11-24T20:27:49+00:00\",\"dateModified\":\"2020-12-11T17:04:03+00:00\",\"mainEntityOfPage\":{\"@id\":\"https:\/\/charneux.be\/preprod\/les-eleves-vont-danser-au-profit-de-viva-for-life\/\"},\"wordCount\":109,\"publisher\":{\"@id\":\"https:\/\/charneux.be\/preprod\/#organization\"},\"image\":{\"@id\":\"https:\/\/charneux.be\/preprod\/les-eleves-vont-danser-au-profit-de-viva-for-life\/#primaryimage\"},\"thumbnailUrl\":\"https:\/\/charneux.be\/preprod\/wp-content\/uploads\/2020\/11\/chor\u00e9vfl.jpg\",\"inLanguage\":\"fr-FR\"},{\"@type\":\"WebPage\",\"@id\":\"https:\/\/charneux.be\/preprod\/les-eleves-vont-danser-au-profit-de-viva-for-life\/\",\"url\":\"https:\/\/charneux.be\/preprod\/les-eleves-vont-danser-au-profit-de-viva-for-life\/\",\"name\":\"Les \u00e9l\u00e8ves ont dans\u00e9 ... au profit de Viva for Life ! - Charneux\",\"isPartOf\":{\"@id\":\"https:\/\/charneux.be\/preprod\/#website\"},\"primaryImageOfPage\":{\"@id\":\"https:\/\/charneux.be\/preprod\/les-eleves-vont-danser-au-profit-de-viva-for-life\/#primaryimage\"},\"image\":{\"@id\":\"https:\/\/charneux.be\/preprod\/les-eleves-vont-danser-au-profit-de-viva-for-life\/#primaryimage\"},\"thumbnailUrl\":\"https:\/\/charneux.be\/preprod\/wp-content\/uploads\/2020\/11\/chor\u00e9vfl.jpg\",\"datePublished\":\"2020-11-24T20:27:49+00:00\",\"dateModified\":\"2020-12-11T17:04:03+00:00\",\"breadcrumb\":{\"@id\":\"https:\/\/charneux.be\/preprod\/les-eleves-vont-danser-au-profit-de-viva-for-life\/#breadcrumb\"},\"inLanguage\":\"fr-FR\",\"potentialAction\":[{\"@type\":\"ReadAction\",\"target\":[\"https:\/\/charneux.be\/preprod\/les-eleves-vont-danser-au-profit-de-viva-for-life\/\"]}]},{\"@type\":\"ImageObject\",\"inLanguage\":\"fr-FR\",\"@id\":\"https:\/\/charneux.be\/preprod\/les-eleves-vont-danser-au-profit-de-viva-for-life\/#primaryimage\",\"url\":\"https:\/\/charneux.be\/preprod\/wp-content\/uploads\/2020\/11\/chor\u00e9vfl.jpg\",\"contentUrl\":\"https:\/\/charneux.be\/preprod\/wp-content\/uploads\/2020\/11\/chor\u00e9vfl.jpg\",\"width\":1080,\"height\":810},{\"@type\":\"BreadcrumbList\",\"@id\":\"https:\/\/charneux.be\/preprod\/les-eleves-vont-danser-au-profit-de-viva-for-life\/#breadcrumb\",\"itemListElement\":[{\"@type\":\"ListItem\",\"position\":1,\"name\":\"Accueil\",\"item\":\"https:\/\/charneux.be\/preprod\/\"},{\"@type\":\"ListItem\",\"position\":2,\"name\":\"Les \u00e9l\u00e8ves ont dans\u00e9 &#8230; au profit de Viva for Life !\"}]},{\"@type\":\"WebSite\",\"@id\":\"https:\/\/charneux.be\/preprod\/#website\",\"url\":\"https:\/\/charneux.be\/preprod\/\",\"name\":\"Charneux\",\"description\":\"\",\"publisher\":{\"@id\":\"https:\/\/charneux.be\/preprod\/#organization\"},\"potentialAction\":[{\"@type\":\"SearchAction\",\"target\":{\"@type\":\"EntryPoint\",\"urlTemplate\":\"https:\/\/charneux.be\/preprod\/?s={search_term_string}\"},\"query-input\":{\"@type\":\"PropertyValueSpecification\",\"valueRequired\":true,\"valueName\":\"search_term_string\"}}],\"inLanguage\":\"fr-FR\"},{\"@type\":\"Organization\",\"@id\":\"https:\/\/charneux.be\/preprod\/#organization\",\"name\":\"Ecole libre de Charneux\",\"url\":\"https:\/\/charneux.be\/preprod\/\",\"logo\":{\"@type\":\"ImageObject\",\"inLanguage\":\"fr-FR\",\"@id\":\"https:\/\/charneux.be\/preprod\/#\/schema\/logo\/image\/\",\"url\":\"https:\/\/charneux.be\/preprod\/wp-content\/uploads\/2024\/08\/cropped-Logo-bleu.png\",\"contentUrl\":\"https:\/\/charneux.be\/preprod\/wp-content\/uploads\/2024\/08\/cropped-Logo-bleu.png\",\"width\":480,\"height\":799,\"caption\":\"Ecole libre de Charneux\"},\"image\":{\"@id\":\"https:\/\/charneux.be\/preprod\/#\/schema\/logo\/image\/\"}},{\"@type\":\"Person\",\"@id\":\"https:\/\/charneux.be\/preprod\/#\/schema\/person\/0b1651317d01999c5d965686422d77cb\",\"name\":\"Gilles Collings\",\"image\":{\"@type\":\"ImageObject\",\"inLanguage\":\"fr-FR\",\"@id\":\"https:\/\/charneux.be\/preprod\/#\/schema\/person\/image\/\",\"url\":\"https:\/\/secure.gravatar.com\/avatar\/320dcf4529b471bc3f0dc256dbefcb4434faec727325adce4fe24429eae36178?s=96&d=mm&r=g\",\"contentUrl\":\"https:\/\/secure.gravatar.com\/avatar\/320dcf4529b471bc3f0dc256dbefcb4434faec727325adce4fe24429eae36178?s=96&d=mm&r=g\",\"caption\":\"Gilles Collings\"},\"url\":\"https:\/\/charneux.be\/preprod\/author\/gilles\/\"}]}<\/script>\n<!-- \/ Yoast SEO plugin. -->","yoast_head_json":{"title":"Les \u00e9l\u00e8ves ont dans\u00e9 ... au profit de Viva for Life ! - Charneux","robots":{"index":"noindex","follow":"follow","max-snippet":"max-snippet:-1","max-image-preview":"max-image-preview:large","max-video-preview":"max-video-preview:-1"},"og_locale":"fr_FR","og_type":"article","og_title":"Les \u00e9l\u00e8ves ont dans\u00e9 ... au profit de Viva for Life ! - Charneux","og_description":"Bonjour \u00e0 tous, Ce jeudi 10 d\u00e9cembre, les \u00e9l\u00e8ves ont dans\u00e9 &#8230; au profit de Viva for Life ! &nbsp; Cette ann\u00e9e, notre \u00e9cole a d\u00e9cid\u00e9 de soutenir \u00e0 nouveau\u00a0Viva for Life\u00a0en s&rsquo;inscrivant au concours propos\u00e9 par les animateurs. Nous devions r\u00e9colter 500 \u20ac et notre cagnotte approche ce jeudi les 2000 \u20ac ! Vous [&hellip;]","og_url":"https:\/\/charneux.be\/preprod\/les-eleves-vont-danser-au-profit-de-viva-for-life\/","og_site_name":"Charneux","article_published_time":"2020-11-24T20:27:49+00:00","article_modified_time":"2020-12-11T17:04:03+00:00","og_image":[{"width":1080,"height":810,"url":"https:\/\/charneux.be\/preprod\/wp-content\/uploads\/2020\/11\/chor\u00e9vfl.jpg","type":"image\/jpeg"}],"author":"Gilles Collings","twitter_misc":{"\u00c9crit par":"Gilles Collings"},"schema":{"@context":"https:\/\/schema.org","@graph":[{"@type":"Article","@id":"https:\/\/charneux.be\/preprod\/les-eleves-vont-danser-au-profit-de-viva-for-life\/#article","isPartOf":{"@id":"https:\/\/charneux.be\/preprod\/les-eleves-vont-danser-au-profit-de-viva-for-life\/"},"author":{"name":"Gilles Collings","@id":"https:\/\/charneux.be\/preprod\/#\/schema\/person\/0b1651317d01999c5d965686422d77cb"},"headline":"Les \u00e9l\u00e8ves ont dans\u00e9 &#8230; au profit de Viva for Life !","datePublished":"2020-11-24T20:27:49+00:00","dateModified":"2020-12-11T17:04:03+00:00","mainEntityOfPage":{"@id":"https:\/\/charneux.be\/preprod\/les-eleves-vont-danser-au-profit-de-viva-for-life\/"},"wordCount":109,"publisher":{"@id":"https:\/\/charneux.be\/preprod\/#organization"},"image":{"@id":"https:\/\/charneux.be\/preprod\/les-eleves-vont-danser-au-profit-de-viva-for-life\/#primaryimage"},"thumbnailUrl":"https:\/\/charneux.be\/preprod\/wp-content\/uploads\/2020\/11\/chor\u00e9vfl.jpg","inLanguage":"fr-FR"},{"@type":"WebPage","@id":"https:\/\/charneux.be\/preprod\/les-eleves-vont-danser-au-profit-de-viva-for-life\/","url":"https:\/\/charneux.be\/preprod\/les-eleves-vont-danser-au-profit-de-viva-for-life\/","name":"Les \u00e9l\u00e8ves ont dans\u00e9 ... au profit de Viva for Life ! - Charneux","isPartOf":{"@id":"https:\/\/charneux.be\/preprod\/#website"},"primaryImageOfPage":{"@id":"https:\/\/charneux.be\/preprod\/les-eleves-vont-danser-au-profit-de-viva-for-life\/#primaryimage"},"image":{"@id":"https:\/\/charneux.be\/preprod\/les-eleves-vont-danser-au-profit-de-viva-for-life\/#primaryimage"},"thumbnailUrl":"https:\/\/charneux.be\/preprod\/wp-content\/uploads\/2020\/11\/chor\u00e9vfl.jpg","datePublished":"2020-11-24T20:27:49+00:00","dateModified":"2020-12-11T17:04:03+00:00","breadcrumb":{"@id":"https:\/\/charneux.be\/preprod\/les-eleves-vont-danser-au-profit-de-viva-for-life\/#breadcrumb"},"inLanguage":"fr-FR","potentialAction":[{"@type":"ReadAction","target":["https:\/\/charneux.be\/preprod\/les-eleves-vont-danser-au-profit-de-viva-for-life\/"]}]},{"@type":"ImageObject","inLanguage":"fr-FR","@id":"https:\/\/charneux.be\/preprod\/les-eleves-vont-danser-au-profit-de-viva-for-life\/#primaryimage","url":"https:\/\/charneux.be\/preprod\/wp-content\/uploads\/2020\/11\/chor\u00e9vfl.jpg","contentUrl":"https:\/\/charneux.be\/preprod\/wp-content\/uploads\/2020\/11\/chor\u00e9vfl.jpg","width":1080,"height":810},{"@type":"BreadcrumbList","@id":"https:\/\/charneux.be\/preprod\/les-eleves-vont-danser-au-profit-de-viva-for-life\/#breadcrumb","itemListElement":[{"@type":"ListItem","position":1,"name":"Accueil","item":"https:\/\/charneux.be\/preprod\/"},{"@type":"ListItem","position":2,"name":"Les \u00e9l\u00e8ves ont dans\u00e9 &#8230; au profit de Viva for Life !"}]},{"@type":"WebSite","@id":"https:\/\/charneux.be\/preprod\/#website","url":"https:\/\/charneux.be\/preprod\/","name":"Charneux","description":"","publisher":{"@id":"https:\/\/charneux.be\/preprod\/#organization"},"potentialAction":[{"@type":"SearchAction","target":{"@type":"EntryPoint","urlTemplate":"https:\/\/charneux.be\/preprod\/?s={search_term_string}"},"query-input":{"@type":"PropertyValueSpecification","valueRequired":true,"valueName":"search_term_string"}}],"inLanguage":"fr-FR"},{"@type":"Organization","@id":"https:\/\/charneux.be\/preprod\/#organization","name":"Ecole libre de Charneux","url":"https:\/\/charneux.be\/preprod\/","logo":{"@type":"ImageObject","inLanguage":"fr-FR","@id":"https:\/\/charneux.be\/preprod\/#\/schema\/logo\/image\/","url":"https:\/\/charneux.be\/preprod\/wp-content\/uploads\/2024\/08\/cropped-Logo-bleu.png","contentUrl":"https:\/\/charneux.be\/preprod\/wp-content\/uploads\/2024\/08\/cropped-Logo-bleu.png","width":480,"height":799,"caption":"Ecole libre de Charneux"},"image":{"@id":"https:\/\/charneux.be\/preprod\/#\/schema\/logo\/image\/"}},{"@type":"Person","@id":"https:\/\/charneux.be\/preprod\/#\/schema\/person\/0b1651317d01999c5d965686422d77cb","name":"Gilles Collings","image":{"@type":"ImageObject","inLanguage":"fr-FR","@id":"https:\/\/charneux.be\/preprod\/#\/schema\/person\/image\/","url":"https:\/\/secure.gravatar.com\/avatar\/320dcf4529b471bc3f0dc256dbefcb4434faec727325adce4fe24429eae36178?s=96&d=mm&r=g","contentUrl":"https:\/\/secure.gravatar.com\/avatar\/320dcf4529b471bc3f0dc256dbefcb4434faec727325adce4fe24429eae36178?s=96&d=mm&r=g","caption":"Gilles Collings"},"url":"https:\/\/charneux.be\/preprod\/author\/gilles\/"}]}},"_links":{"self":[{"href":"https:\/\/charneux.be\/preprod\/wp-json\/wp\/v2\/posts\/653","targetHints":{"allow":["GET"]}}],"collection":[{"href":"https:\/\/charneux.be\/preprod\/wp-json\/wp\/v2\/posts"}],"about":[{"href":"https:\/\/charneux.be\/preprod\/wp-json\/wp\/v2\/types\/post"}],"author":[{"embeddable":true,"href":"https:\/\/charneux.be\/preprod\/wp-json\/wp\/v2\/users\/3"}],"replies":[{"embeddable":true,"href":"https:\/\/charneux.be\/preprod\/wp-json\/wp\/v2\/comments?post=653"}],"version-history":[{"count":5,"href":"https:\/\/charneux.be\/preprod\/wp-json\/wp\/v2\/posts\/653\/revisions"}],"predecessor-version":[{"id":666,"href":"https:\/\/charneux.be\/preprod\/wp-json\/wp\/v2\/posts\/653\/revisions\/666"}],"wp:featuredmedia":[{"embeddable":true,"href":"https:\/\/charneux.be\/preprod\/wp-json\/wp\/v2\/media\/665"}],"wp:attachment":[{"href":"https:\/\/charneux.be\/preprod\/wp-json\/wp\/v2\/media?parent=653"}],"wp:term":[{"taxonomy":"category","embeddable":true,"href":"https:\/\/charneux.be\/preprod\/wp-json\/wp\/v2\/categories?post=653"},{"taxonomy":"post_tag","embeddable":true,"href":"https:\/\/charneux.be\/preprod\/wp-json\/wp\/v2\/tags?post=653"}],"curies":[{"name":"wp","href":"https:\/\/api.w.org\/{rel}","templated":true}]}}