{"id":728,"date":"2021-04-27T10:32:55","date_gmt":"2021-04-27T09:32:55","guid":{"rendered":"http:\/\/charneux.be\/wordpress\/?p=728"},"modified":"2021-04-30T09:55:34","modified_gmt":"2021-04-30T08:55:34","slug":"la-classe-danne-francoise-ose-le-vert","status":"publish","type":"post","link":"https:\/\/charneux.be\/preprod\/la-classe-danne-francoise-ose-le-vert\/","title":{"rendered":"La classe d&rsquo;Anne-Fran\u00e7oise ose le Vert !"},"content":{"rendered":"<p>\u00c0 l&rsquo;\u00e9cole maternelle, les classes ont portes ouvertes sur le dehors&#8230; D\u00e8s que le soleil sort, on se retrouve en cercle ou sur les tables de pique-nique pour manger ensemble ou m\u00eame lire une histoire. L&rsquo;espace vert est bien pr\u00e9sent et nous avons en plus la chance d&rsquo;avoir le ruisseau qui passe dans le bas du terrain. Cette zone am\u00e9nag\u00e9e est un v\u00e9ritable lieu de d\u00e9couvertes. C&rsquo;est d&rsquo;ailleurs pour chacun\u00a0 un moment de bonheur quand on enfile ses bottes pour aller y explorer ses abords, observer \u00e0 la loupe les petites b\u00eates, croquer le paysage, se raconter des histoires, fouiller dans la terre, grimper \u00e0 la corde, descendre sur le toboggan, sauter et m\u00eame \u00ab\u00a0p\u00eacher\u00a0\u00bb. En plus des nombreux apprentissages que l&rsquo;on peut y faire au niveau de l&rsquo;\u00e9veil, ces sorties favorisent aussi les relations sociales, l&rsquo;entraide et l&#8217;empathie. Les enfants, en immersion dans la nature, apprennent \u00e0 l&rsquo;\u00e9couter, \u00e0 la sentir et \u00e0 la respecter.<\/p>\n<p><a href=\"http:\/\/charneux.be\/wordpress\/wp-content\/uploads\/2021\/04\/IMG_20210423_143933-scaled.jpg\"><img fetchpriority=\"high\" decoding=\"async\" class=\"alignnone size-medium wp-image-729\" src=\"http:\/\/charneux.be\/wordpress\/wp-content\/uploads\/2021\/04\/IMG_20210423_143933-225x300.jpg\" alt=\"\" width=\"225\" height=\"300\" srcset=\"https:\/\/charneux.be\/preprod\/wp-content\/uploads\/2021\/04\/IMG_20210423_143933-225x300.jpg 225w, https:\/\/charneux.be\/preprod\/wp-content\/uploads\/2021\/04\/IMG_20210423_143933-768x1024.jpg 768w, https:\/\/charneux.be\/preprod\/wp-content\/uploads\/2021\/04\/IMG_20210423_143933-1152x1536.jpg 1152w, https:\/\/charneux.be\/preprod\/wp-content\/uploads\/2021\/04\/IMG_20210423_143933-1536x2048.jpg 1536w, https:\/\/charneux.be\/preprod\/wp-content\/uploads\/2021\/04\/IMG_20210423_143933-scaled.jpg 1920w\" sizes=\"(max-width: 225px) 100vw, 225px\" \/><\/a> <a href=\"http:\/\/charneux.be\/wordpress\/wp-content\/uploads\/2021\/04\/IMG-20210424-WA0010.jpg\"><img decoding=\"async\" class=\"alignnone size-medium wp-image-740\" src=\"http:\/\/charneux.be\/wordpress\/wp-content\/uploads\/2021\/04\/IMG-20210424-WA0010-225x300.jpg\" alt=\"\" width=\"225\" height=\"300\" srcset=\"https:\/\/charneux.be\/preprod\/wp-content\/uploads\/2021\/04\/IMG-20210424-WA0010-225x300.jpg 225w, https:\/\/charneux.be\/preprod\/wp-content\/uploads\/2021\/04\/IMG-20210424-WA0010-768x1024.jpg 768w, https:\/\/charneux.be\/preprod\/wp-content\/uploads\/2021\/04\/IMG-20210424-WA0010-1152x1536.jpg 1152w, https:\/\/charneux.be\/preprod\/wp-content\/uploads\/2021\/04\/IMG-20210424-WA0010.jpg 1440w\" sizes=\"(max-width: 225px) 100vw, 225px\" \/><\/a> <a href=\"http:\/\/charneux.be\/wordpress\/wp-content\/uploads\/2021\/04\/IMG-20210424-WA0007.jpg\"><img decoding=\"async\" class=\"alignnone size-medium wp-image-739\" src=\"http:\/\/charneux.be\/wordpress\/wp-content\/uploads\/2021\/04\/IMG-20210424-WA0007-225x300.jpg\" alt=\"\" width=\"225\" height=\"300\" srcset=\"https:\/\/charneux.be\/preprod\/wp-content\/uploads\/2021\/04\/IMG-20210424-WA0007-225x300.jpg 225w, https:\/\/charneux.be\/preprod\/wp-content\/uploads\/2021\/04\/IMG-20210424-WA0007-768x1024.jpg 768w, https:\/\/charneux.be\/preprod\/wp-content\/uploads\/2021\/04\/IMG-20210424-WA0007-1152x1536.jpg 1152w, https:\/\/charneux.be\/preprod\/wp-content\/uploads\/2021\/04\/IMG-20210424-WA0007.jpg 1440w\" sizes=\"(max-width: 225px) 100vw, 225px\" \/><\/a> <a href=\"http:\/\/charneux.be\/wordpress\/wp-content\/uploads\/2021\/04\/IMG-20210424-WA0006.jpg\"><img loading=\"lazy\" decoding=\"async\" class=\"alignnone size-medium wp-image-738\" src=\"http:\/\/charneux.be\/wordpress\/wp-content\/uploads\/2021\/04\/IMG-20210424-WA0006-225x300.jpg\" alt=\"\" width=\"225\" height=\"300\" srcset=\"https:\/\/charneux.be\/preprod\/wp-content\/uploads\/2021\/04\/IMG-20210424-WA0006-225x300.jpg 225w, https:\/\/charneux.be\/preprod\/wp-content\/uploads\/2021\/04\/IMG-20210424-WA0006-768x1024.jpg 768w, https:\/\/charneux.be\/preprod\/wp-content\/uploads\/2021\/04\/IMG-20210424-WA0006-1152x1536.jpg 1152w, https:\/\/charneux.be\/preprod\/wp-content\/uploads\/2021\/04\/IMG-20210424-WA0006.jpg 1440w\" sizes=\"(max-width: 225px) 100vw, 225px\" \/><\/a> <a href=\"http:\/\/charneux.be\/wordpress\/wp-content\/uploads\/2021\/04\/IMG-20210424-WA0005.jpg\"><img loading=\"lazy\" decoding=\"async\" class=\"alignnone size-medium wp-image-737\" src=\"http:\/\/charneux.be\/wordpress\/wp-content\/uploads\/2021\/04\/IMG-20210424-WA0005-225x300.jpg\" alt=\"\" width=\"225\" height=\"300\" srcset=\"https:\/\/charneux.be\/preprod\/wp-content\/uploads\/2021\/04\/IMG-20210424-WA0005-225x300.jpg 225w, https:\/\/charneux.be\/preprod\/wp-content\/uploads\/2021\/04\/IMG-20210424-WA0005-768x1024.jpg 768w, https:\/\/charneux.be\/preprod\/wp-content\/uploads\/2021\/04\/IMG-20210424-WA0005-1152x1536.jpg 1152w, https:\/\/charneux.be\/preprod\/wp-content\/uploads\/2021\/04\/IMG-20210424-WA0005.jpg 1440w\" sizes=\"(max-width: 225px) 100vw, 225px\" \/><\/a> <a href=\"http:\/\/charneux.be\/wordpress\/wp-content\/uploads\/2021\/04\/IMG-20210424-WA0004.jpg\"><img loading=\"lazy\" decoding=\"async\" class=\"alignnone size-medium wp-image-736\" src=\"http:\/\/charneux.be\/wordpress\/wp-content\/uploads\/2021\/04\/IMG-20210424-WA0004-225x300.jpg\" alt=\"\" width=\"225\" height=\"300\" srcset=\"https:\/\/charneux.be\/preprod\/wp-content\/uploads\/2021\/04\/IMG-20210424-WA0004-225x300.jpg 225w, https:\/\/charneux.be\/preprod\/wp-content\/uploads\/2021\/04\/IMG-20210424-WA0004-768x1024.jpg 768w, https:\/\/charneux.be\/preprod\/wp-content\/uploads\/2021\/04\/IMG-20210424-WA0004-1152x1536.jpg 1152w, https:\/\/charneux.be\/preprod\/wp-content\/uploads\/2021\/04\/IMG-20210424-WA0004.jpg 1440w\" sizes=\"(max-width: 225px) 100vw, 225px\" \/><\/a> <a href=\"http:\/\/charneux.be\/wordpress\/wp-content\/uploads\/2021\/04\/IMG-20210424-WA0004-1.jpg\"><img loading=\"lazy\" decoding=\"async\" class=\"alignnone size-medium wp-image-735\" src=\"http:\/\/charneux.be\/wordpress\/wp-content\/uploads\/2021\/04\/IMG-20210424-WA0004-1-225x300.jpg\" alt=\"\" width=\"225\" height=\"300\" srcset=\"https:\/\/charneux.be\/preprod\/wp-content\/uploads\/2021\/04\/IMG-20210424-WA0004-1-225x300.jpg 225w, https:\/\/charneux.be\/preprod\/wp-content\/uploads\/2021\/04\/IMG-20210424-WA0004-1-768x1024.jpg 768w, https:\/\/charneux.be\/preprod\/wp-content\/uploads\/2021\/04\/IMG-20210424-WA0004-1-1152x1536.jpg 1152w, https:\/\/charneux.be\/preprod\/wp-content\/uploads\/2021\/04\/IMG-20210424-WA0004-1.jpg 1440w\" sizes=\"(max-width: 225px) 100vw, 225px\" \/><\/a> <a href=\"http:\/\/charneux.be\/wordpress\/wp-content\/uploads\/2021\/04\/IMG-20210424-WA0003.jpg\"><img loading=\"lazy\" decoding=\"async\" class=\"alignnone size-medium wp-image-734\" src=\"http:\/\/charneux.be\/wordpress\/wp-content\/uploads\/2021\/04\/IMG-20210424-WA0003-225x300.jpg\" alt=\"\" width=\"225\" height=\"300\" srcset=\"https:\/\/charneux.be\/preprod\/wp-content\/uploads\/2021\/04\/IMG-20210424-WA0003-225x300.jpg 225w, https:\/\/charneux.be\/preprod\/wp-content\/uploads\/2021\/04\/IMG-20210424-WA0003-768x1024.jpg 768w, https:\/\/charneux.be\/preprod\/wp-content\/uploads\/2021\/04\/IMG-20210424-WA0003-1152x1536.jpg 1152w, https:\/\/charneux.be\/preprod\/wp-content\/uploads\/2021\/04\/IMG-20210424-WA0003.jpg 1440w\" sizes=\"(max-width: 225px) 100vw, 225px\" \/><\/a> <a href=\"http:\/\/charneux.be\/wordpress\/wp-content\/uploads\/2021\/04\/IMG-20210424-WA0002.jpg\"><img loading=\"lazy\" decoding=\"async\" class=\"alignnone size-medium wp-image-733\" src=\"http:\/\/charneux.be\/wordpress\/wp-content\/uploads\/2021\/04\/IMG-20210424-WA0002-225x300.jpg\" alt=\"\" width=\"225\" height=\"300\" srcset=\"https:\/\/charneux.be\/preprod\/wp-content\/uploads\/2021\/04\/IMG-20210424-WA0002-225x300.jpg 225w, https:\/\/charneux.be\/preprod\/wp-content\/uploads\/2021\/04\/IMG-20210424-WA0002-768x1024.jpg 768w, https:\/\/charneux.be\/preprod\/wp-content\/uploads\/2021\/04\/IMG-20210424-WA0002-1152x1536.jpg 1152w, https:\/\/charneux.be\/preprod\/wp-content\/uploads\/2021\/04\/IMG-20210424-WA0002.jpg 1440w\" sizes=\"(max-width: 225px) 100vw, 225px\" \/><\/a> <a href=\"http:\/\/charneux.be\/wordpress\/wp-content\/uploads\/2021\/04\/IMG-20210424-WA0001.jpg\"><img loading=\"lazy\" decoding=\"async\" class=\"alignnone wp-image-732\" src=\"http:\/\/charneux.be\/wordpress\/wp-content\/uploads\/2021\/04\/IMG-20210424-WA0001-300x225.jpg\" alt=\"\" width=\"303\" height=\"227\" srcset=\"https:\/\/charneux.be\/preprod\/wp-content\/uploads\/2021\/04\/IMG-20210424-WA0001-300x225.jpg 300w, https:\/\/charneux.be\/preprod\/wp-content\/uploads\/2021\/04\/IMG-20210424-WA0001-1024x768.jpg 1024w, https:\/\/charneux.be\/preprod\/wp-content\/uploads\/2021\/04\/IMG-20210424-WA0001-768x576.jpg 768w, https:\/\/charneux.be\/preprod\/wp-content\/uploads\/2021\/04\/IMG-20210424-WA0001-1536x1152.jpg 1536w, https:\/\/charneux.be\/preprod\/wp-content\/uploads\/2021\/04\/IMG-20210424-WA0001.jpg 1920w\" sizes=\"(max-width: 303px) 100vw, 303px\" \/><\/a> <a href=\"http:\/\/charneux.be\/wordpress\/wp-content\/uploads\/2021\/04\/IMG-20210424-WA0000.jpg\"><img loading=\"lazy\" decoding=\"async\" class=\"alignnone wp-image-731\" src=\"http:\/\/charneux.be\/wordpress\/wp-content\/uploads\/2021\/04\/IMG-20210424-WA0000-225x300.jpg\" alt=\"\" width=\"215\" height=\"287\" srcset=\"https:\/\/charneux.be\/preprod\/wp-content\/uploads\/2021\/04\/IMG-20210424-WA0000-225x300.jpg 225w, https:\/\/charneux.be\/preprod\/wp-content\/uploads\/2021\/04\/IMG-20210424-WA0000-768x1024.jpg 768w, https:\/\/charneux.be\/preprod\/wp-content\/uploads\/2021\/04\/IMG-20210424-WA0000-1152x1536.jpg 1152w, https:\/\/charneux.be\/preprod\/wp-content\/uploads\/2021\/04\/IMG-20210424-WA0000.jpg 1440w\" sizes=\"(max-width: 215px) 100vw, 215px\" \/><\/a><a href=\"http:\/\/charneux.be\/wordpress\/wp-content\/uploads\/2021\/04\/IMG_20210423_144053-scaled.jpg\"><img loading=\"lazy\" decoding=\"async\" class=\"alignnone wp-image-730\" src=\"http:\/\/charneux.be\/wordpress\/wp-content\/uploads\/2021\/04\/IMG_20210423_144053-225x300.jpg\" alt=\"\" width=\"230\" height=\"307\" srcset=\"https:\/\/charneux.be\/preprod\/wp-content\/uploads\/2021\/04\/IMG_20210423_144053-225x300.jpg 225w, https:\/\/charneux.be\/preprod\/wp-content\/uploads\/2021\/04\/IMG_20210423_144053-768x1024.jpg 768w, https:\/\/charneux.be\/preprod\/wp-content\/uploads\/2021\/04\/IMG_20210423_144053-1152x1536.jpg 1152w, https:\/\/charneux.be\/preprod\/wp-content\/uploads\/2021\/04\/IMG_20210423_144053-1536x2048.jpg 1536w, https:\/\/charneux.be\/preprod\/wp-content\/uploads\/2021\/04\/IMG_20210423_144053-scaled.jpg 1920w\" sizes=\"(max-width: 230px) 100vw, 230px\" \/><\/a><\/p>\n","protected":false},"excerpt":{"rendered":"<p>\u00c0 l&rsquo;\u00e9cole maternelle, les classes ont portes ouvertes sur le dehors&#8230; D\u00e8s que le soleil sort, on se retrouve en cercle ou sur les tables de pique-nique pour manger ensemble ou m\u00eame lire une histoire. L&rsquo;espace vert est bien pr\u00e9sent et nous avons en plus la chance d&rsquo;avoir le ruisseau qui passe dans le bas [&hellip;]<\/p>\n","protected":false},"author":28,"featured_media":732,"comment_status":"closed","ping_status":"open","sticky":false,"template":"","format":"standard","meta":{"footnotes":""},"categories":[3],"tags":[],"class_list":["post-728","post","type-post","status-publish","format-standard","has-post-thumbnail","hentry","category-maternelle"],"yoast_head":"<!-- This site is optimized with the Yoast SEO plugin v23.6 - https:\/\/yoast.com\/wordpress\/plugins\/seo\/ -->\n<title>La classe d&#039;Anne-Fran\u00e7oise ose le Vert ! - Charneux<\/title>\n<meta name=\"robots\" content=\"noindex, follow, max-snippet:-1, max-image-preview:large, max-video-preview:-1\" \/>\n<meta property=\"og:locale\" content=\"fr_FR\" \/>\n<meta property=\"og:type\" content=\"article\" \/>\n<meta property=\"og:title\" content=\"La classe d&#039;Anne-Fran\u00e7oise ose le Vert ! - Charneux\" \/>\n<meta property=\"og:description\" content=\"\u00c0 l&rsquo;\u00e9cole maternelle, les classes ont portes ouvertes sur le dehors&#8230; D\u00e8s que le soleil sort, on se retrouve en cercle ou sur les tables de pique-nique pour manger ensemble ou m\u00eame lire une histoire. L&rsquo;espace vert est bien pr\u00e9sent et nous avons en plus la chance d&rsquo;avoir le ruisseau qui passe dans le bas [&hellip;]\" \/>\n<meta property=\"og:url\" content=\"https:\/\/charneux.be\/preprod\/la-classe-danne-francoise-ose-le-vert\/\" \/>\n<meta property=\"og:site_name\" content=\"Charneux\" \/>\n<meta property=\"article:published_time\" content=\"2021-04-27T09:32:55+00:00\" \/>\n<meta property=\"article:modified_time\" content=\"2021-04-30T08:55:34+00:00\" \/>\n<meta property=\"og:image\" content=\"https:\/\/charneux.be\/preprod\/wp-content\/uploads\/2021\/04\/IMG-20210424-WA0001.jpg\" \/>\n\t<meta property=\"og:image:width\" content=\"1920\" \/>\n\t<meta property=\"og:image:height\" content=\"1440\" \/>\n\t<meta property=\"og:image:type\" content=\"image\/jpeg\" \/>\n<meta name=\"author\" content=\"Laurent Flavion\" \/>\n<meta name=\"twitter:label1\" content=\"\u00c9crit par\" \/>\n\t<meta name=\"twitter:data1\" content=\"Laurent Flavion\" \/>\n\t<meta name=\"twitter:label2\" content=\"Dur\u00e9e de lecture estim\u00e9e\" \/>\n\t<meta name=\"twitter:data2\" content=\"1 minute\" \/>\n<script type=\"application\/ld+json\" class=\"yoast-schema-graph\">{\"@context\":\"https:\/\/schema.org\",\"@graph\":[{\"@type\":\"Article\",\"@id\":\"https:\/\/charneux.be\/preprod\/la-classe-danne-francoise-ose-le-vert\/#article\",\"isPartOf\":{\"@id\":\"https:\/\/charneux.be\/preprod\/la-classe-danne-francoise-ose-le-vert\/\"},\"author\":{\"name\":\"Laurent Flavion\",\"@id\":\"https:\/\/charneux.be\/preprod\/#\/schema\/person\/43e4a05d0316c3e83f894e6f0efade6f\"},\"headline\":\"La classe d&rsquo;Anne-Fran\u00e7oise ose le Vert !\",\"datePublished\":\"2021-04-27T09:32:55+00:00\",\"dateModified\":\"2021-04-30T08:55:34+00:00\",\"mainEntityOfPage\":{\"@id\":\"https:\/\/charneux.be\/preprod\/la-classe-danne-francoise-ose-le-vert\/\"},\"wordCount\":178,\"publisher\":{\"@id\":\"https:\/\/charneux.be\/preprod\/#organization\"},\"image\":{\"@id\":\"https:\/\/charneux.be\/preprod\/la-classe-danne-francoise-ose-le-vert\/#primaryimage\"},\"thumbnailUrl\":\"https:\/\/charneux.be\/preprod\/wp-content\/uploads\/2021\/04\/IMG-20210424-WA0001.jpg\",\"articleSection\":[\"En maternelle\"],\"inLanguage\":\"fr-FR\"},{\"@type\":\"WebPage\",\"@id\":\"https:\/\/charneux.be\/preprod\/la-classe-danne-francoise-ose-le-vert\/\",\"url\":\"https:\/\/charneux.be\/preprod\/la-classe-danne-francoise-ose-le-vert\/\",\"name\":\"La classe d'Anne-Fran\u00e7oise ose le Vert ! - Charneux\",\"isPartOf\":{\"@id\":\"https:\/\/charneux.be\/preprod\/#website\"},\"primaryImageOfPage\":{\"@id\":\"https:\/\/charneux.be\/preprod\/la-classe-danne-francoise-ose-le-vert\/#primaryimage\"},\"image\":{\"@id\":\"https:\/\/charneux.be\/preprod\/la-classe-danne-francoise-ose-le-vert\/#primaryimage\"},\"thumbnailUrl\":\"https:\/\/charneux.be\/preprod\/wp-content\/uploads\/2021\/04\/IMG-20210424-WA0001.jpg\",\"datePublished\":\"2021-04-27T09:32:55+00:00\",\"dateModified\":\"2021-04-30T08:55:34+00:00\",\"breadcrumb\":{\"@id\":\"https:\/\/charneux.be\/preprod\/la-classe-danne-francoise-ose-le-vert\/#breadcrumb\"},\"inLanguage\":\"fr-FR\",\"potentialAction\":[{\"@type\":\"ReadAction\",\"target\":[\"https:\/\/charneux.be\/preprod\/la-classe-danne-francoise-ose-le-vert\/\"]}]},{\"@type\":\"ImageObject\",\"inLanguage\":\"fr-FR\",\"@id\":\"https:\/\/charneux.be\/preprod\/la-classe-danne-francoise-ose-le-vert\/#primaryimage\",\"url\":\"https:\/\/charneux.be\/preprod\/wp-content\/uploads\/2021\/04\/IMG-20210424-WA0001.jpg\",\"contentUrl\":\"https:\/\/charneux.be\/preprod\/wp-content\/uploads\/2021\/04\/IMG-20210424-WA0001.jpg\",\"width\":1920,\"height\":1440},{\"@type\":\"BreadcrumbList\",\"@id\":\"https:\/\/charneux.be\/preprod\/la-classe-danne-francoise-ose-le-vert\/#breadcrumb\",\"itemListElement\":[{\"@type\":\"ListItem\",\"position\":1,\"name\":\"Accueil\",\"item\":\"https:\/\/charneux.be\/preprod\/\"},{\"@type\":\"ListItem\",\"position\":2,\"name\":\"La classe d&rsquo;Anne-Fran\u00e7oise ose le Vert !\"}]},{\"@type\":\"WebSite\",\"@id\":\"https:\/\/charneux.be\/preprod\/#website\",\"url\":\"https:\/\/charneux.be\/preprod\/\",\"name\":\"Charneux\",\"description\":\"\",\"publisher\":{\"@id\":\"https:\/\/charneux.be\/preprod\/#organization\"},\"potentialAction\":[{\"@type\":\"SearchAction\",\"target\":{\"@type\":\"EntryPoint\",\"urlTemplate\":\"https:\/\/charneux.be\/preprod\/?s={search_term_string}\"},\"query-input\":{\"@type\":\"PropertyValueSpecification\",\"valueRequired\":true,\"valueName\":\"search_term_string\"}}],\"inLanguage\":\"fr-FR\"},{\"@type\":\"Organization\",\"@id\":\"https:\/\/charneux.be\/preprod\/#organization\",\"name\":\"Ecole libre de Charneux\",\"url\":\"https:\/\/charneux.be\/preprod\/\",\"logo\":{\"@type\":\"ImageObject\",\"inLanguage\":\"fr-FR\",\"@id\":\"https:\/\/charneux.be\/preprod\/#\/schema\/logo\/image\/\",\"url\":\"https:\/\/charneux.be\/preprod\/wp-content\/uploads\/2024\/08\/cropped-Logo-bleu.png\",\"contentUrl\":\"https:\/\/charneux.be\/preprod\/wp-content\/uploads\/2024\/08\/cropped-Logo-bleu.png\",\"width\":480,\"height\":799,\"caption\":\"Ecole libre de Charneux\"},\"image\":{\"@id\":\"https:\/\/charneux.be\/preprod\/#\/schema\/logo\/image\/\"}},{\"@type\":\"Person\",\"@id\":\"https:\/\/charneux.be\/preprod\/#\/schema\/person\/43e4a05d0316c3e83f894e6f0efade6f\",\"name\":\"Laurent Flavion\",\"image\":{\"@type\":\"ImageObject\",\"inLanguage\":\"fr-FR\",\"@id\":\"https:\/\/charneux.be\/preprod\/#\/schema\/person\/image\/\",\"url\":\"https:\/\/secure.gravatar.com\/avatar\/8f6aef73a744eddd03c9cfab9778ba69e0d74f9aed159b8a60517b7119b1f0d3?s=96&d=mm&r=g\",\"contentUrl\":\"https:\/\/secure.gravatar.com\/avatar\/8f6aef73a744eddd03c9cfab9778ba69e0d74f9aed159b8a60517b7119b1f0d3?s=96&d=mm&r=g\",\"caption\":\"Laurent Flavion\"},\"url\":\"https:\/\/charneux.be\/preprod\/author\/laurent\/\"}]}<\/script>\n<!-- \/ Yoast SEO plugin. -->","yoast_head_json":{"title":"La classe d'Anne-Fran\u00e7oise ose le Vert ! - Charneux","robots":{"index":"noindex","follow":"follow","max-snippet":"max-snippet:-1","max-image-preview":"max-image-preview:large","max-video-preview":"max-video-preview:-1"},"og_locale":"fr_FR","og_type":"article","og_title":"La classe d'Anne-Fran\u00e7oise ose le Vert ! - Charneux","og_description":"\u00c0 l&rsquo;\u00e9cole maternelle, les classes ont portes ouvertes sur le dehors&#8230; D\u00e8s que le soleil sort, on se retrouve en cercle ou sur les tables de pique-nique pour manger ensemble ou m\u00eame lire une histoire. L&rsquo;espace vert est bien pr\u00e9sent et nous avons en plus la chance d&rsquo;avoir le ruisseau qui passe dans le bas [&hellip;]","og_url":"https:\/\/charneux.be\/preprod\/la-classe-danne-francoise-ose-le-vert\/","og_site_name":"Charneux","article_published_time":"2021-04-27T09:32:55+00:00","article_modified_time":"2021-04-30T08:55:34+00:00","og_image":[{"width":1920,"height":1440,"url":"https:\/\/charneux.be\/preprod\/wp-content\/uploads\/2021\/04\/IMG-20210424-WA0001.jpg","type":"image\/jpeg"}],"author":"Laurent Flavion","twitter_misc":{"\u00c9crit par":"Laurent Flavion","Dur\u00e9e de lecture estim\u00e9e":"1 minute"},"schema":{"@context":"https:\/\/schema.org","@graph":[{"@type":"Article","@id":"https:\/\/charneux.be\/preprod\/la-classe-danne-francoise-ose-le-vert\/#article","isPartOf":{"@id":"https:\/\/charneux.be\/preprod\/la-classe-danne-francoise-ose-le-vert\/"},"author":{"name":"Laurent Flavion","@id":"https:\/\/charneux.be\/preprod\/#\/schema\/person\/43e4a05d0316c3e83f894e6f0efade6f"},"headline":"La classe d&rsquo;Anne-Fran\u00e7oise ose le Vert !","datePublished":"2021-04-27T09:32:55+00:00","dateModified":"2021-04-30T08:55:34+00:00","mainEntityOfPage":{"@id":"https:\/\/charneux.be\/preprod\/la-classe-danne-francoise-ose-le-vert\/"},"wordCount":178,"publisher":{"@id":"https:\/\/charneux.be\/preprod\/#organization"},"image":{"@id":"https:\/\/charneux.be\/preprod\/la-classe-danne-francoise-ose-le-vert\/#primaryimage"},"thumbnailUrl":"https:\/\/charneux.be\/preprod\/wp-content\/uploads\/2021\/04\/IMG-20210424-WA0001.jpg","articleSection":["En maternelle"],"inLanguage":"fr-FR"},{"@type":"WebPage","@id":"https:\/\/charneux.be\/preprod\/la-classe-danne-francoise-ose-le-vert\/","url":"https:\/\/charneux.be\/preprod\/la-classe-danne-francoise-ose-le-vert\/","name":"La classe d'Anne-Fran\u00e7oise ose le Vert ! - Charneux","isPartOf":{"@id":"https:\/\/charneux.be\/preprod\/#website"},"primaryImageOfPage":{"@id":"https:\/\/charneux.be\/preprod\/la-classe-danne-francoise-ose-le-vert\/#primaryimage"},"image":{"@id":"https:\/\/charneux.be\/preprod\/la-classe-danne-francoise-ose-le-vert\/#primaryimage"},"thumbnailUrl":"https:\/\/charneux.be\/preprod\/wp-content\/uploads\/2021\/04\/IMG-20210424-WA0001.jpg","datePublished":"2021-04-27T09:32:55+00:00","dateModified":"2021-04-30T08:55:34+00:00","breadcrumb":{"@id":"https:\/\/charneux.be\/preprod\/la-classe-danne-francoise-ose-le-vert\/#breadcrumb"},"inLanguage":"fr-FR","potentialAction":[{"@type":"ReadAction","target":["https:\/\/charneux.be\/preprod\/la-classe-danne-francoise-ose-le-vert\/"]}]},{"@type":"ImageObject","inLanguage":"fr-FR","@id":"https:\/\/charneux.be\/preprod\/la-classe-danne-francoise-ose-le-vert\/#primaryimage","url":"https:\/\/charneux.be\/preprod\/wp-content\/uploads\/2021\/04\/IMG-20210424-WA0001.jpg","contentUrl":"https:\/\/charneux.be\/preprod\/wp-content\/uploads\/2021\/04\/IMG-20210424-WA0001.jpg","width":1920,"height":1440},{"@type":"BreadcrumbList","@id":"https:\/\/charneux.be\/preprod\/la-classe-danne-francoise-ose-le-vert\/#breadcrumb","itemListElement":[{"@type":"ListItem","position":1,"name":"Accueil","item":"https:\/\/charneux.be\/preprod\/"},{"@type":"ListItem","position":2,"name":"La classe d&rsquo;Anne-Fran\u00e7oise ose le Vert !"}]},{"@type":"WebSite","@id":"https:\/\/charneux.be\/preprod\/#website","url":"https:\/\/charneux.be\/preprod\/","name":"Charneux","description":"","publisher":{"@id":"https:\/\/charneux.be\/preprod\/#organization"},"potentialAction":[{"@type":"SearchAction","target":{"@type":"EntryPoint","urlTemplate":"https:\/\/charneux.be\/preprod\/?s={search_term_string}"},"query-input":{"@type":"PropertyValueSpecification","valueRequired":true,"valueName":"search_term_string"}}],"inLanguage":"fr-FR"},{"@type":"Organization","@id":"https:\/\/charneux.be\/preprod\/#organization","name":"Ecole libre de Charneux","url":"https:\/\/charneux.be\/preprod\/","logo":{"@type":"ImageObject","inLanguage":"fr-FR","@id":"https:\/\/charneux.be\/preprod\/#\/schema\/logo\/image\/","url":"https:\/\/charneux.be\/preprod\/wp-content\/uploads\/2024\/08\/cropped-Logo-bleu.png","contentUrl":"https:\/\/charneux.be\/preprod\/wp-content\/uploads\/2024\/08\/cropped-Logo-bleu.png","width":480,"height":799,"caption":"Ecole libre de Charneux"},"image":{"@id":"https:\/\/charneux.be\/preprod\/#\/schema\/logo\/image\/"}},{"@type":"Person","@id":"https:\/\/charneux.be\/preprod\/#\/schema\/person\/43e4a05d0316c3e83f894e6f0efade6f","name":"Laurent Flavion","image":{"@type":"ImageObject","inLanguage":"fr-FR","@id":"https:\/\/charneux.be\/preprod\/#\/schema\/person\/image\/","url":"https:\/\/secure.gravatar.com\/avatar\/8f6aef73a744eddd03c9cfab9778ba69e0d74f9aed159b8a60517b7119b1f0d3?s=96&d=mm&r=g","contentUrl":"https:\/\/secure.gravatar.com\/avatar\/8f6aef73a744eddd03c9cfab9778ba69e0d74f9aed159b8a60517b7119b1f0d3?s=96&d=mm&r=g","caption":"Laurent Flavion"},"url":"https:\/\/charneux.be\/preprod\/author\/laurent\/"}]}},"_links":{"self":[{"href":"https:\/\/charneux.be\/preprod\/wp-json\/wp\/v2\/posts\/728","targetHints":{"allow":["GET"]}}],"collection":[{"href":"https:\/\/charneux.be\/preprod\/wp-json\/wp\/v2\/posts"}],"about":[{"href":"https:\/\/charneux.be\/preprod\/wp-json\/wp\/v2\/types\/post"}],"author":[{"embeddable":true,"href":"https:\/\/charneux.be\/preprod\/wp-json\/wp\/v2\/users\/28"}],"replies":[{"embeddable":true,"href":"https:\/\/charneux.be\/preprod\/wp-json\/wp\/v2\/comments?post=728"}],"version-history":[{"count":3,"href":"https:\/\/charneux.be\/preprod\/wp-json\/wp\/v2\/posts\/728\/revisions"}],"predecessor-version":[{"id":747,"href":"https:\/\/charneux.be\/preprod\/wp-json\/wp\/v2\/posts\/728\/revisions\/747"}],"wp:featuredmedia":[{"embeddable":true,"href":"https:\/\/charneux.be\/preprod\/wp-json\/wp\/v2\/media\/732"}],"wp:attachment":[{"href":"https:\/\/charneux.be\/preprod\/wp-json\/wp\/v2\/media?parent=728"}],"wp:term":[{"taxonomy":"category","embeddable":true,"href":"https:\/\/charneux.be\/preprod\/wp-json\/wp\/v2\/categories?post=728"},{"taxonomy":"post_tag","embeddable":true,"href":"https:\/\/charneux.be\/preprod\/wp-json\/wp\/v2\/tags?post=728"}],"curies":[{"name":"wp","href":"https:\/\/api.w.org\/{rel}","templated":true}]}}