{"id":751,"date":"2021-05-08T10:07:38","date_gmt":"2021-05-08T09:07:38","guid":{"rendered":"http:\/\/charneux.be\/wordpress\/?p=751"},"modified":"2021-05-08T10:55:49","modified_gmt":"2021-05-08T09:55:49","slug":"visite-du-parlement-wallon-avec-les-5-6","status":"publish","type":"post","link":"https:\/\/charneux.be\/preprod\/visite-du-parlement-wallon-avec-les-5-6\/","title":{"rendered":"Visite du parlement wallon avec les 5-6"},"content":{"rendered":"<p>Ce vendredi 7 mai 2021, les \u00e9l\u00e8ves de 5e et 6e ont eu la chance de vivre une journ\u00e9e dans la peau d&rsquo;un parlementaire wallon.<\/p>\n<p>Une visite instructive et appr\u00e9ci\u00e9e &#8230;. Malgr\u00e9 la complexit\u00e9 du syst\u00e8me politique belge !<\/p>\n<p><a href=\"http:\/\/charneux.be\/wordpress\/wp-content\/uploads\/2021\/05\/IMG_20210507_144828_resized_20210508_105220295.jpg\"><img fetchpriority=\"high\" decoding=\"async\" class=\"alignnone size-medium wp-image-760\" src=\"http:\/\/charneux.be\/wordpress\/wp-content\/uploads\/2021\/05\/IMG_20210507_144828_resized_20210508_105220295-300x225.jpg\" alt=\"\" width=\"300\" height=\"225\" srcset=\"https:\/\/charneux.be\/preprod\/wp-content\/uploads\/2021\/05\/IMG_20210507_144828_resized_20210508_105220295-300x225.jpg 300w, https:\/\/charneux.be\/preprod\/wp-content\/uploads\/2021\/05\/IMG_20210507_144828_resized_20210508_105220295-768x576.jpg 768w, https:\/\/charneux.be\/preprod\/wp-content\/uploads\/2021\/05\/IMG_20210507_144828_resized_20210508_105220295.jpg 992w\" sizes=\"(max-width: 300px) 100vw, 300px\" \/><\/a> <a href=\"http:\/\/charneux.be\/wordpress\/wp-content\/uploads\/2021\/05\/IMG_20210507_132119_resized_20210508_105220612.jpg\"><img decoding=\"async\" class=\"alignnone size-medium wp-image-759\" src=\"http:\/\/charneux.be\/wordpress\/wp-content\/uploads\/2021\/05\/IMG_20210507_132119_resized_20210508_105220612-300x225.jpg\" alt=\"\" width=\"300\" height=\"225\" srcset=\"https:\/\/charneux.be\/preprod\/wp-content\/uploads\/2021\/05\/IMG_20210507_132119_resized_20210508_105220612-300x225.jpg 300w, https:\/\/charneux.be\/preprod\/wp-content\/uploads\/2021\/05\/IMG_20210507_132119_resized_20210508_105220612-768x576.jpg 768w, https:\/\/charneux.be\/preprod\/wp-content\/uploads\/2021\/05\/IMG_20210507_132119_resized_20210508_105220612.jpg 992w\" sizes=\"(max-width: 300px) 100vw, 300px\" \/><\/a> <a href=\"http:\/\/charneux.be\/wordpress\/wp-content\/uploads\/2021\/05\/IMG_20210507_132058_resized_20210508_105220808.jpg\"><img decoding=\"async\" class=\"alignnone size-medium wp-image-758\" src=\"http:\/\/charneux.be\/wordpress\/wp-content\/uploads\/2021\/05\/IMG_20210507_132058_resized_20210508_105220808-300x225.jpg\" alt=\"\" width=\"300\" height=\"225\" srcset=\"https:\/\/charneux.be\/preprod\/wp-content\/uploads\/2021\/05\/IMG_20210507_132058_resized_20210508_105220808-300x225.jpg 300w, https:\/\/charneux.be\/preprod\/wp-content\/uploads\/2021\/05\/IMG_20210507_132058_resized_20210508_105220808-768x576.jpg 768w, https:\/\/charneux.be\/preprod\/wp-content\/uploads\/2021\/05\/IMG_20210507_132058_resized_20210508_105220808.jpg 992w\" sizes=\"(max-width: 300px) 100vw, 300px\" \/><\/a> <a href=\"http:\/\/charneux.be\/wordpress\/wp-content\/uploads\/2021\/05\/IMG_20210507_110809_resized_20210508_105221064.jpg\"><img loading=\"lazy\" decoding=\"async\" class=\"alignnone size-medium wp-image-757\" src=\"http:\/\/charneux.be\/wordpress\/wp-content\/uploads\/2021\/05\/IMG_20210507_110809_resized_20210508_105221064-300x225.jpg\" alt=\"\" width=\"300\" height=\"225\" srcset=\"https:\/\/charneux.be\/preprod\/wp-content\/uploads\/2021\/05\/IMG_20210507_110809_resized_20210508_105221064-300x225.jpg 300w, https:\/\/charneux.be\/preprod\/wp-content\/uploads\/2021\/05\/IMG_20210507_110809_resized_20210508_105221064-768x576.jpg 768w, https:\/\/charneux.be\/preprod\/wp-content\/uploads\/2021\/05\/IMG_20210507_110809_resized_20210508_105221064.jpg 992w\" sizes=\"(max-width: 300px) 100vw, 300px\" \/><\/a> <a href=\"http:\/\/charneux.be\/wordpress\/wp-content\/uploads\/2021\/05\/IMG_20210507_103232_resized_20210508_105221431.jpg\"><img loading=\"lazy\" decoding=\"async\" class=\"alignnone size-medium wp-image-755\" src=\"http:\/\/charneux.be\/wordpress\/wp-content\/uploads\/2021\/05\/IMG_20210507_103232_resized_20210508_105221431-300x225.jpg\" alt=\"\" width=\"300\" height=\"225\" srcset=\"https:\/\/charneux.be\/preprod\/wp-content\/uploads\/2021\/05\/IMG_20210507_103232_resized_20210508_105221431-300x225.jpg 300w, https:\/\/charneux.be\/preprod\/wp-content\/uploads\/2021\/05\/IMG_20210507_103232_resized_20210508_105221431-768x576.jpg 768w, https:\/\/charneux.be\/preprod\/wp-content\/uploads\/2021\/05\/IMG_20210507_103232_resized_20210508_105221431.jpg 992w\" sizes=\"(max-width: 300px) 100vw, 300px\" \/><\/a> <a href=\"http:\/\/charneux.be\/wordpress\/wp-content\/uploads\/2021\/05\/IMG_20210507_103224_resized_20210508_105221611.jpg\"><img loading=\"lazy\" decoding=\"async\" class=\"alignnone size-medium wp-image-754\" src=\"http:\/\/charneux.be\/wordpress\/wp-content\/uploads\/2021\/05\/IMG_20210507_103224_resized_20210508_105221611-300x225.jpg\" alt=\"\" width=\"300\" height=\"225\" srcset=\"https:\/\/charneux.be\/preprod\/wp-content\/uploads\/2021\/05\/IMG_20210507_103224_resized_20210508_105221611-300x225.jpg 300w, https:\/\/charneux.be\/preprod\/wp-content\/uploads\/2021\/05\/IMG_20210507_103224_resized_20210508_105221611-768x576.jpg 768w, https:\/\/charneux.be\/preprod\/wp-content\/uploads\/2021\/05\/IMG_20210507_103224_resized_20210508_105221611.jpg 992w\" sizes=\"(max-width: 300px) 100vw, 300px\" \/><\/a> <a href=\"http:\/\/charneux.be\/wordpress\/wp-content\/uploads\/2021\/05\/IMG_20210507_091634_resized_20210508_105221834.jpg\"><img loading=\"lazy\" decoding=\"async\" class=\"alignnone size-medium wp-image-753\" src=\"http:\/\/charneux.be\/wordpress\/wp-content\/uploads\/2021\/05\/IMG_20210507_091634_resized_20210508_105221834-300x225.jpg\" alt=\"\" width=\"300\" height=\"225\" srcset=\"https:\/\/charneux.be\/preprod\/wp-content\/uploads\/2021\/05\/IMG_20210507_091634_resized_20210508_105221834-300x225.jpg 300w, https:\/\/charneux.be\/preprod\/wp-content\/uploads\/2021\/05\/IMG_20210507_091634_resized_20210508_105221834-768x576.jpg 768w, https:\/\/charneux.be\/preprod\/wp-content\/uploads\/2021\/05\/IMG_20210507_091634_resized_20210508_105221834.jpg 992w\" sizes=\"(max-width: 300px) 100vw, 300px\" \/><\/a> <a href=\"http:\/\/charneux.be\/wordpress\/wp-content\/uploads\/2021\/05\/IMG_20210507_091545_resized_20210508_105222041.jpg\"><img loading=\"lazy\" decoding=\"async\" class=\"alignnone size-medium wp-image-752\" src=\"http:\/\/charneux.be\/wordpress\/wp-content\/uploads\/2021\/05\/IMG_20210507_091545_resized_20210508_105222041-300x225.jpg\" alt=\"\" width=\"300\" height=\"225\" srcset=\"https:\/\/charneux.be\/preprod\/wp-content\/uploads\/2021\/05\/IMG_20210507_091545_resized_20210508_105222041-300x225.jpg 300w, https:\/\/charneux.be\/preprod\/wp-content\/uploads\/2021\/05\/IMG_20210507_091545_resized_20210508_105222041-768x576.jpg 768w, https:\/\/charneux.be\/preprod\/wp-content\/uploads\/2021\/05\/IMG_20210507_091545_resized_20210508_105222041.jpg 992w\" sizes=\"(max-width: 300px) 100vw, 300px\" \/><\/a><\/p>\n<p><a href=\"http:\/\/charneux.be\/wordpress\/wp-content\/uploads\/2021\/05\/IMG_0136-scaled.jpg\"><img loading=\"lazy\" decoding=\"async\" class=\"alignnone size-medium wp-image-762\" src=\"http:\/\/charneux.be\/wordpress\/wp-content\/uploads\/2021\/05\/IMG_0136-300x225.jpg\" alt=\"\" width=\"300\" height=\"225\" srcset=\"https:\/\/charneux.be\/preprod\/wp-content\/uploads\/2021\/05\/IMG_0136-300x225.jpg 300w, https:\/\/charneux.be\/preprod\/wp-content\/uploads\/2021\/05\/IMG_0136-1024x768.jpg 1024w, https:\/\/charneux.be\/preprod\/wp-content\/uploads\/2021\/05\/IMG_0136-768x576.jpg 768w, https:\/\/charneux.be\/preprod\/wp-content\/uploads\/2021\/05\/IMG_0136-1536x1152.jpg 1536w, https:\/\/charneux.be\/preprod\/wp-content\/uploads\/2021\/05\/IMG_0136-2048x1536.jpg 2048w\" sizes=\"(max-width: 300px) 100vw, 300px\" \/><\/a> <a href=\"http:\/\/charneux.be\/wordpress\/wp-content\/uploads\/2021\/05\/IMG_0141-scaled.jpg\"><img loading=\"lazy\" decoding=\"async\" class=\"alignnone size-medium wp-image-763\" src=\"http:\/\/charneux.be\/wordpress\/wp-content\/uploads\/2021\/05\/IMG_0141-300x225.jpg\" alt=\"\" width=\"300\" height=\"225\" srcset=\"https:\/\/charneux.be\/preprod\/wp-content\/uploads\/2021\/05\/IMG_0141-300x225.jpg 300w, https:\/\/charneux.be\/preprod\/wp-content\/uploads\/2021\/05\/IMG_0141-1024x768.jpg 1024w, https:\/\/charneux.be\/preprod\/wp-content\/uploads\/2021\/05\/IMG_0141-768x576.jpg 768w, https:\/\/charneux.be\/preprod\/wp-content\/uploads\/2021\/05\/IMG_0141-1536x1152.jpg 1536w, https:\/\/charneux.be\/preprod\/wp-content\/uploads\/2021\/05\/IMG_0141-2048x1536.jpg 2048w\" sizes=\"(max-width: 300px) 100vw, 300px\" \/><\/a><\/p>\n","protected":false},"excerpt":{"rendered":"<p>Ce vendredi 7 mai 2021, les \u00e9l\u00e8ves de 5e et 6e ont eu la chance de vivre une journ\u00e9e dans la peau d&rsquo;un parlementaire wallon. Une visite instructive et appr\u00e9ci\u00e9e &#8230;. Malgr\u00e9 la complexit\u00e9 du syst\u00e8me politique belge !<\/p>\n","protected":false},"author":3,"featured_media":756,"comment_status":"closed","ping_status":"open","sticky":false,"template":"","format":"standard","meta":{"footnotes":""},"categories":[1],"tags":[],"class_list":["post-751","post","type-post","status-publish","format-standard","has-post-thumbnail","hentry","category-non-classe"],"yoast_head":"<!-- This site is optimized with the Yoast SEO plugin v23.6 - https:\/\/yoast.com\/wordpress\/plugins\/seo\/ -->\n<title>Visite du parlement wallon avec les 5-6 - Charneux<\/title>\n<meta name=\"robots\" content=\"noindex, follow, max-snippet:-1, max-image-preview:large, max-video-preview:-1\" \/>\n<meta property=\"og:locale\" content=\"fr_FR\" \/>\n<meta property=\"og:type\" content=\"article\" \/>\n<meta property=\"og:title\" content=\"Visite du parlement wallon avec les 5-6 - Charneux\" \/>\n<meta property=\"og:description\" content=\"Ce vendredi 7 mai 2021, les \u00e9l\u00e8ves de 5e et 6e ont eu la chance de vivre une journ\u00e9e dans la peau d&rsquo;un parlementaire wallon. Une visite instructive et appr\u00e9ci\u00e9e &#8230;. Malgr\u00e9 la complexit\u00e9 du syst\u00e8me politique belge !\" \/>\n<meta property=\"og:url\" content=\"https:\/\/charneux.be\/preprod\/visite-du-parlement-wallon-avec-les-5-6\/\" \/>\n<meta property=\"og:site_name\" content=\"Charneux\" \/>\n<meta property=\"article:published_time\" content=\"2021-05-08T09:07:38+00:00\" \/>\n<meta property=\"article:modified_time\" content=\"2021-05-08T09:55:49+00:00\" \/>\n<meta property=\"og:image\" content=\"https:\/\/charneux.be\/preprod\/wp-content\/uploads\/2021\/05\/IMG_20210507_103247_resized_20210508_105221255.jpg\" \/>\n\t<meta property=\"og:image:width\" content=\"992\" \/>\n\t<meta property=\"og:image:height\" content=\"744\" \/>\n\t<meta property=\"og:image:type\" content=\"image\/jpeg\" \/>\n<meta name=\"author\" content=\"Gilles Collings\" \/>\n<meta name=\"twitter:label1\" content=\"\u00c9crit par\" \/>\n\t<meta name=\"twitter:data1\" content=\"Gilles Collings\" \/>\n<script type=\"application\/ld+json\" class=\"yoast-schema-graph\">{\"@context\":\"https:\/\/schema.org\",\"@graph\":[{\"@type\":\"Article\",\"@id\":\"https:\/\/charneux.be\/preprod\/visite-du-parlement-wallon-avec-les-5-6\/#article\",\"isPartOf\":{\"@id\":\"https:\/\/charneux.be\/preprod\/visite-du-parlement-wallon-avec-les-5-6\/\"},\"author\":{\"name\":\"Gilles Collings\",\"@id\":\"https:\/\/charneux.be\/preprod\/#\/schema\/person\/0b1651317d01999c5d965686422d77cb\"},\"headline\":\"Visite du parlement wallon avec les 5-6\",\"datePublished\":\"2021-05-08T09:07:38+00:00\",\"dateModified\":\"2021-05-08T09:55:49+00:00\",\"mainEntityOfPage\":{\"@id\":\"https:\/\/charneux.be\/preprod\/visite-du-parlement-wallon-avec-les-5-6\/\"},\"wordCount\":48,\"publisher\":{\"@id\":\"https:\/\/charneux.be\/preprod\/#organization\"},\"image\":{\"@id\":\"https:\/\/charneux.be\/preprod\/visite-du-parlement-wallon-avec-les-5-6\/#primaryimage\"},\"thumbnailUrl\":\"https:\/\/charneux.be\/preprod\/wp-content\/uploads\/2021\/05\/IMG_20210507_103247_resized_20210508_105221255.jpg\",\"inLanguage\":\"fr-FR\"},{\"@type\":\"WebPage\",\"@id\":\"https:\/\/charneux.be\/preprod\/visite-du-parlement-wallon-avec-les-5-6\/\",\"url\":\"https:\/\/charneux.be\/preprod\/visite-du-parlement-wallon-avec-les-5-6\/\",\"name\":\"Visite du parlement wallon avec les 5-6 - Charneux\",\"isPartOf\":{\"@id\":\"https:\/\/charneux.be\/preprod\/#website\"},\"primaryImageOfPage\":{\"@id\":\"https:\/\/charneux.be\/preprod\/visite-du-parlement-wallon-avec-les-5-6\/#primaryimage\"},\"image\":{\"@id\":\"https:\/\/charneux.be\/preprod\/visite-du-parlement-wallon-avec-les-5-6\/#primaryimage\"},\"thumbnailUrl\":\"https:\/\/charneux.be\/preprod\/wp-content\/uploads\/2021\/05\/IMG_20210507_103247_resized_20210508_105221255.jpg\",\"datePublished\":\"2021-05-08T09:07:38+00:00\",\"dateModified\":\"2021-05-08T09:55:49+00:00\",\"breadcrumb\":{\"@id\":\"https:\/\/charneux.be\/preprod\/visite-du-parlement-wallon-avec-les-5-6\/#breadcrumb\"},\"inLanguage\":\"fr-FR\",\"potentialAction\":[{\"@type\":\"ReadAction\",\"target\":[\"https:\/\/charneux.be\/preprod\/visite-du-parlement-wallon-avec-les-5-6\/\"]}]},{\"@type\":\"ImageObject\",\"inLanguage\":\"fr-FR\",\"@id\":\"https:\/\/charneux.be\/preprod\/visite-du-parlement-wallon-avec-les-5-6\/#primaryimage\",\"url\":\"https:\/\/charneux.be\/preprod\/wp-content\/uploads\/2021\/05\/IMG_20210507_103247_resized_20210508_105221255.jpg\",\"contentUrl\":\"https:\/\/charneux.be\/preprod\/wp-content\/uploads\/2021\/05\/IMG_20210507_103247_resized_20210508_105221255.jpg\",\"width\":992,\"height\":744},{\"@type\":\"BreadcrumbList\",\"@id\":\"https:\/\/charneux.be\/preprod\/visite-du-parlement-wallon-avec-les-5-6\/#breadcrumb\",\"itemListElement\":[{\"@type\":\"ListItem\",\"position\":1,\"name\":\"Accueil\",\"item\":\"https:\/\/charneux.be\/preprod\/\"},{\"@type\":\"ListItem\",\"position\":2,\"name\":\"Visite du parlement wallon avec les 5-6\"}]},{\"@type\":\"WebSite\",\"@id\":\"https:\/\/charneux.be\/preprod\/#website\",\"url\":\"https:\/\/charneux.be\/preprod\/\",\"name\":\"Charneux\",\"description\":\"\",\"publisher\":{\"@id\":\"https:\/\/charneux.be\/preprod\/#organization\"},\"potentialAction\":[{\"@type\":\"SearchAction\",\"target\":{\"@type\":\"EntryPoint\",\"urlTemplate\":\"https:\/\/charneux.be\/preprod\/?s={search_term_string}\"},\"query-input\":{\"@type\":\"PropertyValueSpecification\",\"valueRequired\":true,\"valueName\":\"search_term_string\"}}],\"inLanguage\":\"fr-FR\"},{\"@type\":\"Organization\",\"@id\":\"https:\/\/charneux.be\/preprod\/#organization\",\"name\":\"Ecole libre de Charneux\",\"url\":\"https:\/\/charneux.be\/preprod\/\",\"logo\":{\"@type\":\"ImageObject\",\"inLanguage\":\"fr-FR\",\"@id\":\"https:\/\/charneux.be\/preprod\/#\/schema\/logo\/image\/\",\"url\":\"https:\/\/charneux.be\/preprod\/wp-content\/uploads\/2024\/08\/cropped-Logo-bleu.png\",\"contentUrl\":\"https:\/\/charneux.be\/preprod\/wp-content\/uploads\/2024\/08\/cropped-Logo-bleu.png\",\"width\":480,\"height\":799,\"caption\":\"Ecole libre de Charneux\"},\"image\":{\"@id\":\"https:\/\/charneux.be\/preprod\/#\/schema\/logo\/image\/\"}},{\"@type\":\"Person\",\"@id\":\"https:\/\/charneux.be\/preprod\/#\/schema\/person\/0b1651317d01999c5d965686422d77cb\",\"name\":\"Gilles Collings\",\"image\":{\"@type\":\"ImageObject\",\"inLanguage\":\"fr-FR\",\"@id\":\"https:\/\/charneux.be\/preprod\/#\/schema\/person\/image\/\",\"url\":\"https:\/\/secure.gravatar.com\/avatar\/320dcf4529b471bc3f0dc256dbefcb4434faec727325adce4fe24429eae36178?s=96&d=mm&r=g\",\"contentUrl\":\"https:\/\/secure.gravatar.com\/avatar\/320dcf4529b471bc3f0dc256dbefcb4434faec727325adce4fe24429eae36178?s=96&d=mm&r=g\",\"caption\":\"Gilles Collings\"},\"url\":\"https:\/\/charneux.be\/preprod\/author\/gilles\/\"}]}<\/script>\n<!-- \/ Yoast SEO plugin. -->","yoast_head_json":{"title":"Visite du parlement wallon avec les 5-6 - Charneux","robots":{"index":"noindex","follow":"follow","max-snippet":"max-snippet:-1","max-image-preview":"max-image-preview:large","max-video-preview":"max-video-preview:-1"},"og_locale":"fr_FR","og_type":"article","og_title":"Visite du parlement wallon avec les 5-6 - Charneux","og_description":"Ce vendredi 7 mai 2021, les \u00e9l\u00e8ves de 5e et 6e ont eu la chance de vivre une journ\u00e9e dans la peau d&rsquo;un parlementaire wallon. Une visite instructive et appr\u00e9ci\u00e9e &#8230;. Malgr\u00e9 la complexit\u00e9 du syst\u00e8me politique belge !","og_url":"https:\/\/charneux.be\/preprod\/visite-du-parlement-wallon-avec-les-5-6\/","og_site_name":"Charneux","article_published_time":"2021-05-08T09:07:38+00:00","article_modified_time":"2021-05-08T09:55:49+00:00","og_image":[{"width":992,"height":744,"url":"https:\/\/charneux.be\/preprod\/wp-content\/uploads\/2021\/05\/IMG_20210507_103247_resized_20210508_105221255.jpg","type":"image\/jpeg"}],"author":"Gilles Collings","twitter_misc":{"\u00c9crit par":"Gilles Collings"},"schema":{"@context":"https:\/\/schema.org","@graph":[{"@type":"Article","@id":"https:\/\/charneux.be\/preprod\/visite-du-parlement-wallon-avec-les-5-6\/#article","isPartOf":{"@id":"https:\/\/charneux.be\/preprod\/visite-du-parlement-wallon-avec-les-5-6\/"},"author":{"name":"Gilles Collings","@id":"https:\/\/charneux.be\/preprod\/#\/schema\/person\/0b1651317d01999c5d965686422d77cb"},"headline":"Visite du parlement wallon avec les 5-6","datePublished":"2021-05-08T09:07:38+00:00","dateModified":"2021-05-08T09:55:49+00:00","mainEntityOfPage":{"@id":"https:\/\/charneux.be\/preprod\/visite-du-parlement-wallon-avec-les-5-6\/"},"wordCount":48,"publisher":{"@id":"https:\/\/charneux.be\/preprod\/#organization"},"image":{"@id":"https:\/\/charneux.be\/preprod\/visite-du-parlement-wallon-avec-les-5-6\/#primaryimage"},"thumbnailUrl":"https:\/\/charneux.be\/preprod\/wp-content\/uploads\/2021\/05\/IMG_20210507_103247_resized_20210508_105221255.jpg","inLanguage":"fr-FR"},{"@type":"WebPage","@id":"https:\/\/charneux.be\/preprod\/visite-du-parlement-wallon-avec-les-5-6\/","url":"https:\/\/charneux.be\/preprod\/visite-du-parlement-wallon-avec-les-5-6\/","name":"Visite du parlement wallon avec les 5-6 - Charneux","isPartOf":{"@id":"https:\/\/charneux.be\/preprod\/#website"},"primaryImageOfPage":{"@id":"https:\/\/charneux.be\/preprod\/visite-du-parlement-wallon-avec-les-5-6\/#primaryimage"},"image":{"@id":"https:\/\/charneux.be\/preprod\/visite-du-parlement-wallon-avec-les-5-6\/#primaryimage"},"thumbnailUrl":"https:\/\/charneux.be\/preprod\/wp-content\/uploads\/2021\/05\/IMG_20210507_103247_resized_20210508_105221255.jpg","datePublished":"2021-05-08T09:07:38+00:00","dateModified":"2021-05-08T09:55:49+00:00","breadcrumb":{"@id":"https:\/\/charneux.be\/preprod\/visite-du-parlement-wallon-avec-les-5-6\/#breadcrumb"},"inLanguage":"fr-FR","potentialAction":[{"@type":"ReadAction","target":["https:\/\/charneux.be\/preprod\/visite-du-parlement-wallon-avec-les-5-6\/"]}]},{"@type":"ImageObject","inLanguage":"fr-FR","@id":"https:\/\/charneux.be\/preprod\/visite-du-parlement-wallon-avec-les-5-6\/#primaryimage","url":"https:\/\/charneux.be\/preprod\/wp-content\/uploads\/2021\/05\/IMG_20210507_103247_resized_20210508_105221255.jpg","contentUrl":"https:\/\/charneux.be\/preprod\/wp-content\/uploads\/2021\/05\/IMG_20210507_103247_resized_20210508_105221255.jpg","width":992,"height":744},{"@type":"BreadcrumbList","@id":"https:\/\/charneux.be\/preprod\/visite-du-parlement-wallon-avec-les-5-6\/#breadcrumb","itemListElement":[{"@type":"ListItem","position":1,"name":"Accueil","item":"https:\/\/charneux.be\/preprod\/"},{"@type":"ListItem","position":2,"name":"Visite du parlement wallon avec les 5-6"}]},{"@type":"WebSite","@id":"https:\/\/charneux.be\/preprod\/#website","url":"https:\/\/charneux.be\/preprod\/","name":"Charneux","description":"","publisher":{"@id":"https:\/\/charneux.be\/preprod\/#organization"},"potentialAction":[{"@type":"SearchAction","target":{"@type":"EntryPoint","urlTemplate":"https:\/\/charneux.be\/preprod\/?s={search_term_string}"},"query-input":{"@type":"PropertyValueSpecification","valueRequired":true,"valueName":"search_term_string"}}],"inLanguage":"fr-FR"},{"@type":"Organization","@id":"https:\/\/charneux.be\/preprod\/#organization","name":"Ecole libre de Charneux","url":"https:\/\/charneux.be\/preprod\/","logo":{"@type":"ImageObject","inLanguage":"fr-FR","@id":"https:\/\/charneux.be\/preprod\/#\/schema\/logo\/image\/","url":"https:\/\/charneux.be\/preprod\/wp-content\/uploads\/2024\/08\/cropped-Logo-bleu.png","contentUrl":"https:\/\/charneux.be\/preprod\/wp-content\/uploads\/2024\/08\/cropped-Logo-bleu.png","width":480,"height":799,"caption":"Ecole libre de Charneux"},"image":{"@id":"https:\/\/charneux.be\/preprod\/#\/schema\/logo\/image\/"}},{"@type":"Person","@id":"https:\/\/charneux.be\/preprod\/#\/schema\/person\/0b1651317d01999c5d965686422d77cb","name":"Gilles Collings","image":{"@type":"ImageObject","inLanguage":"fr-FR","@id":"https:\/\/charneux.be\/preprod\/#\/schema\/person\/image\/","url":"https:\/\/secure.gravatar.com\/avatar\/320dcf4529b471bc3f0dc256dbefcb4434faec727325adce4fe24429eae36178?s=96&d=mm&r=g","contentUrl":"https:\/\/secure.gravatar.com\/avatar\/320dcf4529b471bc3f0dc256dbefcb4434faec727325adce4fe24429eae36178?s=96&d=mm&r=g","caption":"Gilles Collings"},"url":"https:\/\/charneux.be\/preprod\/author\/gilles\/"}]}},"_links":{"self":[{"href":"https:\/\/charneux.be\/preprod\/wp-json\/wp\/v2\/posts\/751","targetHints":{"allow":["GET"]}}],"collection":[{"href":"https:\/\/charneux.be\/preprod\/wp-json\/wp\/v2\/posts"}],"about":[{"href":"https:\/\/charneux.be\/preprod\/wp-json\/wp\/v2\/types\/post"}],"author":[{"embeddable":true,"href":"https:\/\/charneux.be\/preprod\/wp-json\/wp\/v2\/users\/3"}],"replies":[{"embeddable":true,"href":"https:\/\/charneux.be\/preprod\/wp-json\/wp\/v2\/comments?post=751"}],"version-history":[{"count":3,"href":"https:\/\/charneux.be\/preprod\/wp-json\/wp\/v2\/posts\/751\/revisions"}],"predecessor-version":[{"id":765,"href":"https:\/\/charneux.be\/preprod\/wp-json\/wp\/v2\/posts\/751\/revisions\/765"}],"wp:featuredmedia":[{"embeddable":true,"href":"https:\/\/charneux.be\/preprod\/wp-json\/wp\/v2\/media\/756"}],"wp:attachment":[{"href":"https:\/\/charneux.be\/preprod\/wp-json\/wp\/v2\/media?parent=751"}],"wp:term":[{"taxonomy":"category","embeddable":true,"href":"https:\/\/charneux.be\/preprod\/wp-json\/wp\/v2\/categories?post=751"},{"taxonomy":"post_tag","embeddable":true,"href":"https:\/\/charneux.be\/preprod\/wp-json\/wp\/v2\/tags?post=751"}],"curies":[{"name":"wp","href":"https:\/\/api.w.org\/{rel}","templated":true}]}}