{"id":769,"date":"2021-05-31T08:39:34","date_gmt":"2021-05-31T07:39:34","guid":{"rendered":"http:\/\/charneux.be\/wordpress\/?p=769"},"modified":"2021-06-21T07:42:11","modified_gmt":"2021-06-21T06:42:11","slug":"amenagement-des-abords-de-lecole-maternelle","status":"publish","type":"post","link":"https:\/\/charneux.be\/preprod\/amenagement-des-abords-de-lecole-maternelle\/","title":{"rendered":"Am\u00e9nagement des abords de l&rsquo;\u00e9cole maternelle."},"content":{"rendered":"<p>Suite au lancement d\u2019un budget participatif de la ville de Herve, et gr\u00e2ce aux votes de nombreux citoyens<br \/>\nherviens, les travaux aux abords de l\u2019\u00e9cole maternelle ont d\u00e9but\u00e9.<br \/>\nIls consistent en l\u2019am\u00e9nagement d\u2019un jardin collectif et participatif. C\u2019est l\u2019entreprise ACEF de Charneux<br \/>\nqui r\u00e9alise les travaux.<br \/>\nLes trois premiers bacs potagers au sol ont \u00e9t\u00e9 r\u00e9alis\u00e9s. Nous sommes all\u00e9s \u00e0 la rencontre des ouvriers,<br \/>\noccup\u00e9s \u00e0 installer les bordures \u00e0 l\u2019aide de ciment pour d\u00e9limiter les espaces. Nous avons observ\u00e9 leurs<br \/>\noutils, leur scie \u00e0 b\u00e9ton, le camion charg\u00e9 de b\u00e9ton qui va durcir \u00e0 l\u2019air et fixer solidement les bordures.<br \/>\nEn classe, nous avons proc\u00e9d\u00e9 \u00e0 des semis : carottes, ciboulettes, aubergines, tournesols, cresson,<br \/>\npotirons, courgettes&#8230; La patience est maintenant de mise.<br \/>\nClasse de Fabienne.<\/p>\n<p><a href=\"http:\/\/charneux.be\/wordpress\/wp-content\/uploads\/2021\/05\/1.jpg\"><img fetchpriority=\"high\" decoding=\"async\" class=\"alignnone size-medium wp-image-771\" src=\"http:\/\/charneux.be\/wordpress\/wp-content\/uploads\/2021\/05\/1-300x225.jpg\" alt=\"\" width=\"300\" height=\"225\" srcset=\"https:\/\/charneux.be\/preprod\/wp-content\/uploads\/2021\/05\/1-300x225.jpg 300w, https:\/\/charneux.be\/preprod\/wp-content\/uploads\/2021\/05\/1-1024x768.jpg 1024w, https:\/\/charneux.be\/preprod\/wp-content\/uploads\/2021\/05\/1-768x576.jpg 768w, https:\/\/charneux.be\/preprod\/wp-content\/uploads\/2021\/05\/1-1536x1152.jpg 1536w, https:\/\/charneux.be\/preprod\/wp-content\/uploads\/2021\/05\/1.jpg 2048w\" sizes=\"(max-width: 300px) 100vw, 300px\" \/><\/a> <a href=\"http:\/\/charneux.be\/wordpress\/wp-content\/uploads\/2021\/05\/2.jpg\"><img decoding=\"async\" class=\"alignnone size-medium wp-image-772\" src=\"http:\/\/charneux.be\/wordpress\/wp-content\/uploads\/2021\/05\/2-300x225.jpg\" alt=\"\" width=\"300\" height=\"225\" srcset=\"https:\/\/charneux.be\/preprod\/wp-content\/uploads\/2021\/05\/2-300x225.jpg 300w, https:\/\/charneux.be\/preprod\/wp-content\/uploads\/2021\/05\/2-1024x768.jpg 1024w, https:\/\/charneux.be\/preprod\/wp-content\/uploads\/2021\/05\/2-768x576.jpg 768w, https:\/\/charneux.be\/preprod\/wp-content\/uploads\/2021\/05\/2-1536x1152.jpg 1536w, https:\/\/charneux.be\/preprod\/wp-content\/uploads\/2021\/05\/2.jpg 2048w\" sizes=\"(max-width: 300px) 100vw, 300px\" \/><\/a> <a href=\"http:\/\/charneux.be\/wordpress\/wp-content\/uploads\/2021\/05\/3.jpg\"><img decoding=\"async\" class=\"alignnone size-medium wp-image-773\" src=\"http:\/\/charneux.be\/wordpress\/wp-content\/uploads\/2021\/05\/3-300x225.jpg\" alt=\"\" width=\"300\" height=\"225\" srcset=\"https:\/\/charneux.be\/preprod\/wp-content\/uploads\/2021\/05\/3-300x225.jpg 300w, https:\/\/charneux.be\/preprod\/wp-content\/uploads\/2021\/05\/3-1024x768.jpg 1024w, https:\/\/charneux.be\/preprod\/wp-content\/uploads\/2021\/05\/3-768x576.jpg 768w, https:\/\/charneux.be\/preprod\/wp-content\/uploads\/2021\/05\/3-1536x1152.jpg 1536w, https:\/\/charneux.be\/preprod\/wp-content\/uploads\/2021\/05\/3.jpg 2048w\" sizes=\"(max-width: 300px) 100vw, 300px\" \/><\/a> <a href=\"http:\/\/charneux.be\/wordpress\/wp-content\/uploads\/2021\/05\/4.jpg\"><img loading=\"lazy\" decoding=\"async\" class=\"alignnone size-medium wp-image-774\" src=\"http:\/\/charneux.be\/wordpress\/wp-content\/uploads\/2021\/05\/4-300x225.jpg\" alt=\"\" width=\"300\" height=\"225\" srcset=\"https:\/\/charneux.be\/preprod\/wp-content\/uploads\/2021\/05\/4-300x225.jpg 300w, https:\/\/charneux.be\/preprod\/wp-content\/uploads\/2021\/05\/4-1024x768.jpg 1024w, https:\/\/charneux.be\/preprod\/wp-content\/uploads\/2021\/05\/4-768x576.jpg 768w, https:\/\/charneux.be\/preprod\/wp-content\/uploads\/2021\/05\/4-1536x1152.jpg 1536w, https:\/\/charneux.be\/preprod\/wp-content\/uploads\/2021\/05\/4.jpg 2048w\" sizes=\"(max-width: 300px) 100vw, 300px\" \/><\/a> <a href=\"http:\/\/charneux.be\/wordpress\/wp-content\/uploads\/2021\/05\/5.jpg\"><img loading=\"lazy\" decoding=\"async\" class=\"alignnone size-medium wp-image-775\" src=\"http:\/\/charneux.be\/wordpress\/wp-content\/uploads\/2021\/05\/5-300x199.jpg\" alt=\"\" width=\"300\" height=\"199\" srcset=\"https:\/\/charneux.be\/preprod\/wp-content\/uploads\/2021\/05\/5-300x199.jpg 300w, https:\/\/charneux.be\/preprod\/wp-content\/uploads\/2021\/05\/5-1024x680.jpg 1024w, https:\/\/charneux.be\/preprod\/wp-content\/uploads\/2021\/05\/5-768x510.jpg 768w, https:\/\/charneux.be\/preprod\/wp-content\/uploads\/2021\/05\/5-1536x1020.jpg 1536w, https:\/\/charneux.be\/preprod\/wp-content\/uploads\/2021\/05\/5.jpg 2048w\" sizes=\"(max-width: 300px) 100vw, 300px\" \/><\/a> <a href=\"http:\/\/charneux.be\/wordpress\/wp-content\/uploads\/2021\/05\/6.jpg\"><img loading=\"lazy\" decoding=\"async\" class=\"alignnone size-medium wp-image-776\" src=\"http:\/\/charneux.be\/wordpress\/wp-content\/uploads\/2021\/05\/6-300x225.jpg\" alt=\"\" width=\"300\" height=\"225\" srcset=\"https:\/\/charneux.be\/preprod\/wp-content\/uploads\/2021\/05\/6-300x225.jpg 300w, https:\/\/charneux.be\/preprod\/wp-content\/uploads\/2021\/05\/6-1024x768.jpg 1024w, https:\/\/charneux.be\/preprod\/wp-content\/uploads\/2021\/05\/6-768x576.jpg 768w, https:\/\/charneux.be\/preprod\/wp-content\/uploads\/2021\/05\/6-1536x1152.jpg 1536w, https:\/\/charneux.be\/preprod\/wp-content\/uploads\/2021\/05\/6.jpg 2048w\" sizes=\"(max-width: 300px) 100vw, 300px\" \/><\/a><\/p>\n","protected":false},"excerpt":{"rendered":"<p>Suite au lancement d\u2019un budget participatif de la ville de Herve, et gr\u00e2ce aux votes de nombreux citoyens herviens, les travaux aux abords de l\u2019\u00e9cole maternelle ont d\u00e9but\u00e9. Ils consistent en l\u2019am\u00e9nagement d\u2019un jardin collectif et participatif. C\u2019est l\u2019entreprise ACEF de Charneux qui r\u00e9alise les travaux. Les trois premiers bacs potagers au sol ont \u00e9t\u00e9 [&hellip;]<\/p>\n","protected":false},"author":28,"featured_media":0,"comment_status":"closed","ping_status":"open","sticky":false,"template":"","format":"standard","meta":{"footnotes":""},"categories":[3],"tags":[],"class_list":["post-769","post","type-post","status-publish","format-standard","hentry","category-maternelle"],"yoast_head":"<!-- This site is optimized with the Yoast SEO plugin v23.6 - https:\/\/yoast.com\/wordpress\/plugins\/seo\/ -->\n<title>Am\u00e9nagement des abords de l&#039;\u00e9cole maternelle. - Charneux<\/title>\n<meta name=\"robots\" content=\"noindex, follow, max-snippet:-1, max-image-preview:large, max-video-preview:-1\" \/>\n<meta property=\"og:locale\" content=\"fr_FR\" \/>\n<meta property=\"og:type\" content=\"article\" \/>\n<meta property=\"og:title\" content=\"Am\u00e9nagement des abords de l&#039;\u00e9cole maternelle. - Charneux\" \/>\n<meta property=\"og:description\" content=\"Suite au lancement d\u2019un budget participatif de la ville de Herve, et gr\u00e2ce aux votes de nombreux citoyens herviens, les travaux aux abords de l\u2019\u00e9cole maternelle ont d\u00e9but\u00e9. Ils consistent en l\u2019am\u00e9nagement d\u2019un jardin collectif et participatif. C\u2019est l\u2019entreprise ACEF de Charneux qui r\u00e9alise les travaux. Les trois premiers bacs potagers au sol ont \u00e9t\u00e9 [&hellip;]\" \/>\n<meta property=\"og:url\" content=\"https:\/\/charneux.be\/preprod\/amenagement-des-abords-de-lecole-maternelle\/\" \/>\n<meta property=\"og:site_name\" content=\"Charneux\" \/>\n<meta property=\"article:published_time\" content=\"2021-05-31T07:39:34+00:00\" \/>\n<meta property=\"article:modified_time\" content=\"2021-06-21T06:42:11+00:00\" \/>\n<meta property=\"og:image\" content=\"http:\/\/charneux.be\/wordpress\/wp-content\/uploads\/2021\/05\/1-300x225.jpg\" \/>\n<meta name=\"author\" content=\"Laurent Flavion\" \/>\n<meta name=\"twitter:label1\" content=\"\u00c9crit par\" \/>\n\t<meta name=\"twitter:data1\" content=\"Laurent Flavion\" \/>\n\t<meta name=\"twitter:label2\" content=\"Dur\u00e9e de lecture estim\u00e9e\" \/>\n\t<meta name=\"twitter:data2\" content=\"1 minute\" \/>\n<script type=\"application\/ld+json\" class=\"yoast-schema-graph\">{\"@context\":\"https:\/\/schema.org\",\"@graph\":[{\"@type\":\"Article\",\"@id\":\"https:\/\/charneux.be\/preprod\/amenagement-des-abords-de-lecole-maternelle\/#article\",\"isPartOf\":{\"@id\":\"https:\/\/charneux.be\/preprod\/amenagement-des-abords-de-lecole-maternelle\/\"},\"author\":{\"name\":\"Laurent Flavion\",\"@id\":\"https:\/\/charneux.be\/preprod\/#\/schema\/person\/43e4a05d0316c3e83f894e6f0efade6f\"},\"headline\":\"Am\u00e9nagement des abords de l&rsquo;\u00e9cole maternelle.\",\"datePublished\":\"2021-05-31T07:39:34+00:00\",\"dateModified\":\"2021-06-21T06:42:11+00:00\",\"mainEntityOfPage\":{\"@id\":\"https:\/\/charneux.be\/preprod\/amenagement-des-abords-de-lecole-maternelle\/\"},\"wordCount\":147,\"publisher\":{\"@id\":\"https:\/\/charneux.be\/preprod\/#organization\"},\"image\":{\"@id\":\"https:\/\/charneux.be\/preprod\/amenagement-des-abords-de-lecole-maternelle\/#primaryimage\"},\"thumbnailUrl\":\"http:\/\/charneux.be\/wordpress\/wp-content\/uploads\/2021\/05\/1-300x225.jpg\",\"articleSection\":[\"En maternelle\"],\"inLanguage\":\"fr-FR\"},{\"@type\":\"WebPage\",\"@id\":\"https:\/\/charneux.be\/preprod\/amenagement-des-abords-de-lecole-maternelle\/\",\"url\":\"https:\/\/charneux.be\/preprod\/amenagement-des-abords-de-lecole-maternelle\/\",\"name\":\"Am\u00e9nagement des abords de l'\u00e9cole maternelle. - Charneux\",\"isPartOf\":{\"@id\":\"https:\/\/charneux.be\/preprod\/#website\"},\"primaryImageOfPage\":{\"@id\":\"https:\/\/charneux.be\/preprod\/amenagement-des-abords-de-lecole-maternelle\/#primaryimage\"},\"image\":{\"@id\":\"https:\/\/charneux.be\/preprod\/amenagement-des-abords-de-lecole-maternelle\/#primaryimage\"},\"thumbnailUrl\":\"http:\/\/charneux.be\/wordpress\/wp-content\/uploads\/2021\/05\/1-300x225.jpg\",\"datePublished\":\"2021-05-31T07:39:34+00:00\",\"dateModified\":\"2021-06-21T06:42:11+00:00\",\"breadcrumb\":{\"@id\":\"https:\/\/charneux.be\/preprod\/amenagement-des-abords-de-lecole-maternelle\/#breadcrumb\"},\"inLanguage\":\"fr-FR\",\"potentialAction\":[{\"@type\":\"ReadAction\",\"target\":[\"https:\/\/charneux.be\/preprod\/amenagement-des-abords-de-lecole-maternelle\/\"]}]},{\"@type\":\"ImageObject\",\"inLanguage\":\"fr-FR\",\"@id\":\"https:\/\/charneux.be\/preprod\/amenagement-des-abords-de-lecole-maternelle\/#primaryimage\",\"url\":\"http:\/\/charneux.be\/wordpress\/wp-content\/uploads\/2021\/05\/1-300x225.jpg\",\"contentUrl\":\"http:\/\/charneux.be\/wordpress\/wp-content\/uploads\/2021\/05\/1-300x225.jpg\"},{\"@type\":\"BreadcrumbList\",\"@id\":\"https:\/\/charneux.be\/preprod\/amenagement-des-abords-de-lecole-maternelle\/#breadcrumb\",\"itemListElement\":[{\"@type\":\"ListItem\",\"position\":1,\"name\":\"Accueil\",\"item\":\"https:\/\/charneux.be\/preprod\/\"},{\"@type\":\"ListItem\",\"position\":2,\"name\":\"Am\u00e9nagement des abords de l&rsquo;\u00e9cole maternelle.\"}]},{\"@type\":\"WebSite\",\"@id\":\"https:\/\/charneux.be\/preprod\/#website\",\"url\":\"https:\/\/charneux.be\/preprod\/\",\"name\":\"Charneux\",\"description\":\"\",\"publisher\":{\"@id\":\"https:\/\/charneux.be\/preprod\/#organization\"},\"potentialAction\":[{\"@type\":\"SearchAction\",\"target\":{\"@type\":\"EntryPoint\",\"urlTemplate\":\"https:\/\/charneux.be\/preprod\/?s={search_term_string}\"},\"query-input\":{\"@type\":\"PropertyValueSpecification\",\"valueRequired\":true,\"valueName\":\"search_term_string\"}}],\"inLanguage\":\"fr-FR\"},{\"@type\":\"Organization\",\"@id\":\"https:\/\/charneux.be\/preprod\/#organization\",\"name\":\"Ecole libre de Charneux\",\"url\":\"https:\/\/charneux.be\/preprod\/\",\"logo\":{\"@type\":\"ImageObject\",\"inLanguage\":\"fr-FR\",\"@id\":\"https:\/\/charneux.be\/preprod\/#\/schema\/logo\/image\/\",\"url\":\"https:\/\/charneux.be\/preprod\/wp-content\/uploads\/2024\/08\/cropped-Logo-bleu.png\",\"contentUrl\":\"https:\/\/charneux.be\/preprod\/wp-content\/uploads\/2024\/08\/cropped-Logo-bleu.png\",\"width\":480,\"height\":799,\"caption\":\"Ecole libre de Charneux\"},\"image\":{\"@id\":\"https:\/\/charneux.be\/preprod\/#\/schema\/logo\/image\/\"}},{\"@type\":\"Person\",\"@id\":\"https:\/\/charneux.be\/preprod\/#\/schema\/person\/43e4a05d0316c3e83f894e6f0efade6f\",\"name\":\"Laurent Flavion\",\"image\":{\"@type\":\"ImageObject\",\"inLanguage\":\"fr-FR\",\"@id\":\"https:\/\/charneux.be\/preprod\/#\/schema\/person\/image\/\",\"url\":\"https:\/\/secure.gravatar.com\/avatar\/8f6aef73a744eddd03c9cfab9778ba69e0d74f9aed159b8a60517b7119b1f0d3?s=96&d=mm&r=g\",\"contentUrl\":\"https:\/\/secure.gravatar.com\/avatar\/8f6aef73a744eddd03c9cfab9778ba69e0d74f9aed159b8a60517b7119b1f0d3?s=96&d=mm&r=g\",\"caption\":\"Laurent Flavion\"},\"url\":\"https:\/\/charneux.be\/preprod\/author\/laurent\/\"}]}<\/script>\n<!-- \/ Yoast SEO plugin. -->","yoast_head_json":{"title":"Am\u00e9nagement des abords de l'\u00e9cole maternelle. - Charneux","robots":{"index":"noindex","follow":"follow","max-snippet":"max-snippet:-1","max-image-preview":"max-image-preview:large","max-video-preview":"max-video-preview:-1"},"og_locale":"fr_FR","og_type":"article","og_title":"Am\u00e9nagement des abords de l'\u00e9cole maternelle. - Charneux","og_description":"Suite au lancement d\u2019un budget participatif de la ville de Herve, et gr\u00e2ce aux votes de nombreux citoyens herviens, les travaux aux abords de l\u2019\u00e9cole maternelle ont d\u00e9but\u00e9. Ils consistent en l\u2019am\u00e9nagement d\u2019un jardin collectif et participatif. C\u2019est l\u2019entreprise ACEF de Charneux qui r\u00e9alise les travaux. Les trois premiers bacs potagers au sol ont \u00e9t\u00e9 [&hellip;]","og_url":"https:\/\/charneux.be\/preprod\/amenagement-des-abords-de-lecole-maternelle\/","og_site_name":"Charneux","article_published_time":"2021-05-31T07:39:34+00:00","article_modified_time":"2021-06-21T06:42:11+00:00","og_image":[{"url":"http:\/\/charneux.be\/wordpress\/wp-content\/uploads\/2021\/05\/1-300x225.jpg"}],"author":"Laurent Flavion","twitter_misc":{"\u00c9crit par":"Laurent Flavion","Dur\u00e9e de lecture estim\u00e9e":"1 minute"},"schema":{"@context":"https:\/\/schema.org","@graph":[{"@type":"Article","@id":"https:\/\/charneux.be\/preprod\/amenagement-des-abords-de-lecole-maternelle\/#article","isPartOf":{"@id":"https:\/\/charneux.be\/preprod\/amenagement-des-abords-de-lecole-maternelle\/"},"author":{"name":"Laurent Flavion","@id":"https:\/\/charneux.be\/preprod\/#\/schema\/person\/43e4a05d0316c3e83f894e6f0efade6f"},"headline":"Am\u00e9nagement des abords de l&rsquo;\u00e9cole maternelle.","datePublished":"2021-05-31T07:39:34+00:00","dateModified":"2021-06-21T06:42:11+00:00","mainEntityOfPage":{"@id":"https:\/\/charneux.be\/preprod\/amenagement-des-abords-de-lecole-maternelle\/"},"wordCount":147,"publisher":{"@id":"https:\/\/charneux.be\/preprod\/#organization"},"image":{"@id":"https:\/\/charneux.be\/preprod\/amenagement-des-abords-de-lecole-maternelle\/#primaryimage"},"thumbnailUrl":"http:\/\/charneux.be\/wordpress\/wp-content\/uploads\/2021\/05\/1-300x225.jpg","articleSection":["En maternelle"],"inLanguage":"fr-FR"},{"@type":"WebPage","@id":"https:\/\/charneux.be\/preprod\/amenagement-des-abords-de-lecole-maternelle\/","url":"https:\/\/charneux.be\/preprod\/amenagement-des-abords-de-lecole-maternelle\/","name":"Am\u00e9nagement des abords de l'\u00e9cole maternelle. - Charneux","isPartOf":{"@id":"https:\/\/charneux.be\/preprod\/#website"},"primaryImageOfPage":{"@id":"https:\/\/charneux.be\/preprod\/amenagement-des-abords-de-lecole-maternelle\/#primaryimage"},"image":{"@id":"https:\/\/charneux.be\/preprod\/amenagement-des-abords-de-lecole-maternelle\/#primaryimage"},"thumbnailUrl":"http:\/\/charneux.be\/wordpress\/wp-content\/uploads\/2021\/05\/1-300x225.jpg","datePublished":"2021-05-31T07:39:34+00:00","dateModified":"2021-06-21T06:42:11+00:00","breadcrumb":{"@id":"https:\/\/charneux.be\/preprod\/amenagement-des-abords-de-lecole-maternelle\/#breadcrumb"},"inLanguage":"fr-FR","potentialAction":[{"@type":"ReadAction","target":["https:\/\/charneux.be\/preprod\/amenagement-des-abords-de-lecole-maternelle\/"]}]},{"@type":"ImageObject","inLanguage":"fr-FR","@id":"https:\/\/charneux.be\/preprod\/amenagement-des-abords-de-lecole-maternelle\/#primaryimage","url":"http:\/\/charneux.be\/wordpress\/wp-content\/uploads\/2021\/05\/1-300x225.jpg","contentUrl":"http:\/\/charneux.be\/wordpress\/wp-content\/uploads\/2021\/05\/1-300x225.jpg"},{"@type":"BreadcrumbList","@id":"https:\/\/charneux.be\/preprod\/amenagement-des-abords-de-lecole-maternelle\/#breadcrumb","itemListElement":[{"@type":"ListItem","position":1,"name":"Accueil","item":"https:\/\/charneux.be\/preprod\/"},{"@type":"ListItem","position":2,"name":"Am\u00e9nagement des abords de l&rsquo;\u00e9cole maternelle."}]},{"@type":"WebSite","@id":"https:\/\/charneux.be\/preprod\/#website","url":"https:\/\/charneux.be\/preprod\/","name":"Charneux","description":"","publisher":{"@id":"https:\/\/charneux.be\/preprod\/#organization"},"potentialAction":[{"@type":"SearchAction","target":{"@type":"EntryPoint","urlTemplate":"https:\/\/charneux.be\/preprod\/?s={search_term_string}"},"query-input":{"@type":"PropertyValueSpecification","valueRequired":true,"valueName":"search_term_string"}}],"inLanguage":"fr-FR"},{"@type":"Organization","@id":"https:\/\/charneux.be\/preprod\/#organization","name":"Ecole libre de Charneux","url":"https:\/\/charneux.be\/preprod\/","logo":{"@type":"ImageObject","inLanguage":"fr-FR","@id":"https:\/\/charneux.be\/preprod\/#\/schema\/logo\/image\/","url":"https:\/\/charneux.be\/preprod\/wp-content\/uploads\/2024\/08\/cropped-Logo-bleu.png","contentUrl":"https:\/\/charneux.be\/preprod\/wp-content\/uploads\/2024\/08\/cropped-Logo-bleu.png","width":480,"height":799,"caption":"Ecole libre de Charneux"},"image":{"@id":"https:\/\/charneux.be\/preprod\/#\/schema\/logo\/image\/"}},{"@type":"Person","@id":"https:\/\/charneux.be\/preprod\/#\/schema\/person\/43e4a05d0316c3e83f894e6f0efade6f","name":"Laurent Flavion","image":{"@type":"ImageObject","inLanguage":"fr-FR","@id":"https:\/\/charneux.be\/preprod\/#\/schema\/person\/image\/","url":"https:\/\/secure.gravatar.com\/avatar\/8f6aef73a744eddd03c9cfab9778ba69e0d74f9aed159b8a60517b7119b1f0d3?s=96&d=mm&r=g","contentUrl":"https:\/\/secure.gravatar.com\/avatar\/8f6aef73a744eddd03c9cfab9778ba69e0d74f9aed159b8a60517b7119b1f0d3?s=96&d=mm&r=g","caption":"Laurent Flavion"},"url":"https:\/\/charneux.be\/preprod\/author\/laurent\/"}]}},"_links":{"self":[{"href":"https:\/\/charneux.be\/preprod\/wp-json\/wp\/v2\/posts\/769","targetHints":{"allow":["GET"]}}],"collection":[{"href":"https:\/\/charneux.be\/preprod\/wp-json\/wp\/v2\/posts"}],"about":[{"href":"https:\/\/charneux.be\/preprod\/wp-json\/wp\/v2\/types\/post"}],"author":[{"embeddable":true,"href":"https:\/\/charneux.be\/preprod\/wp-json\/wp\/v2\/users\/28"}],"replies":[{"embeddable":true,"href":"https:\/\/charneux.be\/preprod\/wp-json\/wp\/v2\/comments?post=769"}],"version-history":[{"count":2,"href":"https:\/\/charneux.be\/preprod\/wp-json\/wp\/v2\/posts\/769\/revisions"}],"predecessor-version":[{"id":819,"href":"https:\/\/charneux.be\/preprod\/wp-json\/wp\/v2\/posts\/769\/revisions\/819"}],"wp:attachment":[{"href":"https:\/\/charneux.be\/preprod\/wp-json\/wp\/v2\/media?parent=769"}],"wp:term":[{"taxonomy":"category","embeddable":true,"href":"https:\/\/charneux.be\/preprod\/wp-json\/wp\/v2\/categories?post=769"},{"taxonomy":"post_tag","embeddable":true,"href":"https:\/\/charneux.be\/preprod\/wp-json\/wp\/v2\/tags?post=769"}],"curies":[{"name":"wp","href":"https:\/\/api.w.org\/{rel}","templated":true}]}}