{"id":836,"date":"2021-06-24T10:58:35","date_gmt":"2021-06-24T09:58:35","guid":{"rendered":"http:\/\/charneux.be\/wordpress\/?p=836"},"modified":"2021-06-24T10:58:35","modified_gmt":"2021-06-24T09:58:35","slug":"un-fameux-drapeau","status":"publish","type":"post","link":"https:\/\/charneux.be\/preprod\/un-fameux-drapeau\/","title":{"rendered":"Un fameux drapeau"},"content":{"rendered":"<div>Un drapeau belge gigantesque a \u00e9t\u00e9 tendu entre les fen\u00eatres de l&rsquo;\u00e9cole maternelle pour c\u00e9l\u00e9brer la victoire de notre \u00e9quipe \u00e0 l&rsquo;Euro de foot ce lundi 21 juin.<\/div>\n<div>Devant celui-ci, nous posons sous la \u00ab\u00a0drache nationale\u00a0\u00bb, nous sommes minuscules !<\/div>\n<div>Vive les diables rouges !<\/div>\n<div><\/div>\n<div>Classe de Fabienne<\/div>\n<div><\/div>\n<div><a href=\"http:\/\/charneux.be\/wordpress\/wp-content\/uploads\/2021\/06\/P11106781.jpg\"><img fetchpriority=\"high\" decoding=\"async\" class=\"alignnone size-medium wp-image-833\" src=\"http:\/\/charneux.be\/wordpress\/wp-content\/uploads\/2021\/06\/P11106781-300x225.jpg\" alt=\"\" width=\"300\" height=\"225\" srcset=\"https:\/\/charneux.be\/preprod\/wp-content\/uploads\/2021\/06\/P11106781-300x225.jpg 300w, https:\/\/charneux.be\/preprod\/wp-content\/uploads\/2021\/06\/P11106781-1024x768.jpg 1024w, https:\/\/charneux.be\/preprod\/wp-content\/uploads\/2021\/06\/P11106781-768x576.jpg 768w, https:\/\/charneux.be\/preprod\/wp-content\/uploads\/2021\/06\/P11106781-1536x1152.jpg 1536w, https:\/\/charneux.be\/preprod\/wp-content\/uploads\/2021\/06\/P11106781.jpg 2048w\" sizes=\"(max-width: 300px) 100vw, 300px\" \/><\/a> <a href=\"http:\/\/charneux.be\/wordpress\/wp-content\/uploads\/2021\/06\/P11106681.jpg\"><img decoding=\"async\" class=\"alignnone size-medium wp-image-834\" src=\"http:\/\/charneux.be\/wordpress\/wp-content\/uploads\/2021\/06\/P11106681-300x225.jpg\" alt=\"\" width=\"300\" height=\"225\" srcset=\"https:\/\/charneux.be\/preprod\/wp-content\/uploads\/2021\/06\/P11106681-300x225.jpg 300w, https:\/\/charneux.be\/preprod\/wp-content\/uploads\/2021\/06\/P11106681-1024x768.jpg 1024w, https:\/\/charneux.be\/preprod\/wp-content\/uploads\/2021\/06\/P11106681-768x576.jpg 768w, https:\/\/charneux.be\/preprod\/wp-content\/uploads\/2021\/06\/P11106681-1536x1152.jpg 1536w, https:\/\/charneux.be\/preprod\/wp-content\/uploads\/2021\/06\/P11106681.jpg 2048w\" sizes=\"(max-width: 300px) 100vw, 300px\" \/><\/a><\/div>\n","protected":false},"excerpt":{"rendered":"<p>Un drapeau belge gigantesque a \u00e9t\u00e9 tendu entre les fen\u00eatres de l&rsquo;\u00e9cole maternelle pour c\u00e9l\u00e9brer la victoire de notre \u00e9quipe \u00e0 l&rsquo;Euro de foot ce lundi 21 juin. Devant celui-ci, nous posons sous la \u00ab\u00a0drache nationale\u00a0\u00bb, nous sommes minuscules ! Vive les diables rouges ! Classe de Fabienne<\/p>\n","protected":false},"author":28,"featured_media":833,"comment_status":"closed","ping_status":"open","sticky":false,"template":"","format":"standard","meta":{"footnotes":""},"categories":[1],"tags":[],"class_list":["post-836","post","type-post","status-publish","format-standard","has-post-thumbnail","hentry","category-non-classe"],"yoast_head":"<!-- This site is optimized with the Yoast SEO plugin v23.6 - https:\/\/yoast.com\/wordpress\/plugins\/seo\/ -->\n<title>Un fameux drapeau - Charneux<\/title>\n<meta name=\"robots\" content=\"noindex, follow, max-snippet:-1, max-image-preview:large, max-video-preview:-1\" \/>\n<meta property=\"og:locale\" content=\"fr_FR\" \/>\n<meta property=\"og:type\" content=\"article\" \/>\n<meta property=\"og:title\" content=\"Un fameux drapeau - Charneux\" \/>\n<meta property=\"og:description\" content=\"Un drapeau belge gigantesque a \u00e9t\u00e9 tendu entre les fen\u00eatres de l&rsquo;\u00e9cole maternelle pour c\u00e9l\u00e9brer la victoire de notre \u00e9quipe \u00e0 l&rsquo;Euro de foot ce lundi 21 juin. Devant celui-ci, nous posons sous la \u00ab\u00a0drache nationale\u00a0\u00bb, nous sommes minuscules ! Vive les diables rouges ! Classe de Fabienne\" \/>\n<meta property=\"og:url\" content=\"https:\/\/charneux.be\/preprod\/un-fameux-drapeau\/\" \/>\n<meta property=\"og:site_name\" content=\"Charneux\" \/>\n<meta property=\"article:published_time\" content=\"2021-06-24T09:58:35+00:00\" \/>\n<meta property=\"og:image\" content=\"https:\/\/charneux.be\/preprod\/wp-content\/uploads\/2021\/06\/P11106781.jpg\" \/>\n\t<meta property=\"og:image:width\" content=\"2048\" \/>\n\t<meta property=\"og:image:height\" content=\"1536\" \/>\n\t<meta property=\"og:image:type\" content=\"image\/jpeg\" \/>\n<meta name=\"author\" content=\"Laurent Flavion\" \/>\n<meta name=\"twitter:label1\" content=\"\u00c9crit par\" \/>\n\t<meta name=\"twitter:data1\" content=\"Laurent Flavion\" \/>\n<script type=\"application\/ld+json\" class=\"yoast-schema-graph\">{\"@context\":\"https:\/\/schema.org\",\"@graph\":[{\"@type\":\"Article\",\"@id\":\"https:\/\/charneux.be\/preprod\/un-fameux-drapeau\/#article\",\"isPartOf\":{\"@id\":\"https:\/\/charneux.be\/preprod\/un-fameux-drapeau\/\"},\"author\":{\"name\":\"Laurent Flavion\",\"@id\":\"https:\/\/charneux.be\/preprod\/#\/schema\/person\/43e4a05d0316c3e83f894e6f0efade6f\"},\"headline\":\"Un fameux drapeau\",\"datePublished\":\"2021-06-24T09:58:35+00:00\",\"dateModified\":\"2021-06-24T09:58:35+00:00\",\"mainEntityOfPage\":{\"@id\":\"https:\/\/charneux.be\/preprod\/un-fameux-drapeau\/\"},\"wordCount\":52,\"publisher\":{\"@id\":\"https:\/\/charneux.be\/preprod\/#organization\"},\"image\":{\"@id\":\"https:\/\/charneux.be\/preprod\/un-fameux-drapeau\/#primaryimage\"},\"thumbnailUrl\":\"https:\/\/charneux.be\/preprod\/wp-content\/uploads\/2021\/06\/P11106781.jpg\",\"inLanguage\":\"fr-FR\"},{\"@type\":\"WebPage\",\"@id\":\"https:\/\/charneux.be\/preprod\/un-fameux-drapeau\/\",\"url\":\"https:\/\/charneux.be\/preprod\/un-fameux-drapeau\/\",\"name\":\"Un fameux drapeau - Charneux\",\"isPartOf\":{\"@id\":\"https:\/\/charneux.be\/preprod\/#website\"},\"primaryImageOfPage\":{\"@id\":\"https:\/\/charneux.be\/preprod\/un-fameux-drapeau\/#primaryimage\"},\"image\":{\"@id\":\"https:\/\/charneux.be\/preprod\/un-fameux-drapeau\/#primaryimage\"},\"thumbnailUrl\":\"https:\/\/charneux.be\/preprod\/wp-content\/uploads\/2021\/06\/P11106781.jpg\",\"datePublished\":\"2021-06-24T09:58:35+00:00\",\"dateModified\":\"2021-06-24T09:58:35+00:00\",\"breadcrumb\":{\"@id\":\"https:\/\/charneux.be\/preprod\/un-fameux-drapeau\/#breadcrumb\"},\"inLanguage\":\"fr-FR\",\"potentialAction\":[{\"@type\":\"ReadAction\",\"target\":[\"https:\/\/charneux.be\/preprod\/un-fameux-drapeau\/\"]}]},{\"@type\":\"ImageObject\",\"inLanguage\":\"fr-FR\",\"@id\":\"https:\/\/charneux.be\/preprod\/un-fameux-drapeau\/#primaryimage\",\"url\":\"https:\/\/charneux.be\/preprod\/wp-content\/uploads\/2021\/06\/P11106781.jpg\",\"contentUrl\":\"https:\/\/charneux.be\/preprod\/wp-content\/uploads\/2021\/06\/P11106781.jpg\",\"width\":2048,\"height\":1536},{\"@type\":\"BreadcrumbList\",\"@id\":\"https:\/\/charneux.be\/preprod\/un-fameux-drapeau\/#breadcrumb\",\"itemListElement\":[{\"@type\":\"ListItem\",\"position\":1,\"name\":\"Accueil\",\"item\":\"https:\/\/charneux.be\/preprod\/\"},{\"@type\":\"ListItem\",\"position\":2,\"name\":\"Un fameux drapeau\"}]},{\"@type\":\"WebSite\",\"@id\":\"https:\/\/charneux.be\/preprod\/#website\",\"url\":\"https:\/\/charneux.be\/preprod\/\",\"name\":\"Charneux\",\"description\":\"\",\"publisher\":{\"@id\":\"https:\/\/charneux.be\/preprod\/#organization\"},\"potentialAction\":[{\"@type\":\"SearchAction\",\"target\":{\"@type\":\"EntryPoint\",\"urlTemplate\":\"https:\/\/charneux.be\/preprod\/?s={search_term_string}\"},\"query-input\":{\"@type\":\"PropertyValueSpecification\",\"valueRequired\":true,\"valueName\":\"search_term_string\"}}],\"inLanguage\":\"fr-FR\"},{\"@type\":\"Organization\",\"@id\":\"https:\/\/charneux.be\/preprod\/#organization\",\"name\":\"Ecole libre de Charneux\",\"url\":\"https:\/\/charneux.be\/preprod\/\",\"logo\":{\"@type\":\"ImageObject\",\"inLanguage\":\"fr-FR\",\"@id\":\"https:\/\/charneux.be\/preprod\/#\/schema\/logo\/image\/\",\"url\":\"https:\/\/charneux.be\/preprod\/wp-content\/uploads\/2024\/08\/cropped-Logo-bleu.png\",\"contentUrl\":\"https:\/\/charneux.be\/preprod\/wp-content\/uploads\/2024\/08\/cropped-Logo-bleu.png\",\"width\":480,\"height\":799,\"caption\":\"Ecole libre de Charneux\"},\"image\":{\"@id\":\"https:\/\/charneux.be\/preprod\/#\/schema\/logo\/image\/\"}},{\"@type\":\"Person\",\"@id\":\"https:\/\/charneux.be\/preprod\/#\/schema\/person\/43e4a05d0316c3e83f894e6f0efade6f\",\"name\":\"Laurent Flavion\",\"image\":{\"@type\":\"ImageObject\",\"inLanguage\":\"fr-FR\",\"@id\":\"https:\/\/charneux.be\/preprod\/#\/schema\/person\/image\/\",\"url\":\"https:\/\/secure.gravatar.com\/avatar\/8f6aef73a744eddd03c9cfab9778ba69e0d74f9aed159b8a60517b7119b1f0d3?s=96&d=mm&r=g\",\"contentUrl\":\"https:\/\/secure.gravatar.com\/avatar\/8f6aef73a744eddd03c9cfab9778ba69e0d74f9aed159b8a60517b7119b1f0d3?s=96&d=mm&r=g\",\"caption\":\"Laurent Flavion\"},\"url\":\"https:\/\/charneux.be\/preprod\/author\/laurent\/\"}]}<\/script>\n<!-- \/ Yoast SEO plugin. -->","yoast_head_json":{"title":"Un fameux drapeau - Charneux","robots":{"index":"noindex","follow":"follow","max-snippet":"max-snippet:-1","max-image-preview":"max-image-preview:large","max-video-preview":"max-video-preview:-1"},"og_locale":"fr_FR","og_type":"article","og_title":"Un fameux drapeau - Charneux","og_description":"Un drapeau belge gigantesque a \u00e9t\u00e9 tendu entre les fen\u00eatres de l&rsquo;\u00e9cole maternelle pour c\u00e9l\u00e9brer la victoire de notre \u00e9quipe \u00e0 l&rsquo;Euro de foot ce lundi 21 juin. Devant celui-ci, nous posons sous la \u00ab\u00a0drache nationale\u00a0\u00bb, nous sommes minuscules ! Vive les diables rouges ! Classe de Fabienne","og_url":"https:\/\/charneux.be\/preprod\/un-fameux-drapeau\/","og_site_name":"Charneux","article_published_time":"2021-06-24T09:58:35+00:00","og_image":[{"width":2048,"height":1536,"url":"https:\/\/charneux.be\/preprod\/wp-content\/uploads\/2021\/06\/P11106781.jpg","type":"image\/jpeg"}],"author":"Laurent Flavion","twitter_misc":{"\u00c9crit par":"Laurent Flavion"},"schema":{"@context":"https:\/\/schema.org","@graph":[{"@type":"Article","@id":"https:\/\/charneux.be\/preprod\/un-fameux-drapeau\/#article","isPartOf":{"@id":"https:\/\/charneux.be\/preprod\/un-fameux-drapeau\/"},"author":{"name":"Laurent Flavion","@id":"https:\/\/charneux.be\/preprod\/#\/schema\/person\/43e4a05d0316c3e83f894e6f0efade6f"},"headline":"Un fameux drapeau","datePublished":"2021-06-24T09:58:35+00:00","dateModified":"2021-06-24T09:58:35+00:00","mainEntityOfPage":{"@id":"https:\/\/charneux.be\/preprod\/un-fameux-drapeau\/"},"wordCount":52,"publisher":{"@id":"https:\/\/charneux.be\/preprod\/#organization"},"image":{"@id":"https:\/\/charneux.be\/preprod\/un-fameux-drapeau\/#primaryimage"},"thumbnailUrl":"https:\/\/charneux.be\/preprod\/wp-content\/uploads\/2021\/06\/P11106781.jpg","inLanguage":"fr-FR"},{"@type":"WebPage","@id":"https:\/\/charneux.be\/preprod\/un-fameux-drapeau\/","url":"https:\/\/charneux.be\/preprod\/un-fameux-drapeau\/","name":"Un fameux drapeau - Charneux","isPartOf":{"@id":"https:\/\/charneux.be\/preprod\/#website"},"primaryImageOfPage":{"@id":"https:\/\/charneux.be\/preprod\/un-fameux-drapeau\/#primaryimage"},"image":{"@id":"https:\/\/charneux.be\/preprod\/un-fameux-drapeau\/#primaryimage"},"thumbnailUrl":"https:\/\/charneux.be\/preprod\/wp-content\/uploads\/2021\/06\/P11106781.jpg","datePublished":"2021-06-24T09:58:35+00:00","dateModified":"2021-06-24T09:58:35+00:00","breadcrumb":{"@id":"https:\/\/charneux.be\/preprod\/un-fameux-drapeau\/#breadcrumb"},"inLanguage":"fr-FR","potentialAction":[{"@type":"ReadAction","target":["https:\/\/charneux.be\/preprod\/un-fameux-drapeau\/"]}]},{"@type":"ImageObject","inLanguage":"fr-FR","@id":"https:\/\/charneux.be\/preprod\/un-fameux-drapeau\/#primaryimage","url":"https:\/\/charneux.be\/preprod\/wp-content\/uploads\/2021\/06\/P11106781.jpg","contentUrl":"https:\/\/charneux.be\/preprod\/wp-content\/uploads\/2021\/06\/P11106781.jpg","width":2048,"height":1536},{"@type":"BreadcrumbList","@id":"https:\/\/charneux.be\/preprod\/un-fameux-drapeau\/#breadcrumb","itemListElement":[{"@type":"ListItem","position":1,"name":"Accueil","item":"https:\/\/charneux.be\/preprod\/"},{"@type":"ListItem","position":2,"name":"Un fameux drapeau"}]},{"@type":"WebSite","@id":"https:\/\/charneux.be\/preprod\/#website","url":"https:\/\/charneux.be\/preprod\/","name":"Charneux","description":"","publisher":{"@id":"https:\/\/charneux.be\/preprod\/#organization"},"potentialAction":[{"@type":"SearchAction","target":{"@type":"EntryPoint","urlTemplate":"https:\/\/charneux.be\/preprod\/?s={search_term_string}"},"query-input":{"@type":"PropertyValueSpecification","valueRequired":true,"valueName":"search_term_string"}}],"inLanguage":"fr-FR"},{"@type":"Organization","@id":"https:\/\/charneux.be\/preprod\/#organization","name":"Ecole libre de Charneux","url":"https:\/\/charneux.be\/preprod\/","logo":{"@type":"ImageObject","inLanguage":"fr-FR","@id":"https:\/\/charneux.be\/preprod\/#\/schema\/logo\/image\/","url":"https:\/\/charneux.be\/preprod\/wp-content\/uploads\/2024\/08\/cropped-Logo-bleu.png","contentUrl":"https:\/\/charneux.be\/preprod\/wp-content\/uploads\/2024\/08\/cropped-Logo-bleu.png","width":480,"height":799,"caption":"Ecole libre de Charneux"},"image":{"@id":"https:\/\/charneux.be\/preprod\/#\/schema\/logo\/image\/"}},{"@type":"Person","@id":"https:\/\/charneux.be\/preprod\/#\/schema\/person\/43e4a05d0316c3e83f894e6f0efade6f","name":"Laurent Flavion","image":{"@type":"ImageObject","inLanguage":"fr-FR","@id":"https:\/\/charneux.be\/preprod\/#\/schema\/person\/image\/","url":"https:\/\/secure.gravatar.com\/avatar\/8f6aef73a744eddd03c9cfab9778ba69e0d74f9aed159b8a60517b7119b1f0d3?s=96&d=mm&r=g","contentUrl":"https:\/\/secure.gravatar.com\/avatar\/8f6aef73a744eddd03c9cfab9778ba69e0d74f9aed159b8a60517b7119b1f0d3?s=96&d=mm&r=g","caption":"Laurent Flavion"},"url":"https:\/\/charneux.be\/preprod\/author\/laurent\/"}]}},"_links":{"self":[{"href":"https:\/\/charneux.be\/preprod\/wp-json\/wp\/v2\/posts\/836","targetHints":{"allow":["GET"]}}],"collection":[{"href":"https:\/\/charneux.be\/preprod\/wp-json\/wp\/v2\/posts"}],"about":[{"href":"https:\/\/charneux.be\/preprod\/wp-json\/wp\/v2\/types\/post"}],"author":[{"embeddable":true,"href":"https:\/\/charneux.be\/preprod\/wp-json\/wp\/v2\/users\/28"}],"replies":[{"embeddable":true,"href":"https:\/\/charneux.be\/preprod\/wp-json\/wp\/v2\/comments?post=836"}],"version-history":[{"count":1,"href":"https:\/\/charneux.be\/preprod\/wp-json\/wp\/v2\/posts\/836\/revisions"}],"predecessor-version":[{"id":837,"href":"https:\/\/charneux.be\/preprod\/wp-json\/wp\/v2\/posts\/836\/revisions\/837"}],"wp:featuredmedia":[{"embeddable":true,"href":"https:\/\/charneux.be\/preprod\/wp-json\/wp\/v2\/media\/833"}],"wp:attachment":[{"href":"https:\/\/charneux.be\/preprod\/wp-json\/wp\/v2\/media?parent=836"}],"wp:term":[{"taxonomy":"category","embeddable":true,"href":"https:\/\/charneux.be\/preprod\/wp-json\/wp\/v2\/categories?post=836"},{"taxonomy":"post_tag","embeddable":true,"href":"https:\/\/charneux.be\/preprod\/wp-json\/wp\/v2\/tags?post=836"}],"curies":[{"name":"wp","href":"https:\/\/api.w.org\/{rel}","templated":true}]}}