{"id":844,"date":"2021-09-02T13:51:57","date_gmt":"2021-09-02T12:51:57","guid":{"rendered":"http:\/\/charneux.be\/wordpress\/?p=844"},"modified":"2021-09-02T13:51:57","modified_gmt":"2021-09-02T12:51:57","slug":"bonne-rentree-2021","status":"publish","type":"post","link":"https:\/\/charneux.be\/preprod\/bonne-rentree-2021\/","title":{"rendered":"Bonne rentr\u00e9e 2021 !"},"content":{"rendered":"<p>ENSEMBLE, TOUT EST POSSIBLE\u2009!<\/p>\n<p><span style=\"font-size: 12pt;\">Une nouvelle ann\u00e9e scolaire commence&#8230;! <\/span><\/p>\n<p><span style=\"font-size: 12pt;\">Quelle joie, quel bonheur de se retrouver pour partager une nouvelle aventure humaine.<\/span><\/p>\n<p><span style=\"font-size: 12pt;\">Actuellement, notre \u00e9cole compte\u00a0134\u00a0\u00e9l\u00e8ves \u00e0 l\u2019\u00e9cole primaire et\u00a085\u00a0\u00e9l\u00e8ves \u00e0 l\u2019\u00e9cole maternelle.<\/span><\/p>\n<p><span style=\"font-size: 12pt;\">Nous vous remercions, chers parents, d\u2019ores et d\u00e9j\u00e0 pour votre implication, votre pr\u00e9sence dans la vie scolaire de votre enfant, mais aussi de la confiance que vous nous t\u00e9moignez.<\/span><\/p>\n<p><span style=\"font-size: 12pt;\">Nous vous souhaitons, chers \u00e9l\u00e8ves, une joyeuse ann\u00e9e scolaire\u2009!\u00a0\u00a0<\/span><\/p>\n<p><strong><em>\u00ab\u2009Tout groupe humain prend sa richesse dans la communication, l\u2019entraide et la solidarit\u00e9\u0301 visant a\u0300 un but commun\u00a0: l\u2019\u00e9panouissement de chacun dans le respect des diff\u00e9rences.\u2009\u00bb <\/em><\/strong><strong><em>\u00a0<\/em><\/strong><\/p>\n<p><strong><em>\u00a0<\/em><\/strong><strong><em>Fran\u00e7oise Dolto<\/em><\/strong><\/p>\n","protected":false},"excerpt":{"rendered":"<p>ENSEMBLE, TOUT EST POSSIBLE\u2009! Une nouvelle ann\u00e9e scolaire commence&#8230;! Quelle joie, quel bonheur de se retrouver pour partager une nouvelle aventure humaine. Actuellement, notre \u00e9cole compte\u00a0134\u00a0\u00e9l\u00e8ves \u00e0 l\u2019\u00e9cole primaire et\u00a085\u00a0\u00e9l\u00e8ves \u00e0 l\u2019\u00e9cole maternelle. Nous vous remercions, chers parents, d\u2019ores et d\u00e9j\u00e0 pour votre implication, votre pr\u00e9sence dans la vie scolaire de votre enfant, mais aussi [&hellip;]<\/p>\n","protected":false},"author":3,"featured_media":845,"comment_status":"closed","ping_status":"open","sticky":false,"template":"","format":"standard","meta":{"footnotes":""},"categories":[1],"tags":[],"class_list":["post-844","post","type-post","status-publish","format-standard","has-post-thumbnail","hentry","category-non-classe"],"yoast_head":"<!-- This site is optimized with the Yoast SEO plugin v23.6 - https:\/\/yoast.com\/wordpress\/plugins\/seo\/ -->\n<title>Bonne rentr\u00e9e 2021 ! - Charneux<\/title>\n<meta name=\"robots\" content=\"noindex, follow, max-snippet:-1, max-image-preview:large, max-video-preview:-1\" \/>\n<meta property=\"og:locale\" content=\"fr_FR\" \/>\n<meta property=\"og:type\" content=\"article\" \/>\n<meta property=\"og:title\" content=\"Bonne rentr\u00e9e 2021 ! - Charneux\" \/>\n<meta property=\"og:description\" content=\"ENSEMBLE, TOUT EST POSSIBLE\u2009! Une nouvelle ann\u00e9e scolaire commence&#8230;! Quelle joie, quel bonheur de se retrouver pour partager une nouvelle aventure humaine. Actuellement, notre \u00e9cole compte\u00a0134\u00a0\u00e9l\u00e8ves \u00e0 l\u2019\u00e9cole primaire et\u00a085\u00a0\u00e9l\u00e8ves \u00e0 l\u2019\u00e9cole maternelle. Nous vous remercions, chers parents, d\u2019ores et d\u00e9j\u00e0 pour votre implication, votre pr\u00e9sence dans la vie scolaire de votre enfant, mais aussi [&hellip;]\" \/>\n<meta property=\"og:url\" content=\"https:\/\/charneux.be\/preprod\/bonne-rentree-2021\/\" \/>\n<meta property=\"og:site_name\" content=\"Charneux\" \/>\n<meta property=\"article:published_time\" content=\"2021-09-02T12:51:57+00:00\" \/>\n<meta property=\"og:image\" content=\"https:\/\/charneux.be\/preprod\/wp-content\/uploads\/2021\/09\/ensemble.jpg\" \/>\n\t<meta property=\"og:image:width\" content=\"675\" \/>\n\t<meta property=\"og:image:height\" content=\"501\" \/>\n\t<meta property=\"og:image:type\" content=\"image\/jpeg\" \/>\n<meta name=\"author\" content=\"Gilles Collings\" \/>\n<meta name=\"twitter:label1\" content=\"\u00c9crit par\" \/>\n\t<meta name=\"twitter:data1\" content=\"Gilles Collings\" \/>\n\t<meta name=\"twitter:label2\" content=\"Dur\u00e9e de lecture estim\u00e9e\" \/>\n\t<meta name=\"twitter:data2\" content=\"1 minute\" \/>\n<script type=\"application\/ld+json\" class=\"yoast-schema-graph\">{\"@context\":\"https:\/\/schema.org\",\"@graph\":[{\"@type\":\"Article\",\"@id\":\"https:\/\/charneux.be\/preprod\/bonne-rentree-2021\/#article\",\"isPartOf\":{\"@id\":\"https:\/\/charneux.be\/preprod\/bonne-rentree-2021\/\"},\"author\":{\"name\":\"Gilles Collings\",\"@id\":\"https:\/\/charneux.be\/preprod\/#\/schema\/person\/0b1651317d01999c5d965686422d77cb\"},\"headline\":\"Bonne rentr\u00e9e 2021 !\",\"datePublished\":\"2021-09-02T12:51:57+00:00\",\"dateModified\":\"2021-09-02T12:51:57+00:00\",\"mainEntityOfPage\":{\"@id\":\"https:\/\/charneux.be\/preprod\/bonne-rentree-2021\/\"},\"wordCount\":117,\"publisher\":{\"@id\":\"https:\/\/charneux.be\/preprod\/#organization\"},\"image\":{\"@id\":\"https:\/\/charneux.be\/preprod\/bonne-rentree-2021\/#primaryimage\"},\"thumbnailUrl\":\"https:\/\/charneux.be\/preprod\/wp-content\/uploads\/2021\/09\/ensemble.jpg\",\"inLanguage\":\"fr-FR\"},{\"@type\":\"WebPage\",\"@id\":\"https:\/\/charneux.be\/preprod\/bonne-rentree-2021\/\",\"url\":\"https:\/\/charneux.be\/preprod\/bonne-rentree-2021\/\",\"name\":\"Bonne rentr\u00e9e 2021 ! - Charneux\",\"isPartOf\":{\"@id\":\"https:\/\/charneux.be\/preprod\/#website\"},\"primaryImageOfPage\":{\"@id\":\"https:\/\/charneux.be\/preprod\/bonne-rentree-2021\/#primaryimage\"},\"image\":{\"@id\":\"https:\/\/charneux.be\/preprod\/bonne-rentree-2021\/#primaryimage\"},\"thumbnailUrl\":\"https:\/\/charneux.be\/preprod\/wp-content\/uploads\/2021\/09\/ensemble.jpg\",\"datePublished\":\"2021-09-02T12:51:57+00:00\",\"dateModified\":\"2021-09-02T12:51:57+00:00\",\"breadcrumb\":{\"@id\":\"https:\/\/charneux.be\/preprod\/bonne-rentree-2021\/#breadcrumb\"},\"inLanguage\":\"fr-FR\",\"potentialAction\":[{\"@type\":\"ReadAction\",\"target\":[\"https:\/\/charneux.be\/preprod\/bonne-rentree-2021\/\"]}]},{\"@type\":\"ImageObject\",\"inLanguage\":\"fr-FR\",\"@id\":\"https:\/\/charneux.be\/preprod\/bonne-rentree-2021\/#primaryimage\",\"url\":\"https:\/\/charneux.be\/preprod\/wp-content\/uploads\/2021\/09\/ensemble.jpg\",\"contentUrl\":\"https:\/\/charneux.be\/preprod\/wp-content\/uploads\/2021\/09\/ensemble.jpg\",\"width\":675,\"height\":501},{\"@type\":\"BreadcrumbList\",\"@id\":\"https:\/\/charneux.be\/preprod\/bonne-rentree-2021\/#breadcrumb\",\"itemListElement\":[{\"@type\":\"ListItem\",\"position\":1,\"name\":\"Accueil\",\"item\":\"https:\/\/charneux.be\/preprod\/\"},{\"@type\":\"ListItem\",\"position\":2,\"name\":\"Bonne rentr\u00e9e 2021 !\"}]},{\"@type\":\"WebSite\",\"@id\":\"https:\/\/charneux.be\/preprod\/#website\",\"url\":\"https:\/\/charneux.be\/preprod\/\",\"name\":\"Charneux\",\"description\":\"\",\"publisher\":{\"@id\":\"https:\/\/charneux.be\/preprod\/#organization\"},\"potentialAction\":[{\"@type\":\"SearchAction\",\"target\":{\"@type\":\"EntryPoint\",\"urlTemplate\":\"https:\/\/charneux.be\/preprod\/?s={search_term_string}\"},\"query-input\":{\"@type\":\"PropertyValueSpecification\",\"valueRequired\":true,\"valueName\":\"search_term_string\"}}],\"inLanguage\":\"fr-FR\"},{\"@type\":\"Organization\",\"@id\":\"https:\/\/charneux.be\/preprod\/#organization\",\"name\":\"Ecole libre de Charneux\",\"url\":\"https:\/\/charneux.be\/preprod\/\",\"logo\":{\"@type\":\"ImageObject\",\"inLanguage\":\"fr-FR\",\"@id\":\"https:\/\/charneux.be\/preprod\/#\/schema\/logo\/image\/\",\"url\":\"https:\/\/charneux.be\/preprod\/wp-content\/uploads\/2024\/08\/cropped-Logo-bleu.png\",\"contentUrl\":\"https:\/\/charneux.be\/preprod\/wp-content\/uploads\/2024\/08\/cropped-Logo-bleu.png\",\"width\":480,\"height\":799,\"caption\":\"Ecole libre de Charneux\"},\"image\":{\"@id\":\"https:\/\/charneux.be\/preprod\/#\/schema\/logo\/image\/\"}},{\"@type\":\"Person\",\"@id\":\"https:\/\/charneux.be\/preprod\/#\/schema\/person\/0b1651317d01999c5d965686422d77cb\",\"name\":\"Gilles Collings\",\"image\":{\"@type\":\"ImageObject\",\"inLanguage\":\"fr-FR\",\"@id\":\"https:\/\/charneux.be\/preprod\/#\/schema\/person\/image\/\",\"url\":\"https:\/\/secure.gravatar.com\/avatar\/320dcf4529b471bc3f0dc256dbefcb4434faec727325adce4fe24429eae36178?s=96&d=mm&r=g\",\"contentUrl\":\"https:\/\/secure.gravatar.com\/avatar\/320dcf4529b471bc3f0dc256dbefcb4434faec727325adce4fe24429eae36178?s=96&d=mm&r=g\",\"caption\":\"Gilles Collings\"},\"url\":\"https:\/\/charneux.be\/preprod\/author\/gilles\/\"}]}<\/script>\n<!-- \/ Yoast SEO plugin. -->","yoast_head_json":{"title":"Bonne rentr\u00e9e 2021 ! - Charneux","robots":{"index":"noindex","follow":"follow","max-snippet":"max-snippet:-1","max-image-preview":"max-image-preview:large","max-video-preview":"max-video-preview:-1"},"og_locale":"fr_FR","og_type":"article","og_title":"Bonne rentr\u00e9e 2021 ! - Charneux","og_description":"ENSEMBLE, TOUT EST POSSIBLE\u2009! Une nouvelle ann\u00e9e scolaire commence&#8230;! Quelle joie, quel bonheur de se retrouver pour partager une nouvelle aventure humaine. Actuellement, notre \u00e9cole compte\u00a0134\u00a0\u00e9l\u00e8ves \u00e0 l\u2019\u00e9cole primaire et\u00a085\u00a0\u00e9l\u00e8ves \u00e0 l\u2019\u00e9cole maternelle. Nous vous remercions, chers parents, d\u2019ores et d\u00e9j\u00e0 pour votre implication, votre pr\u00e9sence dans la vie scolaire de votre enfant, mais aussi [&hellip;]","og_url":"https:\/\/charneux.be\/preprod\/bonne-rentree-2021\/","og_site_name":"Charneux","article_published_time":"2021-09-02T12:51:57+00:00","og_image":[{"width":675,"height":501,"url":"https:\/\/charneux.be\/preprod\/wp-content\/uploads\/2021\/09\/ensemble.jpg","type":"image\/jpeg"}],"author":"Gilles Collings","twitter_misc":{"\u00c9crit par":"Gilles Collings","Dur\u00e9e de lecture estim\u00e9e":"1 minute"},"schema":{"@context":"https:\/\/schema.org","@graph":[{"@type":"Article","@id":"https:\/\/charneux.be\/preprod\/bonne-rentree-2021\/#article","isPartOf":{"@id":"https:\/\/charneux.be\/preprod\/bonne-rentree-2021\/"},"author":{"name":"Gilles Collings","@id":"https:\/\/charneux.be\/preprod\/#\/schema\/person\/0b1651317d01999c5d965686422d77cb"},"headline":"Bonne rentr\u00e9e 2021 !","datePublished":"2021-09-02T12:51:57+00:00","dateModified":"2021-09-02T12:51:57+00:00","mainEntityOfPage":{"@id":"https:\/\/charneux.be\/preprod\/bonne-rentree-2021\/"},"wordCount":117,"publisher":{"@id":"https:\/\/charneux.be\/preprod\/#organization"},"image":{"@id":"https:\/\/charneux.be\/preprod\/bonne-rentree-2021\/#primaryimage"},"thumbnailUrl":"https:\/\/charneux.be\/preprod\/wp-content\/uploads\/2021\/09\/ensemble.jpg","inLanguage":"fr-FR"},{"@type":"WebPage","@id":"https:\/\/charneux.be\/preprod\/bonne-rentree-2021\/","url":"https:\/\/charneux.be\/preprod\/bonne-rentree-2021\/","name":"Bonne rentr\u00e9e 2021 ! - Charneux","isPartOf":{"@id":"https:\/\/charneux.be\/preprod\/#website"},"primaryImageOfPage":{"@id":"https:\/\/charneux.be\/preprod\/bonne-rentree-2021\/#primaryimage"},"image":{"@id":"https:\/\/charneux.be\/preprod\/bonne-rentree-2021\/#primaryimage"},"thumbnailUrl":"https:\/\/charneux.be\/preprod\/wp-content\/uploads\/2021\/09\/ensemble.jpg","datePublished":"2021-09-02T12:51:57+00:00","dateModified":"2021-09-02T12:51:57+00:00","breadcrumb":{"@id":"https:\/\/charneux.be\/preprod\/bonne-rentree-2021\/#breadcrumb"},"inLanguage":"fr-FR","potentialAction":[{"@type":"ReadAction","target":["https:\/\/charneux.be\/preprod\/bonne-rentree-2021\/"]}]},{"@type":"ImageObject","inLanguage":"fr-FR","@id":"https:\/\/charneux.be\/preprod\/bonne-rentree-2021\/#primaryimage","url":"https:\/\/charneux.be\/preprod\/wp-content\/uploads\/2021\/09\/ensemble.jpg","contentUrl":"https:\/\/charneux.be\/preprod\/wp-content\/uploads\/2021\/09\/ensemble.jpg","width":675,"height":501},{"@type":"BreadcrumbList","@id":"https:\/\/charneux.be\/preprod\/bonne-rentree-2021\/#breadcrumb","itemListElement":[{"@type":"ListItem","position":1,"name":"Accueil","item":"https:\/\/charneux.be\/preprod\/"},{"@type":"ListItem","position":2,"name":"Bonne rentr\u00e9e 2021 !"}]},{"@type":"WebSite","@id":"https:\/\/charneux.be\/preprod\/#website","url":"https:\/\/charneux.be\/preprod\/","name":"Charneux","description":"","publisher":{"@id":"https:\/\/charneux.be\/preprod\/#organization"},"potentialAction":[{"@type":"SearchAction","target":{"@type":"EntryPoint","urlTemplate":"https:\/\/charneux.be\/preprod\/?s={search_term_string}"},"query-input":{"@type":"PropertyValueSpecification","valueRequired":true,"valueName":"search_term_string"}}],"inLanguage":"fr-FR"},{"@type":"Organization","@id":"https:\/\/charneux.be\/preprod\/#organization","name":"Ecole libre de Charneux","url":"https:\/\/charneux.be\/preprod\/","logo":{"@type":"ImageObject","inLanguage":"fr-FR","@id":"https:\/\/charneux.be\/preprod\/#\/schema\/logo\/image\/","url":"https:\/\/charneux.be\/preprod\/wp-content\/uploads\/2024\/08\/cropped-Logo-bleu.png","contentUrl":"https:\/\/charneux.be\/preprod\/wp-content\/uploads\/2024\/08\/cropped-Logo-bleu.png","width":480,"height":799,"caption":"Ecole libre de Charneux"},"image":{"@id":"https:\/\/charneux.be\/preprod\/#\/schema\/logo\/image\/"}},{"@type":"Person","@id":"https:\/\/charneux.be\/preprod\/#\/schema\/person\/0b1651317d01999c5d965686422d77cb","name":"Gilles Collings","image":{"@type":"ImageObject","inLanguage":"fr-FR","@id":"https:\/\/charneux.be\/preprod\/#\/schema\/person\/image\/","url":"https:\/\/secure.gravatar.com\/avatar\/320dcf4529b471bc3f0dc256dbefcb4434faec727325adce4fe24429eae36178?s=96&d=mm&r=g","contentUrl":"https:\/\/secure.gravatar.com\/avatar\/320dcf4529b471bc3f0dc256dbefcb4434faec727325adce4fe24429eae36178?s=96&d=mm&r=g","caption":"Gilles Collings"},"url":"https:\/\/charneux.be\/preprod\/author\/gilles\/"}]}},"_links":{"self":[{"href":"https:\/\/charneux.be\/preprod\/wp-json\/wp\/v2\/posts\/844","targetHints":{"allow":["GET"]}}],"collection":[{"href":"https:\/\/charneux.be\/preprod\/wp-json\/wp\/v2\/posts"}],"about":[{"href":"https:\/\/charneux.be\/preprod\/wp-json\/wp\/v2\/types\/post"}],"author":[{"embeddable":true,"href":"https:\/\/charneux.be\/preprod\/wp-json\/wp\/v2\/users\/3"}],"replies":[{"embeddable":true,"href":"https:\/\/charneux.be\/preprod\/wp-json\/wp\/v2\/comments?post=844"}],"version-history":[{"count":1,"href":"https:\/\/charneux.be\/preprod\/wp-json\/wp\/v2\/posts\/844\/revisions"}],"predecessor-version":[{"id":846,"href":"https:\/\/charneux.be\/preprod\/wp-json\/wp\/v2\/posts\/844\/revisions\/846"}],"wp:featuredmedia":[{"embeddable":true,"href":"https:\/\/charneux.be\/preprod\/wp-json\/wp\/v2\/media\/845"}],"wp:attachment":[{"href":"https:\/\/charneux.be\/preprod\/wp-json\/wp\/v2\/media?parent=844"}],"wp:term":[{"taxonomy":"category","embeddable":true,"href":"https:\/\/charneux.be\/preprod\/wp-json\/wp\/v2\/categories?post=844"},{"taxonomy":"post_tag","embeddable":true,"href":"https:\/\/charneux.be\/preprod\/wp-json\/wp\/v2\/tags?post=844"}],"curies":[{"name":"wp","href":"https:\/\/api.w.org\/{rel}","templated":true}]}}