{"id":857,"date":"2021-09-11T09:49:35","date_gmt":"2021-09-11T08:49:35","guid":{"rendered":"http:\/\/charneux.be\/wordpress\/?p=857"},"modified":"2021-09-11T09:49:35","modified_gmt":"2021-09-11T08:49:35","slug":"de-monet-a-kandinsky","status":"publish","type":"post","link":"https:\/\/charneux.be\/preprod\/de-monet-a-kandinsky\/","title":{"rendered":"De Monet \u00e0 Kandinsky &#8230;"},"content":{"rendered":"<p>Un beau projet pour commencer cette ann\u00e9e scolaire : tous les \u00e9l\u00e8ves de l&rsquo;\u00e9cole primaire (accompagn\u00e9s des 3e maternelles) se sont rendus \u00e0 Li\u00e8ge ce 6 septembre 2021.<\/p>\n<p>Au programme : visite de l&rsquo;expo au palais des congr\u00e8s, visite du mus\u00e9e Tchantch\u00e8s (pour les plus petits) et du coeur historique de Li\u00e8ge (pour les plus grands).<\/p>\n<p>Une superbe journ\u00e9e ensoleill\u00e9e remplie de d\u00e9couvertes !<\/p>\n<p><a href=\"http:\/\/charneux.be\/wordpress\/wp-content\/uploads\/2021\/09\/IMG_20210906_101940-scaled.jpg\"><img fetchpriority=\"high\" decoding=\"async\" class=\"alignnone size-medium wp-image-859\" src=\"http:\/\/charneux.be\/wordpress\/wp-content\/uploads\/2021\/09\/IMG_20210906_101940-300x225.jpg\" alt=\"\" width=\"300\" height=\"225\" srcset=\"https:\/\/charneux.be\/preprod\/wp-content\/uploads\/2021\/09\/IMG_20210906_101940-300x225.jpg 300w, https:\/\/charneux.be\/preprod\/wp-content\/uploads\/2021\/09\/IMG_20210906_101940-1024x768.jpg 1024w, https:\/\/charneux.be\/preprod\/wp-content\/uploads\/2021\/09\/IMG_20210906_101940-768x576.jpg 768w, https:\/\/charneux.be\/preprod\/wp-content\/uploads\/2021\/09\/IMG_20210906_101940-1536x1152.jpg 1536w, https:\/\/charneux.be\/preprod\/wp-content\/uploads\/2021\/09\/IMG_20210906_101940-2048x1536.jpg 2048w\" sizes=\"(max-width: 300px) 100vw, 300px\" \/><\/a> <a href=\"http:\/\/charneux.be\/wordpress\/wp-content\/uploads\/2021\/09\/IMG_20210906_104909-scaled.jpg\"><img decoding=\"async\" class=\"alignnone size-medium wp-image-860\" src=\"http:\/\/charneux.be\/wordpress\/wp-content\/uploads\/2021\/09\/IMG_20210906_104909-300x225.jpg\" alt=\"\" width=\"300\" height=\"225\" srcset=\"https:\/\/charneux.be\/preprod\/wp-content\/uploads\/2021\/09\/IMG_20210906_104909-300x225.jpg 300w, https:\/\/charneux.be\/preprod\/wp-content\/uploads\/2021\/09\/IMG_20210906_104909-1024x768.jpg 1024w, https:\/\/charneux.be\/preprod\/wp-content\/uploads\/2021\/09\/IMG_20210906_104909-768x576.jpg 768w, https:\/\/charneux.be\/preprod\/wp-content\/uploads\/2021\/09\/IMG_20210906_104909-1536x1152.jpg 1536w, https:\/\/charneux.be\/preprod\/wp-content\/uploads\/2021\/09\/IMG_20210906_104909-2048x1536.jpg 2048w\" sizes=\"(max-width: 300px) 100vw, 300px\" \/><\/a> <a href=\"http:\/\/charneux.be\/wordpress\/wp-content\/uploads\/2021\/09\/IMG_20210906_104936-scaled.jpg\"><img decoding=\"async\" class=\"alignnone size-medium wp-image-861\" src=\"http:\/\/charneux.be\/wordpress\/wp-content\/uploads\/2021\/09\/IMG_20210906_104936-300x225.jpg\" alt=\"\" width=\"300\" height=\"225\" srcset=\"https:\/\/charneux.be\/preprod\/wp-content\/uploads\/2021\/09\/IMG_20210906_104936-300x225.jpg 300w, https:\/\/charneux.be\/preprod\/wp-content\/uploads\/2021\/09\/IMG_20210906_104936-1024x768.jpg 1024w, https:\/\/charneux.be\/preprod\/wp-content\/uploads\/2021\/09\/IMG_20210906_104936-768x576.jpg 768w, https:\/\/charneux.be\/preprod\/wp-content\/uploads\/2021\/09\/IMG_20210906_104936-1536x1152.jpg 1536w, https:\/\/charneux.be\/preprod\/wp-content\/uploads\/2021\/09\/IMG_20210906_104936-2048x1536.jpg 2048w\" sizes=\"(max-width: 300px) 100vw, 300px\" \/><\/a> <a href=\"http:\/\/charneux.be\/wordpress\/wp-content\/uploads\/2021\/09\/IMG_20210906_105827-scaled.jpg\"><img loading=\"lazy\" decoding=\"async\" class=\"alignnone size-medium wp-image-862\" src=\"http:\/\/charneux.be\/wordpress\/wp-content\/uploads\/2021\/09\/IMG_20210906_105827-300x225.jpg\" alt=\"\" width=\"300\" height=\"225\" srcset=\"https:\/\/charneux.be\/preprod\/wp-content\/uploads\/2021\/09\/IMG_20210906_105827-300x225.jpg 300w, https:\/\/charneux.be\/preprod\/wp-content\/uploads\/2021\/09\/IMG_20210906_105827-1024x768.jpg 1024w, https:\/\/charneux.be\/preprod\/wp-content\/uploads\/2021\/09\/IMG_20210906_105827-768x576.jpg 768w, https:\/\/charneux.be\/preprod\/wp-content\/uploads\/2021\/09\/IMG_20210906_105827-1536x1152.jpg 1536w, https:\/\/charneux.be\/preprod\/wp-content\/uploads\/2021\/09\/IMG_20210906_105827-2048x1536.jpg 2048w\" sizes=\"(max-width: 300px) 100vw, 300px\" \/><\/a> <a href=\"http:\/\/charneux.be\/wordpress\/wp-content\/uploads\/2021\/09\/IMG_20210906_110641-scaled.jpg\"><img loading=\"lazy\" decoding=\"async\" class=\"alignnone size-medium wp-image-863\" src=\"http:\/\/charneux.be\/wordpress\/wp-content\/uploads\/2021\/09\/IMG_20210906_110641-300x225.jpg\" alt=\"\" width=\"300\" height=\"225\" srcset=\"https:\/\/charneux.be\/preprod\/wp-content\/uploads\/2021\/09\/IMG_20210906_110641-300x225.jpg 300w, https:\/\/charneux.be\/preprod\/wp-content\/uploads\/2021\/09\/IMG_20210906_110641-1024x768.jpg 1024w, https:\/\/charneux.be\/preprod\/wp-content\/uploads\/2021\/09\/IMG_20210906_110641-768x576.jpg 768w, https:\/\/charneux.be\/preprod\/wp-content\/uploads\/2021\/09\/IMG_20210906_110641-1536x1152.jpg 1536w, https:\/\/charneux.be\/preprod\/wp-content\/uploads\/2021\/09\/IMG_20210906_110641-2048x1536.jpg 2048w\" sizes=\"(max-width: 300px) 100vw, 300px\" \/><\/a> <a href=\"http:\/\/charneux.be\/wordpress\/wp-content\/uploads\/2021\/09\/IMG_20210906_112829-scaled.jpg\"><img loading=\"lazy\" decoding=\"async\" class=\"alignnone size-medium wp-image-864\" src=\"http:\/\/charneux.be\/wordpress\/wp-content\/uploads\/2021\/09\/IMG_20210906_112829-300x225.jpg\" alt=\"\" width=\"300\" height=\"225\" srcset=\"https:\/\/charneux.be\/preprod\/wp-content\/uploads\/2021\/09\/IMG_20210906_112829-300x225.jpg 300w, https:\/\/charneux.be\/preprod\/wp-content\/uploads\/2021\/09\/IMG_20210906_112829-1024x768.jpg 1024w, https:\/\/charneux.be\/preprod\/wp-content\/uploads\/2021\/09\/IMG_20210906_112829-768x576.jpg 768w, https:\/\/charneux.be\/preprod\/wp-content\/uploads\/2021\/09\/IMG_20210906_112829-1536x1152.jpg 1536w, https:\/\/charneux.be\/preprod\/wp-content\/uploads\/2021\/09\/IMG_20210906_112829-2048x1536.jpg 2048w\" sizes=\"(max-width: 300px) 100vw, 300px\" \/><\/a> <a href=\"http:\/\/charneux.be\/wordpress\/wp-content\/uploads\/2021\/09\/IMG_20210906_130640-scaled.jpg\"><img loading=\"lazy\" decoding=\"async\" class=\"alignnone size-medium wp-image-865\" src=\"http:\/\/charneux.be\/wordpress\/wp-content\/uploads\/2021\/09\/IMG_20210906_130640-300x225.jpg\" alt=\"\" width=\"300\" height=\"225\" srcset=\"https:\/\/charneux.be\/preprod\/wp-content\/uploads\/2021\/09\/IMG_20210906_130640-300x225.jpg 300w, https:\/\/charneux.be\/preprod\/wp-content\/uploads\/2021\/09\/IMG_20210906_130640-1024x768.jpg 1024w, https:\/\/charneux.be\/preprod\/wp-content\/uploads\/2021\/09\/IMG_20210906_130640-768x576.jpg 768w, https:\/\/charneux.be\/preprod\/wp-content\/uploads\/2021\/09\/IMG_20210906_130640-1536x1152.jpg 1536w, https:\/\/charneux.be\/preprod\/wp-content\/uploads\/2021\/09\/IMG_20210906_130640-2048x1536.jpg 2048w\" sizes=\"(max-width: 300px) 100vw, 300px\" \/><\/a> <a href=\"http:\/\/charneux.be\/wordpress\/wp-content\/uploads\/2021\/09\/IMG_20210906_133548-scaled.jpg\"><img loading=\"lazy\" decoding=\"async\" class=\"alignnone size-medium wp-image-866\" src=\"http:\/\/charneux.be\/wordpress\/wp-content\/uploads\/2021\/09\/IMG_20210906_133548-300x225.jpg\" alt=\"\" width=\"300\" height=\"225\" srcset=\"https:\/\/charneux.be\/preprod\/wp-content\/uploads\/2021\/09\/IMG_20210906_133548-300x225.jpg 300w, https:\/\/charneux.be\/preprod\/wp-content\/uploads\/2021\/09\/IMG_20210906_133548-1024x768.jpg 1024w, https:\/\/charneux.be\/preprod\/wp-content\/uploads\/2021\/09\/IMG_20210906_133548-768x576.jpg 768w, https:\/\/charneux.be\/preprod\/wp-content\/uploads\/2021\/09\/IMG_20210906_133548-1536x1152.jpg 1536w, https:\/\/charneux.be\/preprod\/wp-content\/uploads\/2021\/09\/IMG_20210906_133548-2048x1536.jpg 2048w\" sizes=\"(max-width: 300px) 100vw, 300px\" \/><\/a> <a href=\"http:\/\/charneux.be\/wordpress\/wp-content\/uploads\/2021\/09\/IMG_20210906_133552-scaled.jpg\"><img loading=\"lazy\" decoding=\"async\" class=\"alignnone size-medium wp-image-867\" src=\"http:\/\/charneux.be\/wordpress\/wp-content\/uploads\/2021\/09\/IMG_20210906_133552-300x225.jpg\" alt=\"\" width=\"300\" height=\"225\" srcset=\"https:\/\/charneux.be\/preprod\/wp-content\/uploads\/2021\/09\/IMG_20210906_133552-300x225.jpg 300w, https:\/\/charneux.be\/preprod\/wp-content\/uploads\/2021\/09\/IMG_20210906_133552-1024x768.jpg 1024w, https:\/\/charneux.be\/preprod\/wp-content\/uploads\/2021\/09\/IMG_20210906_133552-768x576.jpg 768w, https:\/\/charneux.be\/preprod\/wp-content\/uploads\/2021\/09\/IMG_20210906_133552-1536x1152.jpg 1536w, https:\/\/charneux.be\/preprod\/wp-content\/uploads\/2021\/09\/IMG_20210906_133552-2048x1536.jpg 2048w\" sizes=\"(max-width: 300px) 100vw, 300px\" \/><\/a> <a href=\"http:\/\/charneux.be\/wordpress\/wp-content\/uploads\/2021\/09\/IMG_20210906_133620-scaled.jpg\"><img loading=\"lazy\" decoding=\"async\" class=\"alignnone size-medium wp-image-868\" src=\"http:\/\/charneux.be\/wordpress\/wp-content\/uploads\/2021\/09\/IMG_20210906_133620-300x225.jpg\" alt=\"\" width=\"300\" height=\"225\" srcset=\"https:\/\/charneux.be\/preprod\/wp-content\/uploads\/2021\/09\/IMG_20210906_133620-300x225.jpg 300w, https:\/\/charneux.be\/preprod\/wp-content\/uploads\/2021\/09\/IMG_20210906_133620-1024x768.jpg 1024w, https:\/\/charneux.be\/preprod\/wp-content\/uploads\/2021\/09\/IMG_20210906_133620-768x576.jpg 768w, https:\/\/charneux.be\/preprod\/wp-content\/uploads\/2021\/09\/IMG_20210906_133620-1536x1152.jpg 1536w, https:\/\/charneux.be\/preprod\/wp-content\/uploads\/2021\/09\/IMG_20210906_133620-2048x1536.jpg 2048w\" sizes=\"(max-width: 300px) 100vw, 300px\" \/><\/a> <a href=\"http:\/\/charneux.be\/wordpress\/wp-content\/uploads\/2021\/09\/IMG_20210906_133640-scaled.jpg\"><img loading=\"lazy\" decoding=\"async\" class=\"alignnone size-medium wp-image-869\" src=\"http:\/\/charneux.be\/wordpress\/wp-content\/uploads\/2021\/09\/IMG_20210906_133640-300x225.jpg\" alt=\"\" width=\"300\" height=\"225\" srcset=\"https:\/\/charneux.be\/preprod\/wp-content\/uploads\/2021\/09\/IMG_20210906_133640-300x225.jpg 300w, https:\/\/charneux.be\/preprod\/wp-content\/uploads\/2021\/09\/IMG_20210906_133640-1024x768.jpg 1024w, https:\/\/charneux.be\/preprod\/wp-content\/uploads\/2021\/09\/IMG_20210906_133640-768x576.jpg 768w, https:\/\/charneux.be\/preprod\/wp-content\/uploads\/2021\/09\/IMG_20210906_133640-1536x1152.jpg 1536w, https:\/\/charneux.be\/preprod\/wp-content\/uploads\/2021\/09\/IMG_20210906_133640-2048x1536.jpg 2048w\" sizes=\"(max-width: 300px) 100vw, 300px\" \/><\/a> <a href=\"http:\/\/charneux.be\/wordpress\/wp-content\/uploads\/2021\/09\/IMG_20210906_140617-scaled.jpg\"><img loading=\"lazy\" decoding=\"async\" class=\"alignnone size-medium wp-image-870\" src=\"http:\/\/charneux.be\/wordpress\/wp-content\/uploads\/2021\/09\/IMG_20210906_140617-300x225.jpg\" alt=\"\" width=\"300\" height=\"225\" srcset=\"https:\/\/charneux.be\/preprod\/wp-content\/uploads\/2021\/09\/IMG_20210906_140617-300x225.jpg 300w, https:\/\/charneux.be\/preprod\/wp-content\/uploads\/2021\/09\/IMG_20210906_140617-1024x768.jpg 1024w, https:\/\/charneux.be\/preprod\/wp-content\/uploads\/2021\/09\/IMG_20210906_140617-768x576.jpg 768w, https:\/\/charneux.be\/preprod\/wp-content\/uploads\/2021\/09\/IMG_20210906_140617-1536x1152.jpg 1536w, https:\/\/charneux.be\/preprod\/wp-content\/uploads\/2021\/09\/IMG_20210906_140617-2048x1536.jpg 2048w\" sizes=\"(max-width: 300px) 100vw, 300px\" \/><\/a> <a href=\"http:\/\/charneux.be\/wordpress\/wp-content\/uploads\/2021\/09\/IMG_20210906_141933-scaled.jpg\"><img loading=\"lazy\" decoding=\"async\" class=\"alignnone size-medium wp-image-871\" src=\"http:\/\/charneux.be\/wordpress\/wp-content\/uploads\/2021\/09\/IMG_20210906_141933-300x225.jpg\" alt=\"\" width=\"300\" height=\"225\" srcset=\"https:\/\/charneux.be\/preprod\/wp-content\/uploads\/2021\/09\/IMG_20210906_141933-300x225.jpg 300w, https:\/\/charneux.be\/preprod\/wp-content\/uploads\/2021\/09\/IMG_20210906_141933-1024x768.jpg 1024w, https:\/\/charneux.be\/preprod\/wp-content\/uploads\/2021\/09\/IMG_20210906_141933-768x576.jpg 768w, https:\/\/charneux.be\/preprod\/wp-content\/uploads\/2021\/09\/IMG_20210906_141933-1536x1152.jpg 1536w, https:\/\/charneux.be\/preprod\/wp-content\/uploads\/2021\/09\/IMG_20210906_141933-2048x1536.jpg 2048w\" sizes=\"(max-width: 300px) 100vw, 300px\" \/><\/a> <a href=\"http:\/\/charneux.be\/wordpress\/wp-content\/uploads\/2021\/09\/IMG_20210906_144553-scaled.jpg\"><img loading=\"lazy\" decoding=\"async\" class=\"alignnone size-medium wp-image-872\" src=\"http:\/\/charneux.be\/wordpress\/wp-content\/uploads\/2021\/09\/IMG_20210906_144553-300x225.jpg\" alt=\"\" width=\"300\" height=\"225\" srcset=\"https:\/\/charneux.be\/preprod\/wp-content\/uploads\/2021\/09\/IMG_20210906_144553-300x225.jpg 300w, https:\/\/charneux.be\/preprod\/wp-content\/uploads\/2021\/09\/IMG_20210906_144553-1024x768.jpg 1024w, https:\/\/charneux.be\/preprod\/wp-content\/uploads\/2021\/09\/IMG_20210906_144553-768x576.jpg 768w, https:\/\/charneux.be\/preprod\/wp-content\/uploads\/2021\/09\/IMG_20210906_144553-1536x1152.jpg 1536w, https:\/\/charneux.be\/preprod\/wp-content\/uploads\/2021\/09\/IMG_20210906_144553-2048x1536.jpg 2048w\" sizes=\"(max-width: 300px) 100vw, 300px\" \/><\/a><\/p>\n","protected":false},"excerpt":{"rendered":"<p>Un beau projet pour commencer cette ann\u00e9e scolaire : tous les \u00e9l\u00e8ves de l&rsquo;\u00e9cole primaire (accompagn\u00e9s des 3e maternelles) se sont rendus \u00e0 Li\u00e8ge ce 6 septembre 2021. Au programme : visite de l&rsquo;expo au palais des congr\u00e8s, visite du mus\u00e9e Tchantch\u00e8s (pour les plus petits) et du coeur historique de Li\u00e8ge (pour les plus [&hellip;]<\/p>\n","protected":false},"author":3,"featured_media":858,"comment_status":"closed","ping_status":"open","sticky":false,"template":"","format":"standard","meta":{"footnotes":""},"categories":[1],"tags":[],"class_list":["post-857","post","type-post","status-publish","format-standard","has-post-thumbnail","hentry","category-non-classe"],"yoast_head":"<!-- This site is optimized with the Yoast SEO plugin v23.6 - https:\/\/yoast.com\/wordpress\/plugins\/seo\/ -->\n<title>De Monet \u00e0 Kandinsky ... - Charneux<\/title>\n<meta name=\"robots\" content=\"noindex, follow, max-snippet:-1, max-image-preview:large, max-video-preview:-1\" \/>\n<meta property=\"og:locale\" content=\"fr_FR\" \/>\n<meta property=\"og:type\" content=\"article\" \/>\n<meta property=\"og:title\" content=\"De Monet \u00e0 Kandinsky ... - Charneux\" \/>\n<meta property=\"og:description\" content=\"Un beau projet pour commencer cette ann\u00e9e scolaire : tous les \u00e9l\u00e8ves de l&rsquo;\u00e9cole primaire (accompagn\u00e9s des 3e maternelles) se sont rendus \u00e0 Li\u00e8ge ce 6 septembre 2021. Au programme : visite de l&rsquo;expo au palais des congr\u00e8s, visite du mus\u00e9e Tchantch\u00e8s (pour les plus petits) et du coeur historique de Li\u00e8ge (pour les plus [&hellip;]\" \/>\n<meta property=\"og:url\" content=\"https:\/\/charneux.be\/preprod\/de-monet-a-kandinsky\/\" \/>\n<meta property=\"og:site_name\" content=\"Charneux\" \/>\n<meta property=\"article:published_time\" content=\"2021-09-11T08:49:35+00:00\" \/>\n<meta property=\"og:image\" content=\"https:\/\/charneux.be\/preprod\/wp-content\/uploads\/2021\/09\/640x480_photo-Y-EVTA000530G76-OTHA0005504A1.jpg\" \/>\n\t<meta property=\"og:image:width\" content=\"640\" \/>\n\t<meta property=\"og:image:height\" content=\"427\" \/>\n\t<meta property=\"og:image:type\" content=\"image\/jpeg\" \/>\n<meta name=\"author\" content=\"Gilles Collings\" \/>\n<meta name=\"twitter:label1\" content=\"\u00c9crit par\" \/>\n\t<meta name=\"twitter:data1\" content=\"Gilles Collings\" \/>\n<script type=\"application\/ld+json\" class=\"yoast-schema-graph\">{\"@context\":\"https:\/\/schema.org\",\"@graph\":[{\"@type\":\"Article\",\"@id\":\"https:\/\/charneux.be\/preprod\/de-monet-a-kandinsky\/#article\",\"isPartOf\":{\"@id\":\"https:\/\/charneux.be\/preprod\/de-monet-a-kandinsky\/\"},\"author\":{\"name\":\"Gilles Collings\",\"@id\":\"https:\/\/charneux.be\/preprod\/#\/schema\/person\/0b1651317d01999c5d965686422d77cb\"},\"headline\":\"De Monet \u00e0 Kandinsky &#8230;\",\"datePublished\":\"2021-09-11T08:49:35+00:00\",\"dateModified\":\"2021-09-11T08:49:35+00:00\",\"mainEntityOfPage\":{\"@id\":\"https:\/\/charneux.be\/preprod\/de-monet-a-kandinsky\/\"},\"wordCount\":74,\"publisher\":{\"@id\":\"https:\/\/charneux.be\/preprod\/#organization\"},\"image\":{\"@id\":\"https:\/\/charneux.be\/preprod\/de-monet-a-kandinsky\/#primaryimage\"},\"thumbnailUrl\":\"https:\/\/charneux.be\/preprod\/wp-content\/uploads\/2021\/09\/640x480_photo-Y-EVTA000530G76-OTHA0005504A1.jpg\",\"inLanguage\":\"fr-FR\"},{\"@type\":\"WebPage\",\"@id\":\"https:\/\/charneux.be\/preprod\/de-monet-a-kandinsky\/\",\"url\":\"https:\/\/charneux.be\/preprod\/de-monet-a-kandinsky\/\",\"name\":\"De Monet \u00e0 Kandinsky ... - Charneux\",\"isPartOf\":{\"@id\":\"https:\/\/charneux.be\/preprod\/#website\"},\"primaryImageOfPage\":{\"@id\":\"https:\/\/charneux.be\/preprod\/de-monet-a-kandinsky\/#primaryimage\"},\"image\":{\"@id\":\"https:\/\/charneux.be\/preprod\/de-monet-a-kandinsky\/#primaryimage\"},\"thumbnailUrl\":\"https:\/\/charneux.be\/preprod\/wp-content\/uploads\/2021\/09\/640x480_photo-Y-EVTA000530G76-OTHA0005504A1.jpg\",\"datePublished\":\"2021-09-11T08:49:35+00:00\",\"dateModified\":\"2021-09-11T08:49:35+00:00\",\"breadcrumb\":{\"@id\":\"https:\/\/charneux.be\/preprod\/de-monet-a-kandinsky\/#breadcrumb\"},\"inLanguage\":\"fr-FR\",\"potentialAction\":[{\"@type\":\"ReadAction\",\"target\":[\"https:\/\/charneux.be\/preprod\/de-monet-a-kandinsky\/\"]}]},{\"@type\":\"ImageObject\",\"inLanguage\":\"fr-FR\",\"@id\":\"https:\/\/charneux.be\/preprod\/de-monet-a-kandinsky\/#primaryimage\",\"url\":\"https:\/\/charneux.be\/preprod\/wp-content\/uploads\/2021\/09\/640x480_photo-Y-EVTA000530G76-OTHA0005504A1.jpg\",\"contentUrl\":\"https:\/\/charneux.be\/preprod\/wp-content\/uploads\/2021\/09\/640x480_photo-Y-EVTA000530G76-OTHA0005504A1.jpg\",\"width\":640,\"height\":427},{\"@type\":\"BreadcrumbList\",\"@id\":\"https:\/\/charneux.be\/preprod\/de-monet-a-kandinsky\/#breadcrumb\",\"itemListElement\":[{\"@type\":\"ListItem\",\"position\":1,\"name\":\"Accueil\",\"item\":\"https:\/\/charneux.be\/preprod\/\"},{\"@type\":\"ListItem\",\"position\":2,\"name\":\"De Monet \u00e0 Kandinsky &#8230;\"}]},{\"@type\":\"WebSite\",\"@id\":\"https:\/\/charneux.be\/preprod\/#website\",\"url\":\"https:\/\/charneux.be\/preprod\/\",\"name\":\"Charneux\",\"description\":\"\",\"publisher\":{\"@id\":\"https:\/\/charneux.be\/preprod\/#organization\"},\"potentialAction\":[{\"@type\":\"SearchAction\",\"target\":{\"@type\":\"EntryPoint\",\"urlTemplate\":\"https:\/\/charneux.be\/preprod\/?s={search_term_string}\"},\"query-input\":{\"@type\":\"PropertyValueSpecification\",\"valueRequired\":true,\"valueName\":\"search_term_string\"}}],\"inLanguage\":\"fr-FR\"},{\"@type\":\"Organization\",\"@id\":\"https:\/\/charneux.be\/preprod\/#organization\",\"name\":\"Ecole libre de Charneux\",\"url\":\"https:\/\/charneux.be\/preprod\/\",\"logo\":{\"@type\":\"ImageObject\",\"inLanguage\":\"fr-FR\",\"@id\":\"https:\/\/charneux.be\/preprod\/#\/schema\/logo\/image\/\",\"url\":\"https:\/\/charneux.be\/preprod\/wp-content\/uploads\/2024\/08\/cropped-Logo-bleu.png\",\"contentUrl\":\"https:\/\/charneux.be\/preprod\/wp-content\/uploads\/2024\/08\/cropped-Logo-bleu.png\",\"width\":480,\"height\":799,\"caption\":\"Ecole libre de Charneux\"},\"image\":{\"@id\":\"https:\/\/charneux.be\/preprod\/#\/schema\/logo\/image\/\"}},{\"@type\":\"Person\",\"@id\":\"https:\/\/charneux.be\/preprod\/#\/schema\/person\/0b1651317d01999c5d965686422d77cb\",\"name\":\"Gilles Collings\",\"image\":{\"@type\":\"ImageObject\",\"inLanguage\":\"fr-FR\",\"@id\":\"https:\/\/charneux.be\/preprod\/#\/schema\/person\/image\/\",\"url\":\"https:\/\/secure.gravatar.com\/avatar\/320dcf4529b471bc3f0dc256dbefcb4434faec727325adce4fe24429eae36178?s=96&d=mm&r=g\",\"contentUrl\":\"https:\/\/secure.gravatar.com\/avatar\/320dcf4529b471bc3f0dc256dbefcb4434faec727325adce4fe24429eae36178?s=96&d=mm&r=g\",\"caption\":\"Gilles Collings\"},\"url\":\"https:\/\/charneux.be\/preprod\/author\/gilles\/\"}]}<\/script>\n<!-- \/ Yoast SEO plugin. -->","yoast_head_json":{"title":"De Monet \u00e0 Kandinsky ... - Charneux","robots":{"index":"noindex","follow":"follow","max-snippet":"max-snippet:-1","max-image-preview":"max-image-preview:large","max-video-preview":"max-video-preview:-1"},"og_locale":"fr_FR","og_type":"article","og_title":"De Monet \u00e0 Kandinsky ... - Charneux","og_description":"Un beau projet pour commencer cette ann\u00e9e scolaire : tous les \u00e9l\u00e8ves de l&rsquo;\u00e9cole primaire (accompagn\u00e9s des 3e maternelles) se sont rendus \u00e0 Li\u00e8ge ce 6 septembre 2021. Au programme : visite de l&rsquo;expo au palais des congr\u00e8s, visite du mus\u00e9e Tchantch\u00e8s (pour les plus petits) et du coeur historique de Li\u00e8ge (pour les plus [&hellip;]","og_url":"https:\/\/charneux.be\/preprod\/de-monet-a-kandinsky\/","og_site_name":"Charneux","article_published_time":"2021-09-11T08:49:35+00:00","og_image":[{"width":640,"height":427,"url":"https:\/\/charneux.be\/preprod\/wp-content\/uploads\/2021\/09\/640x480_photo-Y-EVTA000530G76-OTHA0005504A1.jpg","type":"image\/jpeg"}],"author":"Gilles Collings","twitter_misc":{"\u00c9crit par":"Gilles Collings"},"schema":{"@context":"https:\/\/schema.org","@graph":[{"@type":"Article","@id":"https:\/\/charneux.be\/preprod\/de-monet-a-kandinsky\/#article","isPartOf":{"@id":"https:\/\/charneux.be\/preprod\/de-monet-a-kandinsky\/"},"author":{"name":"Gilles Collings","@id":"https:\/\/charneux.be\/preprod\/#\/schema\/person\/0b1651317d01999c5d965686422d77cb"},"headline":"De Monet \u00e0 Kandinsky &#8230;","datePublished":"2021-09-11T08:49:35+00:00","dateModified":"2021-09-11T08:49:35+00:00","mainEntityOfPage":{"@id":"https:\/\/charneux.be\/preprod\/de-monet-a-kandinsky\/"},"wordCount":74,"publisher":{"@id":"https:\/\/charneux.be\/preprod\/#organization"},"image":{"@id":"https:\/\/charneux.be\/preprod\/de-monet-a-kandinsky\/#primaryimage"},"thumbnailUrl":"https:\/\/charneux.be\/preprod\/wp-content\/uploads\/2021\/09\/640x480_photo-Y-EVTA000530G76-OTHA0005504A1.jpg","inLanguage":"fr-FR"},{"@type":"WebPage","@id":"https:\/\/charneux.be\/preprod\/de-monet-a-kandinsky\/","url":"https:\/\/charneux.be\/preprod\/de-monet-a-kandinsky\/","name":"De Monet \u00e0 Kandinsky ... - Charneux","isPartOf":{"@id":"https:\/\/charneux.be\/preprod\/#website"},"primaryImageOfPage":{"@id":"https:\/\/charneux.be\/preprod\/de-monet-a-kandinsky\/#primaryimage"},"image":{"@id":"https:\/\/charneux.be\/preprod\/de-monet-a-kandinsky\/#primaryimage"},"thumbnailUrl":"https:\/\/charneux.be\/preprod\/wp-content\/uploads\/2021\/09\/640x480_photo-Y-EVTA000530G76-OTHA0005504A1.jpg","datePublished":"2021-09-11T08:49:35+00:00","dateModified":"2021-09-11T08:49:35+00:00","breadcrumb":{"@id":"https:\/\/charneux.be\/preprod\/de-monet-a-kandinsky\/#breadcrumb"},"inLanguage":"fr-FR","potentialAction":[{"@type":"ReadAction","target":["https:\/\/charneux.be\/preprod\/de-monet-a-kandinsky\/"]}]},{"@type":"ImageObject","inLanguage":"fr-FR","@id":"https:\/\/charneux.be\/preprod\/de-monet-a-kandinsky\/#primaryimage","url":"https:\/\/charneux.be\/preprod\/wp-content\/uploads\/2021\/09\/640x480_photo-Y-EVTA000530G76-OTHA0005504A1.jpg","contentUrl":"https:\/\/charneux.be\/preprod\/wp-content\/uploads\/2021\/09\/640x480_photo-Y-EVTA000530G76-OTHA0005504A1.jpg","width":640,"height":427},{"@type":"BreadcrumbList","@id":"https:\/\/charneux.be\/preprod\/de-monet-a-kandinsky\/#breadcrumb","itemListElement":[{"@type":"ListItem","position":1,"name":"Accueil","item":"https:\/\/charneux.be\/preprod\/"},{"@type":"ListItem","position":2,"name":"De Monet \u00e0 Kandinsky &#8230;"}]},{"@type":"WebSite","@id":"https:\/\/charneux.be\/preprod\/#website","url":"https:\/\/charneux.be\/preprod\/","name":"Charneux","description":"","publisher":{"@id":"https:\/\/charneux.be\/preprod\/#organization"},"potentialAction":[{"@type":"SearchAction","target":{"@type":"EntryPoint","urlTemplate":"https:\/\/charneux.be\/preprod\/?s={search_term_string}"},"query-input":{"@type":"PropertyValueSpecification","valueRequired":true,"valueName":"search_term_string"}}],"inLanguage":"fr-FR"},{"@type":"Organization","@id":"https:\/\/charneux.be\/preprod\/#organization","name":"Ecole libre de Charneux","url":"https:\/\/charneux.be\/preprod\/","logo":{"@type":"ImageObject","inLanguage":"fr-FR","@id":"https:\/\/charneux.be\/preprod\/#\/schema\/logo\/image\/","url":"https:\/\/charneux.be\/preprod\/wp-content\/uploads\/2024\/08\/cropped-Logo-bleu.png","contentUrl":"https:\/\/charneux.be\/preprod\/wp-content\/uploads\/2024\/08\/cropped-Logo-bleu.png","width":480,"height":799,"caption":"Ecole libre de Charneux"},"image":{"@id":"https:\/\/charneux.be\/preprod\/#\/schema\/logo\/image\/"}},{"@type":"Person","@id":"https:\/\/charneux.be\/preprod\/#\/schema\/person\/0b1651317d01999c5d965686422d77cb","name":"Gilles Collings","image":{"@type":"ImageObject","inLanguage":"fr-FR","@id":"https:\/\/charneux.be\/preprod\/#\/schema\/person\/image\/","url":"https:\/\/secure.gravatar.com\/avatar\/320dcf4529b471bc3f0dc256dbefcb4434faec727325adce4fe24429eae36178?s=96&d=mm&r=g","contentUrl":"https:\/\/secure.gravatar.com\/avatar\/320dcf4529b471bc3f0dc256dbefcb4434faec727325adce4fe24429eae36178?s=96&d=mm&r=g","caption":"Gilles Collings"},"url":"https:\/\/charneux.be\/preprod\/author\/gilles\/"}]}},"_links":{"self":[{"href":"https:\/\/charneux.be\/preprod\/wp-json\/wp\/v2\/posts\/857","targetHints":{"allow":["GET"]}}],"collection":[{"href":"https:\/\/charneux.be\/preprod\/wp-json\/wp\/v2\/posts"}],"about":[{"href":"https:\/\/charneux.be\/preprod\/wp-json\/wp\/v2\/types\/post"}],"author":[{"embeddable":true,"href":"https:\/\/charneux.be\/preprod\/wp-json\/wp\/v2\/users\/3"}],"replies":[{"embeddable":true,"href":"https:\/\/charneux.be\/preprod\/wp-json\/wp\/v2\/comments?post=857"}],"version-history":[{"count":1,"href":"https:\/\/charneux.be\/preprod\/wp-json\/wp\/v2\/posts\/857\/revisions"}],"predecessor-version":[{"id":873,"href":"https:\/\/charneux.be\/preprod\/wp-json\/wp\/v2\/posts\/857\/revisions\/873"}],"wp:featuredmedia":[{"embeddable":true,"href":"https:\/\/charneux.be\/preprod\/wp-json\/wp\/v2\/media\/858"}],"wp:attachment":[{"href":"https:\/\/charneux.be\/preprod\/wp-json\/wp\/v2\/media?parent=857"}],"wp:term":[{"taxonomy":"category","embeddable":true,"href":"https:\/\/charneux.be\/preprod\/wp-json\/wp\/v2\/categories?post=857"},{"taxonomy":"post_tag","embeddable":true,"href":"https:\/\/charneux.be\/preprod\/wp-json\/wp\/v2\/tags?post=857"}],"curies":[{"name":"wp","href":"https:\/\/api.w.org\/{rel}","templated":true}]}}