{"id":878,"date":"2021-09-27T18:40:11","date_gmt":"2021-09-27T17:40:11","guid":{"rendered":"http:\/\/charneux.be\/wordpress\/?p=878"},"modified":"2022-03-21T08:54:43","modified_gmt":"2022-03-21T07:54:43","slug":"une-apres-midi-octofun-en-3e-et-4e","status":"publish","type":"post","link":"https:\/\/charneux.be\/preprod\/une-apres-midi-octofun-en-3e-et-4e\/","title":{"rendered":"Une apr\u00e8s-midi OCTOFUN en 3e et 4e !"},"content":{"rendered":"<p>Ce vendredi 24 septembre, les 3e et 4e ont particip\u00e9 \u00e0 des ateliers autour des intelligences multiples OCTOFUN !<\/p>\n<p>Voici quelques photos de l&rsquo;atelier Vitafun &#8230; La cr\u00e9ation d&rsquo;une oeuvre artistique avec des \u00e9l\u00e9ments de la nature.<\/p>\n<p><a href=\"http:\/\/charneux.be\/wordpress\/wp-content\/uploads\/2021\/09\/IMG_20210924_141204-scaled.jpg\"><img decoding=\"async\" class=\"alignnone  wp-image-879\" src=\"http:\/\/charneux.be\/wordpress\/wp-content\/uploads\/2021\/09\/IMG_20210924_141204-300x225.jpg\" alt=\"\" width=\"232\" height=\"174\" srcset=\"https:\/\/charneux.be\/preprod\/wp-content\/uploads\/2021\/09\/IMG_20210924_141204-300x225.jpg 300w, https:\/\/charneux.be\/preprod\/wp-content\/uploads\/2021\/09\/IMG_20210924_141204-1024x768.jpg 1024w, https:\/\/charneux.be\/preprod\/wp-content\/uploads\/2021\/09\/IMG_20210924_141204-768x576.jpg 768w, https:\/\/charneux.be\/preprod\/wp-content\/uploads\/2021\/09\/IMG_20210924_141204-1536x1152.jpg 1536w, https:\/\/charneux.be\/preprod\/wp-content\/uploads\/2021\/09\/IMG_20210924_141204-2048x1536.jpg 2048w\" sizes=\"(max-width: 232px) 100vw, 232px\" \/><\/a> <a href=\"http:\/\/charneux.be\/wordpress\/wp-content\/uploads\/2021\/09\/IMG_20210924_141228-scaled.jpg\"><img decoding=\"async\" class=\"alignnone  wp-image-880\" src=\"http:\/\/charneux.be\/wordpress\/wp-content\/uploads\/2021\/09\/IMG_20210924_141228-300x225.jpg\" alt=\"\" width=\"239\" height=\"179\" srcset=\"https:\/\/charneux.be\/preprod\/wp-content\/uploads\/2021\/09\/IMG_20210924_141228-300x225.jpg 300w, https:\/\/charneux.be\/preprod\/wp-content\/uploads\/2021\/09\/IMG_20210924_141228-1024x768.jpg 1024w, https:\/\/charneux.be\/preprod\/wp-content\/uploads\/2021\/09\/IMG_20210924_141228-768x576.jpg 768w, https:\/\/charneux.be\/preprod\/wp-content\/uploads\/2021\/09\/IMG_20210924_141228-1536x1152.jpg 1536w, https:\/\/charneux.be\/preprod\/wp-content\/uploads\/2021\/09\/IMG_20210924_141228-2048x1536.jpg 2048w\" sizes=\"(max-width: 239px) 100vw, 239px\" \/><\/a> <a href=\"http:\/\/charneux.be\/wordpress\/wp-content\/uploads\/2021\/09\/IMG_20210924_141303-scaled.jpg\"><img decoding=\"async\" class=\"alignnone  wp-image-881\" src=\"http:\/\/charneux.be\/wordpress\/wp-content\/uploads\/2021\/09\/IMG_20210924_141303-300x225.jpg\" alt=\"\" width=\"233\" height=\"175\" srcset=\"https:\/\/charneux.be\/preprod\/wp-content\/uploads\/2021\/09\/IMG_20210924_141303-300x225.jpg 300w, https:\/\/charneux.be\/preprod\/wp-content\/uploads\/2021\/09\/IMG_20210924_141303-1024x768.jpg 1024w, https:\/\/charneux.be\/preprod\/wp-content\/uploads\/2021\/09\/IMG_20210924_141303-768x576.jpg 768w, https:\/\/charneux.be\/preprod\/wp-content\/uploads\/2021\/09\/IMG_20210924_141303-1536x1152.jpg 1536w, https:\/\/charneux.be\/preprod\/wp-content\/uploads\/2021\/09\/IMG_20210924_141303-2048x1536.jpg 2048w\" sizes=\"(max-width: 233px) 100vw, 233px\" \/><\/a> <a href=\"http:\/\/charneux.be\/wordpress\/wp-content\/uploads\/2021\/09\/IMG_20210924_141324-scaled.jpg\"><img loading=\"lazy\" decoding=\"async\" class=\"alignnone  wp-image-882\" src=\"http:\/\/charneux.be\/wordpress\/wp-content\/uploads\/2021\/09\/IMG_20210924_141324-300x225.jpg\" alt=\"\" width=\"228\" height=\"171\" srcset=\"https:\/\/charneux.be\/preprod\/wp-content\/uploads\/2021\/09\/IMG_20210924_141324-300x225.jpg 300w, https:\/\/charneux.be\/preprod\/wp-content\/uploads\/2021\/09\/IMG_20210924_141324-1024x768.jpg 1024w, https:\/\/charneux.be\/preprod\/wp-content\/uploads\/2021\/09\/IMG_20210924_141324-768x576.jpg 768w, https:\/\/charneux.be\/preprod\/wp-content\/uploads\/2021\/09\/IMG_20210924_141324-1536x1152.jpg 1536w, https:\/\/charneux.be\/preprod\/wp-content\/uploads\/2021\/09\/IMG_20210924_141324-2048x1536.jpg 2048w\" sizes=\"(max-width: 228px) 100vw, 228px\" \/><\/a> <a href=\"http:\/\/charneux.be\/wordpress\/wp-content\/uploads\/2021\/09\/IMG_20210924_145756-scaled.jpg\"><img loading=\"lazy\" decoding=\"async\" class=\"alignnone  wp-image-883\" src=\"http:\/\/charneux.be\/wordpress\/wp-content\/uploads\/2021\/09\/IMG_20210924_145756-300x225.jpg\" alt=\"\" width=\"235\" height=\"177\" srcset=\"https:\/\/charneux.be\/preprod\/wp-content\/uploads\/2021\/09\/IMG_20210924_145756-300x225.jpg 300w, https:\/\/charneux.be\/preprod\/wp-content\/uploads\/2021\/09\/IMG_20210924_145756-1024x768.jpg 1024w, https:\/\/charneux.be\/preprod\/wp-content\/uploads\/2021\/09\/IMG_20210924_145756-768x576.jpg 768w, https:\/\/charneux.be\/preprod\/wp-content\/uploads\/2021\/09\/IMG_20210924_145756-1536x1152.jpg 1536w, https:\/\/charneux.be\/preprod\/wp-content\/uploads\/2021\/09\/IMG_20210924_145756-2048x1536.jpg 2048w\" sizes=\"(max-width: 235px) 100vw, 235px\" \/><\/a> <a href=\"http:\/\/charneux.be\/wordpress\/wp-content\/uploads\/2021\/09\/IMG_20210924_145835-scaled.jpg\"><img loading=\"lazy\" decoding=\"async\" class=\"alignnone  wp-image-884\" src=\"http:\/\/charneux.be\/wordpress\/wp-content\/uploads\/2021\/09\/IMG_20210924_145835-300x225.jpg\" alt=\"\" width=\"227\" height=\"170\" srcset=\"https:\/\/charneux.be\/preprod\/wp-content\/uploads\/2021\/09\/IMG_20210924_145835-300x225.jpg 300w, https:\/\/charneux.be\/preprod\/wp-content\/uploads\/2021\/09\/IMG_20210924_145835-1024x768.jpg 1024w, https:\/\/charneux.be\/preprod\/wp-content\/uploads\/2021\/09\/IMG_20210924_145835-768x576.jpg 768w, https:\/\/charneux.be\/preprod\/wp-content\/uploads\/2021\/09\/IMG_20210924_145835-1536x1152.jpg 1536w, https:\/\/charneux.be\/preprod\/wp-content\/uploads\/2021\/09\/IMG_20210924_145835-2048x1536.jpg 2048w\" sizes=\"(max-width: 227px) 100vw, 227px\" \/><\/a> <a href=\"http:\/\/charneux.be\/wordpress\/wp-content\/uploads\/2021\/09\/IMG_20210924_145915-scaled.jpg\"><img loading=\"lazy\" decoding=\"async\" class=\"alignnone  wp-image-885\" src=\"http:\/\/charneux.be\/wordpress\/wp-content\/uploads\/2021\/09\/IMG_20210924_145915-300x225.jpg\" alt=\"\" width=\"235\" height=\"176\" srcset=\"https:\/\/charneux.be\/preprod\/wp-content\/uploads\/2021\/09\/IMG_20210924_145915-300x225.jpg 300w, https:\/\/charneux.be\/preprod\/wp-content\/uploads\/2021\/09\/IMG_20210924_145915-1024x768.jpg 1024w, https:\/\/charneux.be\/preprod\/wp-content\/uploads\/2021\/09\/IMG_20210924_145915-768x576.jpg 768w, https:\/\/charneux.be\/preprod\/wp-content\/uploads\/2021\/09\/IMG_20210924_145915-1536x1152.jpg 1536w, https:\/\/charneux.be\/preprod\/wp-content\/uploads\/2021\/09\/IMG_20210924_145915-2048x1536.jpg 2048w\" sizes=\"(max-width: 235px) 100vw, 235px\" \/><\/a> <a href=\"http:\/\/charneux.be\/wordpress\/wp-content\/uploads\/2021\/09\/IMG_20210924_145940-scaled.jpg\"><img loading=\"lazy\" decoding=\"async\" class=\"alignnone  wp-image-886\" src=\"http:\/\/charneux.be\/wordpress\/wp-content\/uploads\/2021\/09\/IMG_20210924_145940-300x225.jpg\" alt=\"\" width=\"237\" height=\"178\" srcset=\"https:\/\/charneux.be\/preprod\/wp-content\/uploads\/2021\/09\/IMG_20210924_145940-300x225.jpg 300w, https:\/\/charneux.be\/preprod\/wp-content\/uploads\/2021\/09\/IMG_20210924_145940-1024x768.jpg 1024w, https:\/\/charneux.be\/preprod\/wp-content\/uploads\/2021\/09\/IMG_20210924_145940-768x576.jpg 768w, https:\/\/charneux.be\/preprod\/wp-content\/uploads\/2021\/09\/IMG_20210924_145940-1536x1152.jpg 1536w, https:\/\/charneux.be\/preprod\/wp-content\/uploads\/2021\/09\/IMG_20210924_145940-2048x1536.jpg 2048w\" sizes=\"(max-width: 237px) 100vw, 237px\" \/><\/a><\/p>\n","protected":false},"excerpt":{"rendered":"<p>Ce vendredi 24 septembre, les 3e et 4e ont particip\u00e9 \u00e0 des ateliers autour des intelligences multiples OCTOFUN ! Voici quelques photos de l&rsquo;atelier Vitafun &#8230; La cr\u00e9ation d&rsquo;une oeuvre artistique avec des \u00e9l\u00e9ments de la nature.<\/p>\n","protected":false},"author":3,"featured_media":880,"comment_status":"closed","ping_status":"open","sticky":false,"template":"","format":"standard","meta":{"footnotes":""},"categories":[1],"tags":[],"class_list":["post-878","post","type-post","status-publish","format-standard","has-post-thumbnail","hentry","category-non-classe"],"yoast_head":"<!-- This site is optimized with the Yoast SEO plugin v23.6 - https:\/\/yoast.com\/wordpress\/plugins\/seo\/ -->\n<title>Une apr\u00e8s-midi OCTOFUN en 3e et 4e ! - Charneux<\/title>\n<meta name=\"robots\" content=\"noindex, follow, max-snippet:-1, max-image-preview:large, max-video-preview:-1\" \/>\n<meta property=\"og:locale\" content=\"fr_FR\" \/>\n<meta property=\"og:type\" content=\"article\" \/>\n<meta property=\"og:title\" content=\"Une apr\u00e8s-midi OCTOFUN en 3e et 4e ! - Charneux\" \/>\n<meta property=\"og:description\" content=\"Ce vendredi 24 septembre, les 3e et 4e ont particip\u00e9 \u00e0 des ateliers autour des intelligences multiples OCTOFUN ! Voici quelques photos de l&rsquo;atelier Vitafun &#8230; La cr\u00e9ation d&rsquo;une oeuvre artistique avec des \u00e9l\u00e9ments de la nature.\" \/>\n<meta property=\"og:url\" content=\"https:\/\/charneux.be\/preprod\/une-apres-midi-octofun-en-3e-et-4e\/\" \/>\n<meta property=\"og:site_name\" content=\"Charneux\" \/>\n<meta property=\"article:published_time\" content=\"2021-09-27T17:40:11+00:00\" \/>\n<meta property=\"article:modified_time\" content=\"2022-03-21T07:54:43+00:00\" \/>\n<meta property=\"og:image\" content=\"https:\/\/charneux.be\/preprod\/wp-content\/uploads\/2021\/09\/IMG_20210924_141228-scaled.jpg\" \/>\n\t<meta property=\"og:image:width\" content=\"2560\" \/>\n\t<meta property=\"og:image:height\" content=\"1920\" \/>\n\t<meta property=\"og:image:type\" content=\"image\/jpeg\" \/>\n<meta name=\"author\" content=\"Gilles Collings\" \/>\n<meta name=\"twitter:label1\" content=\"\u00c9crit par\" \/>\n\t<meta name=\"twitter:data1\" content=\"Gilles Collings\" \/>\n\t<meta name=\"twitter:label2\" content=\"Dur\u00e9e de lecture estim\u00e9e\" \/>\n\t<meta name=\"twitter:data2\" content=\"2 minutes\" \/>\n<script type=\"application\/ld+json\" class=\"yoast-schema-graph\">{\"@context\":\"https:\/\/schema.org\",\"@graph\":[{\"@type\":\"Article\",\"@id\":\"https:\/\/charneux.be\/preprod\/une-apres-midi-octofun-en-3e-et-4e\/#article\",\"isPartOf\":{\"@id\":\"https:\/\/charneux.be\/preprod\/une-apres-midi-octofun-en-3e-et-4e\/\"},\"author\":{\"name\":\"Gilles Collings\",\"@id\":\"https:\/\/charneux.be\/preprod\/#\/schema\/person\/0b1651317d01999c5d965686422d77cb\"},\"headline\":\"Une apr\u00e8s-midi OCTOFUN en 3e et 4e !\",\"datePublished\":\"2021-09-27T17:40:11+00:00\",\"dateModified\":\"2022-03-21T07:54:43+00:00\",\"mainEntityOfPage\":{\"@id\":\"https:\/\/charneux.be\/preprod\/une-apres-midi-octofun-en-3e-et-4e\/\"},\"wordCount\":45,\"publisher\":{\"@id\":\"https:\/\/charneux.be\/preprod\/#organization\"},\"image\":{\"@id\":\"https:\/\/charneux.be\/preprod\/une-apres-midi-octofun-en-3e-et-4e\/#primaryimage\"},\"thumbnailUrl\":\"https:\/\/charneux.be\/preprod\/wp-content\/uploads\/2021\/09\/IMG_20210924_141228-scaled.jpg\",\"inLanguage\":\"fr-FR\"},{\"@type\":\"WebPage\",\"@id\":\"https:\/\/charneux.be\/preprod\/une-apres-midi-octofun-en-3e-et-4e\/\",\"url\":\"https:\/\/charneux.be\/preprod\/une-apres-midi-octofun-en-3e-et-4e\/\",\"name\":\"Une apr\u00e8s-midi OCTOFUN en 3e et 4e ! - Charneux\",\"isPartOf\":{\"@id\":\"https:\/\/charneux.be\/preprod\/#website\"},\"primaryImageOfPage\":{\"@id\":\"https:\/\/charneux.be\/preprod\/une-apres-midi-octofun-en-3e-et-4e\/#primaryimage\"},\"image\":{\"@id\":\"https:\/\/charneux.be\/preprod\/une-apres-midi-octofun-en-3e-et-4e\/#primaryimage\"},\"thumbnailUrl\":\"https:\/\/charneux.be\/preprod\/wp-content\/uploads\/2021\/09\/IMG_20210924_141228-scaled.jpg\",\"datePublished\":\"2021-09-27T17:40:11+00:00\",\"dateModified\":\"2022-03-21T07:54:43+00:00\",\"breadcrumb\":{\"@id\":\"https:\/\/charneux.be\/preprod\/une-apres-midi-octofun-en-3e-et-4e\/#breadcrumb\"},\"inLanguage\":\"fr-FR\",\"potentialAction\":[{\"@type\":\"ReadAction\",\"target\":[\"https:\/\/charneux.be\/preprod\/une-apres-midi-octofun-en-3e-et-4e\/\"]}]},{\"@type\":\"ImageObject\",\"inLanguage\":\"fr-FR\",\"@id\":\"https:\/\/charneux.be\/preprod\/une-apres-midi-octofun-en-3e-et-4e\/#primaryimage\",\"url\":\"https:\/\/charneux.be\/preprod\/wp-content\/uploads\/2021\/09\/IMG_20210924_141228-scaled.jpg\",\"contentUrl\":\"https:\/\/charneux.be\/preprod\/wp-content\/uploads\/2021\/09\/IMG_20210924_141228-scaled.jpg\",\"width\":2560,\"height\":1920},{\"@type\":\"BreadcrumbList\",\"@id\":\"https:\/\/charneux.be\/preprod\/une-apres-midi-octofun-en-3e-et-4e\/#breadcrumb\",\"itemListElement\":[{\"@type\":\"ListItem\",\"position\":1,\"name\":\"Accueil\",\"item\":\"https:\/\/charneux.be\/preprod\/\"},{\"@type\":\"ListItem\",\"position\":2,\"name\":\"Une apr\u00e8s-midi OCTOFUN en 3e et 4e !\"}]},{\"@type\":\"WebSite\",\"@id\":\"https:\/\/charneux.be\/preprod\/#website\",\"url\":\"https:\/\/charneux.be\/preprod\/\",\"name\":\"Charneux\",\"description\":\"\",\"publisher\":{\"@id\":\"https:\/\/charneux.be\/preprod\/#organization\"},\"potentialAction\":[{\"@type\":\"SearchAction\",\"target\":{\"@type\":\"EntryPoint\",\"urlTemplate\":\"https:\/\/charneux.be\/preprod\/?s={search_term_string}\"},\"query-input\":{\"@type\":\"PropertyValueSpecification\",\"valueRequired\":true,\"valueName\":\"search_term_string\"}}],\"inLanguage\":\"fr-FR\"},{\"@type\":\"Organization\",\"@id\":\"https:\/\/charneux.be\/preprod\/#organization\",\"name\":\"Ecole libre de Charneux\",\"url\":\"https:\/\/charneux.be\/preprod\/\",\"logo\":{\"@type\":\"ImageObject\",\"inLanguage\":\"fr-FR\",\"@id\":\"https:\/\/charneux.be\/preprod\/#\/schema\/logo\/image\/\",\"url\":\"https:\/\/charneux.be\/preprod\/wp-content\/uploads\/2024\/08\/cropped-Logo-bleu.png\",\"contentUrl\":\"https:\/\/charneux.be\/preprod\/wp-content\/uploads\/2024\/08\/cropped-Logo-bleu.png\",\"width\":480,\"height\":799,\"caption\":\"Ecole libre de Charneux\"},\"image\":{\"@id\":\"https:\/\/charneux.be\/preprod\/#\/schema\/logo\/image\/\"}},{\"@type\":\"Person\",\"@id\":\"https:\/\/charneux.be\/preprod\/#\/schema\/person\/0b1651317d01999c5d965686422d77cb\",\"name\":\"Gilles Collings\",\"image\":{\"@type\":\"ImageObject\",\"inLanguage\":\"fr-FR\",\"@id\":\"https:\/\/charneux.be\/preprod\/#\/schema\/person\/image\/\",\"url\":\"https:\/\/secure.gravatar.com\/avatar\/320dcf4529b471bc3f0dc256dbefcb4434faec727325adce4fe24429eae36178?s=96&d=mm&r=g\",\"contentUrl\":\"https:\/\/secure.gravatar.com\/avatar\/320dcf4529b471bc3f0dc256dbefcb4434faec727325adce4fe24429eae36178?s=96&d=mm&r=g\",\"caption\":\"Gilles Collings\"},\"url\":\"https:\/\/charneux.be\/preprod\/author\/gilles\/\"}]}<\/script>\n<!-- \/ Yoast SEO plugin. -->","yoast_head_json":{"title":"Une apr\u00e8s-midi OCTOFUN en 3e et 4e ! - Charneux","robots":{"index":"noindex","follow":"follow","max-snippet":"max-snippet:-1","max-image-preview":"max-image-preview:large","max-video-preview":"max-video-preview:-1"},"og_locale":"fr_FR","og_type":"article","og_title":"Une apr\u00e8s-midi OCTOFUN en 3e et 4e ! - Charneux","og_description":"Ce vendredi 24 septembre, les 3e et 4e ont particip\u00e9 \u00e0 des ateliers autour des intelligences multiples OCTOFUN ! Voici quelques photos de l&rsquo;atelier Vitafun &#8230; La cr\u00e9ation d&rsquo;une oeuvre artistique avec des \u00e9l\u00e9ments de la nature.","og_url":"https:\/\/charneux.be\/preprod\/une-apres-midi-octofun-en-3e-et-4e\/","og_site_name":"Charneux","article_published_time":"2021-09-27T17:40:11+00:00","article_modified_time":"2022-03-21T07:54:43+00:00","og_image":[{"width":2560,"height":1920,"url":"https:\/\/charneux.be\/preprod\/wp-content\/uploads\/2021\/09\/IMG_20210924_141228-scaled.jpg","type":"image\/jpeg"}],"author":"Gilles Collings","twitter_misc":{"\u00c9crit par":"Gilles Collings","Dur\u00e9e de lecture estim\u00e9e":"2 minutes"},"schema":{"@context":"https:\/\/schema.org","@graph":[{"@type":"Article","@id":"https:\/\/charneux.be\/preprod\/une-apres-midi-octofun-en-3e-et-4e\/#article","isPartOf":{"@id":"https:\/\/charneux.be\/preprod\/une-apres-midi-octofun-en-3e-et-4e\/"},"author":{"name":"Gilles Collings","@id":"https:\/\/charneux.be\/preprod\/#\/schema\/person\/0b1651317d01999c5d965686422d77cb"},"headline":"Une apr\u00e8s-midi OCTOFUN en 3e et 4e !","datePublished":"2021-09-27T17:40:11+00:00","dateModified":"2022-03-21T07:54:43+00:00","mainEntityOfPage":{"@id":"https:\/\/charneux.be\/preprod\/une-apres-midi-octofun-en-3e-et-4e\/"},"wordCount":45,"publisher":{"@id":"https:\/\/charneux.be\/preprod\/#organization"},"image":{"@id":"https:\/\/charneux.be\/preprod\/une-apres-midi-octofun-en-3e-et-4e\/#primaryimage"},"thumbnailUrl":"https:\/\/charneux.be\/preprod\/wp-content\/uploads\/2021\/09\/IMG_20210924_141228-scaled.jpg","inLanguage":"fr-FR"},{"@type":"WebPage","@id":"https:\/\/charneux.be\/preprod\/une-apres-midi-octofun-en-3e-et-4e\/","url":"https:\/\/charneux.be\/preprod\/une-apres-midi-octofun-en-3e-et-4e\/","name":"Une apr\u00e8s-midi OCTOFUN en 3e et 4e ! - Charneux","isPartOf":{"@id":"https:\/\/charneux.be\/preprod\/#website"},"primaryImageOfPage":{"@id":"https:\/\/charneux.be\/preprod\/une-apres-midi-octofun-en-3e-et-4e\/#primaryimage"},"image":{"@id":"https:\/\/charneux.be\/preprod\/une-apres-midi-octofun-en-3e-et-4e\/#primaryimage"},"thumbnailUrl":"https:\/\/charneux.be\/preprod\/wp-content\/uploads\/2021\/09\/IMG_20210924_141228-scaled.jpg","datePublished":"2021-09-27T17:40:11+00:00","dateModified":"2022-03-21T07:54:43+00:00","breadcrumb":{"@id":"https:\/\/charneux.be\/preprod\/une-apres-midi-octofun-en-3e-et-4e\/#breadcrumb"},"inLanguage":"fr-FR","potentialAction":[{"@type":"ReadAction","target":["https:\/\/charneux.be\/preprod\/une-apres-midi-octofun-en-3e-et-4e\/"]}]},{"@type":"ImageObject","inLanguage":"fr-FR","@id":"https:\/\/charneux.be\/preprod\/une-apres-midi-octofun-en-3e-et-4e\/#primaryimage","url":"https:\/\/charneux.be\/preprod\/wp-content\/uploads\/2021\/09\/IMG_20210924_141228-scaled.jpg","contentUrl":"https:\/\/charneux.be\/preprod\/wp-content\/uploads\/2021\/09\/IMG_20210924_141228-scaled.jpg","width":2560,"height":1920},{"@type":"BreadcrumbList","@id":"https:\/\/charneux.be\/preprod\/une-apres-midi-octofun-en-3e-et-4e\/#breadcrumb","itemListElement":[{"@type":"ListItem","position":1,"name":"Accueil","item":"https:\/\/charneux.be\/preprod\/"},{"@type":"ListItem","position":2,"name":"Une apr\u00e8s-midi OCTOFUN en 3e et 4e !"}]},{"@type":"WebSite","@id":"https:\/\/charneux.be\/preprod\/#website","url":"https:\/\/charneux.be\/preprod\/","name":"Charneux","description":"","publisher":{"@id":"https:\/\/charneux.be\/preprod\/#organization"},"potentialAction":[{"@type":"SearchAction","target":{"@type":"EntryPoint","urlTemplate":"https:\/\/charneux.be\/preprod\/?s={search_term_string}"},"query-input":{"@type":"PropertyValueSpecification","valueRequired":true,"valueName":"search_term_string"}}],"inLanguage":"fr-FR"},{"@type":"Organization","@id":"https:\/\/charneux.be\/preprod\/#organization","name":"Ecole libre de Charneux","url":"https:\/\/charneux.be\/preprod\/","logo":{"@type":"ImageObject","inLanguage":"fr-FR","@id":"https:\/\/charneux.be\/preprod\/#\/schema\/logo\/image\/","url":"https:\/\/charneux.be\/preprod\/wp-content\/uploads\/2024\/08\/cropped-Logo-bleu.png","contentUrl":"https:\/\/charneux.be\/preprod\/wp-content\/uploads\/2024\/08\/cropped-Logo-bleu.png","width":480,"height":799,"caption":"Ecole libre de Charneux"},"image":{"@id":"https:\/\/charneux.be\/preprod\/#\/schema\/logo\/image\/"}},{"@type":"Person","@id":"https:\/\/charneux.be\/preprod\/#\/schema\/person\/0b1651317d01999c5d965686422d77cb","name":"Gilles Collings","image":{"@type":"ImageObject","inLanguage":"fr-FR","@id":"https:\/\/charneux.be\/preprod\/#\/schema\/person\/image\/","url":"https:\/\/secure.gravatar.com\/avatar\/320dcf4529b471bc3f0dc256dbefcb4434faec727325adce4fe24429eae36178?s=96&d=mm&r=g","contentUrl":"https:\/\/secure.gravatar.com\/avatar\/320dcf4529b471bc3f0dc256dbefcb4434faec727325adce4fe24429eae36178?s=96&d=mm&r=g","caption":"Gilles Collings"},"url":"https:\/\/charneux.be\/preprod\/author\/gilles\/"}]}},"_links":{"self":[{"href":"https:\/\/charneux.be\/preprod\/wp-json\/wp\/v2\/posts\/878","targetHints":{"allow":["GET"]}}],"collection":[{"href":"https:\/\/charneux.be\/preprod\/wp-json\/wp\/v2\/posts"}],"about":[{"href":"https:\/\/charneux.be\/preprod\/wp-json\/wp\/v2\/types\/post"}],"author":[{"embeddable":true,"href":"https:\/\/charneux.be\/preprod\/wp-json\/wp\/v2\/users\/3"}],"replies":[{"embeddable":true,"href":"https:\/\/charneux.be\/preprod\/wp-json\/wp\/v2\/comments?post=878"}],"version-history":[{"count":3,"href":"https:\/\/charneux.be\/preprod\/wp-json\/wp\/v2\/posts\/878\/revisions"}],"predecessor-version":[{"id":976,"href":"https:\/\/charneux.be\/preprod\/wp-json\/wp\/v2\/posts\/878\/revisions\/976"}],"wp:featuredmedia":[{"embeddable":true,"href":"https:\/\/charneux.be\/preprod\/wp-json\/wp\/v2\/media\/880"}],"wp:attachment":[{"href":"https:\/\/charneux.be\/preprod\/wp-json\/wp\/v2\/media?parent=878"}],"wp:term":[{"taxonomy":"category","embeddable":true,"href":"https:\/\/charneux.be\/preprod\/wp-json\/wp\/v2\/categories?post=878"},{"taxonomy":"post_tag","embeddable":true,"href":"https:\/\/charneux.be\/preprod\/wp-json\/wp\/v2\/tags?post=878"}],"curies":[{"name":"wp","href":"https:\/\/api.w.org\/{rel}","templated":true}]}}