{"id":891,"date":"2021-10-03T21:36:51","date_gmt":"2021-10-03T20:36:51","guid":{"rendered":"http:\/\/charneux.be\/wordpress\/?p=891"},"modified":"2021-10-03T21:36:51","modified_gmt":"2021-10-03T20:36:51","slug":"decouverte-du-village-grace-au-ptit-legipont","status":"publish","type":"post","link":"https:\/\/charneux.be\/preprod\/decouverte-du-village-grace-au-ptit-legipont\/","title":{"rendered":"D\u00e9couverte du village gr\u00e2ce au P&rsquo;tit L\u00e9gipont !"},"content":{"rendered":"<p>Ce vendredi 1 octobre, les \u00e9l\u00e8ves de 5e ont test\u00e9 le nouveau jeu \u00e9dit\u00e9 par le P&rsquo;tit L\u00e9gipont autour du centre du village. \u00ab\u00a0Un jeu &#8230; merveilleux\u00a0\u00bb selon les enfants &#8230;<\/p>\n<p><a href=\"http:\/\/charneux.be\/wordpress\/wp-content\/uploads\/2021\/10\/thumbnail-1.jpg\"><img fetchpriority=\"high\" decoding=\"async\" class=\"alignnone size-medium wp-image-892\" src=\"http:\/\/charneux.be\/wordpress\/wp-content\/uploads\/2021\/10\/thumbnail-1-300x225.jpg\" alt=\"\" width=\"300\" height=\"225\" srcset=\"https:\/\/charneux.be\/preprod\/wp-content\/uploads\/2021\/10\/thumbnail-1-300x225.jpg 300w, https:\/\/charneux.be\/preprod\/wp-content\/uploads\/2021\/10\/thumbnail-1-1024x768.jpg 1024w, https:\/\/charneux.be\/preprod\/wp-content\/uploads\/2021\/10\/thumbnail-1-768x576.jpg 768w, https:\/\/charneux.be\/preprod\/wp-content\/uploads\/2021\/10\/thumbnail-1.jpg 1080w\" sizes=\"(max-width: 300px) 100vw, 300px\" \/><\/a> <a href=\"http:\/\/charneux.be\/wordpress\/wp-content\/uploads\/2021\/10\/thumbnail-2.jpg\"><img decoding=\"async\" class=\"alignnone size-medium wp-image-893\" src=\"http:\/\/charneux.be\/wordpress\/wp-content\/uploads\/2021\/10\/thumbnail-2-300x225.jpg\" alt=\"\" width=\"300\" height=\"225\" srcset=\"https:\/\/charneux.be\/preprod\/wp-content\/uploads\/2021\/10\/thumbnail-2-300x225.jpg 300w, https:\/\/charneux.be\/preprod\/wp-content\/uploads\/2021\/10\/thumbnail-2-1024x768.jpg 1024w, https:\/\/charneux.be\/preprod\/wp-content\/uploads\/2021\/10\/thumbnail-2-768x576.jpg 768w, https:\/\/charneux.be\/preprod\/wp-content\/uploads\/2021\/10\/thumbnail-2.jpg 1080w\" sizes=\"(max-width: 300px) 100vw, 300px\" \/><\/a> <a href=\"http:\/\/charneux.be\/wordpress\/wp-content\/uploads\/2021\/10\/thumbnail-3.jpg\"><img decoding=\"async\" class=\"alignnone size-medium wp-image-894\" src=\"http:\/\/charneux.be\/wordpress\/wp-content\/uploads\/2021\/10\/thumbnail-3-300x225.jpg\" alt=\"\" width=\"300\" height=\"225\" srcset=\"https:\/\/charneux.be\/preprod\/wp-content\/uploads\/2021\/10\/thumbnail-3-300x225.jpg 300w, https:\/\/charneux.be\/preprod\/wp-content\/uploads\/2021\/10\/thumbnail-3-1024x768.jpg 1024w, https:\/\/charneux.be\/preprod\/wp-content\/uploads\/2021\/10\/thumbnail-3-768x576.jpg 768w, https:\/\/charneux.be\/preprod\/wp-content\/uploads\/2021\/10\/thumbnail-3.jpg 1080w\" sizes=\"(max-width: 300px) 100vw, 300px\" \/><\/a> <a href=\"http:\/\/charneux.be\/wordpress\/wp-content\/uploads\/2021\/10\/thumbnail.jpg\"><img loading=\"lazy\" decoding=\"async\" class=\"alignnone size-medium wp-image-895\" src=\"http:\/\/charneux.be\/wordpress\/wp-content\/uploads\/2021\/10\/thumbnail-300x225.jpg\" alt=\"\" width=\"300\" height=\"225\" srcset=\"https:\/\/charneux.be\/preprod\/wp-content\/uploads\/2021\/10\/thumbnail-300x225.jpg 300w, https:\/\/charneux.be\/preprod\/wp-content\/uploads\/2021\/10\/thumbnail-1024x768.jpg 1024w, https:\/\/charneux.be\/preprod\/wp-content\/uploads\/2021\/10\/thumbnail-768x576.jpg 768w, https:\/\/charneux.be\/preprod\/wp-content\/uploads\/2021\/10\/thumbnail.jpg 1080w\" sizes=\"(max-width: 300px) 100vw, 300px\" \/><\/a><\/p>\n","protected":false},"excerpt":{"rendered":"<p>Ce vendredi 1 octobre, les \u00e9l\u00e8ves de 5e ont test\u00e9 le nouveau jeu \u00e9dit\u00e9 par le P&rsquo;tit L\u00e9gipont autour du centre du village. \u00ab\u00a0Un jeu &#8230; merveilleux\u00a0\u00bb selon les enfants &#8230;<\/p>\n","protected":false},"author":3,"featured_media":892,"comment_status":"closed","ping_status":"open","sticky":false,"template":"","format":"standard","meta":{"footnotes":""},"categories":[1],"tags":[],"class_list":["post-891","post","type-post","status-publish","format-standard","has-post-thumbnail","hentry","category-non-classe"],"yoast_head":"<!-- This site is optimized with the Yoast SEO plugin v23.6 - https:\/\/yoast.com\/wordpress\/plugins\/seo\/ -->\n<title>D\u00e9couverte du village gr\u00e2ce au P&#039;tit L\u00e9gipont ! - Charneux<\/title>\n<meta name=\"robots\" content=\"noindex, follow, max-snippet:-1, max-image-preview:large, max-video-preview:-1\" \/>\n<meta property=\"og:locale\" content=\"fr_FR\" \/>\n<meta property=\"og:type\" content=\"article\" \/>\n<meta property=\"og:title\" content=\"D\u00e9couverte du village gr\u00e2ce au P&#039;tit L\u00e9gipont ! - Charneux\" \/>\n<meta property=\"og:description\" content=\"Ce vendredi 1 octobre, les \u00e9l\u00e8ves de 5e ont test\u00e9 le nouveau jeu \u00e9dit\u00e9 par le P&rsquo;tit L\u00e9gipont autour du centre du village. \u00ab\u00a0Un jeu &#8230; merveilleux\u00a0\u00bb selon les enfants &#8230;\" \/>\n<meta property=\"og:url\" content=\"https:\/\/charneux.be\/preprod\/decouverte-du-village-grace-au-ptit-legipont\/\" \/>\n<meta property=\"og:site_name\" content=\"Charneux\" \/>\n<meta property=\"article:published_time\" content=\"2021-10-03T20:36:51+00:00\" \/>\n<meta property=\"og:image\" content=\"https:\/\/charneux.be\/preprod\/wp-content\/uploads\/2021\/10\/thumbnail-1.jpg\" \/>\n\t<meta property=\"og:image:width\" content=\"1080\" \/>\n\t<meta property=\"og:image:height\" content=\"810\" \/>\n\t<meta property=\"og:image:type\" content=\"image\/jpeg\" \/>\n<meta name=\"author\" content=\"Gilles Collings\" \/>\n<meta name=\"twitter:label1\" content=\"\u00c9crit par\" \/>\n\t<meta name=\"twitter:data1\" content=\"Gilles Collings\" \/>\n<script type=\"application\/ld+json\" class=\"yoast-schema-graph\">{\"@context\":\"https:\/\/schema.org\",\"@graph\":[{\"@type\":\"Article\",\"@id\":\"https:\/\/charneux.be\/preprod\/decouverte-du-village-grace-au-ptit-legipont\/#article\",\"isPartOf\":{\"@id\":\"https:\/\/charneux.be\/preprod\/decouverte-du-village-grace-au-ptit-legipont\/\"},\"author\":{\"name\":\"Gilles Collings\",\"@id\":\"https:\/\/charneux.be\/preprod\/#\/schema\/person\/0b1651317d01999c5d965686422d77cb\"},\"headline\":\"D\u00e9couverte du village gr\u00e2ce au P&rsquo;tit L\u00e9gipont !\",\"datePublished\":\"2021-10-03T20:36:51+00:00\",\"dateModified\":\"2021-10-03T20:36:51+00:00\",\"mainEntityOfPage\":{\"@id\":\"https:\/\/charneux.be\/preprod\/decouverte-du-village-grace-au-ptit-legipont\/\"},\"wordCount\":42,\"publisher\":{\"@id\":\"https:\/\/charneux.be\/preprod\/#organization\"},\"image\":{\"@id\":\"https:\/\/charneux.be\/preprod\/decouverte-du-village-grace-au-ptit-legipont\/#primaryimage\"},\"thumbnailUrl\":\"https:\/\/charneux.be\/preprod\/wp-content\/uploads\/2021\/10\/thumbnail-1.jpg\",\"inLanguage\":\"fr-FR\"},{\"@type\":\"WebPage\",\"@id\":\"https:\/\/charneux.be\/preprod\/decouverte-du-village-grace-au-ptit-legipont\/\",\"url\":\"https:\/\/charneux.be\/preprod\/decouverte-du-village-grace-au-ptit-legipont\/\",\"name\":\"D\u00e9couverte du village gr\u00e2ce au P'tit L\u00e9gipont ! - Charneux\",\"isPartOf\":{\"@id\":\"https:\/\/charneux.be\/preprod\/#website\"},\"primaryImageOfPage\":{\"@id\":\"https:\/\/charneux.be\/preprod\/decouverte-du-village-grace-au-ptit-legipont\/#primaryimage\"},\"image\":{\"@id\":\"https:\/\/charneux.be\/preprod\/decouverte-du-village-grace-au-ptit-legipont\/#primaryimage\"},\"thumbnailUrl\":\"https:\/\/charneux.be\/preprod\/wp-content\/uploads\/2021\/10\/thumbnail-1.jpg\",\"datePublished\":\"2021-10-03T20:36:51+00:00\",\"dateModified\":\"2021-10-03T20:36:51+00:00\",\"breadcrumb\":{\"@id\":\"https:\/\/charneux.be\/preprod\/decouverte-du-village-grace-au-ptit-legipont\/#breadcrumb\"},\"inLanguage\":\"fr-FR\",\"potentialAction\":[{\"@type\":\"ReadAction\",\"target\":[\"https:\/\/charneux.be\/preprod\/decouverte-du-village-grace-au-ptit-legipont\/\"]}]},{\"@type\":\"ImageObject\",\"inLanguage\":\"fr-FR\",\"@id\":\"https:\/\/charneux.be\/preprod\/decouverte-du-village-grace-au-ptit-legipont\/#primaryimage\",\"url\":\"https:\/\/charneux.be\/preprod\/wp-content\/uploads\/2021\/10\/thumbnail-1.jpg\",\"contentUrl\":\"https:\/\/charneux.be\/preprod\/wp-content\/uploads\/2021\/10\/thumbnail-1.jpg\",\"width\":1080,\"height\":810},{\"@type\":\"BreadcrumbList\",\"@id\":\"https:\/\/charneux.be\/preprod\/decouverte-du-village-grace-au-ptit-legipont\/#breadcrumb\",\"itemListElement\":[{\"@type\":\"ListItem\",\"position\":1,\"name\":\"Accueil\",\"item\":\"https:\/\/charneux.be\/preprod\/\"},{\"@type\":\"ListItem\",\"position\":2,\"name\":\"D\u00e9couverte du village gr\u00e2ce au P&rsquo;tit L\u00e9gipont !\"}]},{\"@type\":\"WebSite\",\"@id\":\"https:\/\/charneux.be\/preprod\/#website\",\"url\":\"https:\/\/charneux.be\/preprod\/\",\"name\":\"Charneux\",\"description\":\"\",\"publisher\":{\"@id\":\"https:\/\/charneux.be\/preprod\/#organization\"},\"potentialAction\":[{\"@type\":\"SearchAction\",\"target\":{\"@type\":\"EntryPoint\",\"urlTemplate\":\"https:\/\/charneux.be\/preprod\/?s={search_term_string}\"},\"query-input\":{\"@type\":\"PropertyValueSpecification\",\"valueRequired\":true,\"valueName\":\"search_term_string\"}}],\"inLanguage\":\"fr-FR\"},{\"@type\":\"Organization\",\"@id\":\"https:\/\/charneux.be\/preprod\/#organization\",\"name\":\"Ecole libre de Charneux\",\"url\":\"https:\/\/charneux.be\/preprod\/\",\"logo\":{\"@type\":\"ImageObject\",\"inLanguage\":\"fr-FR\",\"@id\":\"https:\/\/charneux.be\/preprod\/#\/schema\/logo\/image\/\",\"url\":\"https:\/\/charneux.be\/preprod\/wp-content\/uploads\/2024\/08\/cropped-Logo-bleu.png\",\"contentUrl\":\"https:\/\/charneux.be\/preprod\/wp-content\/uploads\/2024\/08\/cropped-Logo-bleu.png\",\"width\":480,\"height\":799,\"caption\":\"Ecole libre de Charneux\"},\"image\":{\"@id\":\"https:\/\/charneux.be\/preprod\/#\/schema\/logo\/image\/\"}},{\"@type\":\"Person\",\"@id\":\"https:\/\/charneux.be\/preprod\/#\/schema\/person\/0b1651317d01999c5d965686422d77cb\",\"name\":\"Gilles Collings\",\"image\":{\"@type\":\"ImageObject\",\"inLanguage\":\"fr-FR\",\"@id\":\"https:\/\/charneux.be\/preprod\/#\/schema\/person\/image\/\",\"url\":\"https:\/\/secure.gravatar.com\/avatar\/320dcf4529b471bc3f0dc256dbefcb4434faec727325adce4fe24429eae36178?s=96&d=mm&r=g\",\"contentUrl\":\"https:\/\/secure.gravatar.com\/avatar\/320dcf4529b471bc3f0dc256dbefcb4434faec727325adce4fe24429eae36178?s=96&d=mm&r=g\",\"caption\":\"Gilles Collings\"},\"url\":\"https:\/\/charneux.be\/preprod\/author\/gilles\/\"}]}<\/script>\n<!-- \/ Yoast SEO plugin. -->","yoast_head_json":{"title":"D\u00e9couverte du village gr\u00e2ce au P'tit L\u00e9gipont ! - Charneux","robots":{"index":"noindex","follow":"follow","max-snippet":"max-snippet:-1","max-image-preview":"max-image-preview:large","max-video-preview":"max-video-preview:-1"},"og_locale":"fr_FR","og_type":"article","og_title":"D\u00e9couverte du village gr\u00e2ce au P'tit L\u00e9gipont ! - Charneux","og_description":"Ce vendredi 1 octobre, les \u00e9l\u00e8ves de 5e ont test\u00e9 le nouveau jeu \u00e9dit\u00e9 par le P&rsquo;tit L\u00e9gipont autour du centre du village. \u00ab\u00a0Un jeu &#8230; merveilleux\u00a0\u00bb selon les enfants &#8230;","og_url":"https:\/\/charneux.be\/preprod\/decouverte-du-village-grace-au-ptit-legipont\/","og_site_name":"Charneux","article_published_time":"2021-10-03T20:36:51+00:00","og_image":[{"width":1080,"height":810,"url":"https:\/\/charneux.be\/preprod\/wp-content\/uploads\/2021\/10\/thumbnail-1.jpg","type":"image\/jpeg"}],"author":"Gilles Collings","twitter_misc":{"\u00c9crit par":"Gilles Collings"},"schema":{"@context":"https:\/\/schema.org","@graph":[{"@type":"Article","@id":"https:\/\/charneux.be\/preprod\/decouverte-du-village-grace-au-ptit-legipont\/#article","isPartOf":{"@id":"https:\/\/charneux.be\/preprod\/decouverte-du-village-grace-au-ptit-legipont\/"},"author":{"name":"Gilles Collings","@id":"https:\/\/charneux.be\/preprod\/#\/schema\/person\/0b1651317d01999c5d965686422d77cb"},"headline":"D\u00e9couverte du village gr\u00e2ce au P&rsquo;tit L\u00e9gipont !","datePublished":"2021-10-03T20:36:51+00:00","dateModified":"2021-10-03T20:36:51+00:00","mainEntityOfPage":{"@id":"https:\/\/charneux.be\/preprod\/decouverte-du-village-grace-au-ptit-legipont\/"},"wordCount":42,"publisher":{"@id":"https:\/\/charneux.be\/preprod\/#organization"},"image":{"@id":"https:\/\/charneux.be\/preprod\/decouverte-du-village-grace-au-ptit-legipont\/#primaryimage"},"thumbnailUrl":"https:\/\/charneux.be\/preprod\/wp-content\/uploads\/2021\/10\/thumbnail-1.jpg","inLanguage":"fr-FR"},{"@type":"WebPage","@id":"https:\/\/charneux.be\/preprod\/decouverte-du-village-grace-au-ptit-legipont\/","url":"https:\/\/charneux.be\/preprod\/decouverte-du-village-grace-au-ptit-legipont\/","name":"D\u00e9couverte du village gr\u00e2ce au P'tit L\u00e9gipont ! - Charneux","isPartOf":{"@id":"https:\/\/charneux.be\/preprod\/#website"},"primaryImageOfPage":{"@id":"https:\/\/charneux.be\/preprod\/decouverte-du-village-grace-au-ptit-legipont\/#primaryimage"},"image":{"@id":"https:\/\/charneux.be\/preprod\/decouverte-du-village-grace-au-ptit-legipont\/#primaryimage"},"thumbnailUrl":"https:\/\/charneux.be\/preprod\/wp-content\/uploads\/2021\/10\/thumbnail-1.jpg","datePublished":"2021-10-03T20:36:51+00:00","dateModified":"2021-10-03T20:36:51+00:00","breadcrumb":{"@id":"https:\/\/charneux.be\/preprod\/decouverte-du-village-grace-au-ptit-legipont\/#breadcrumb"},"inLanguage":"fr-FR","potentialAction":[{"@type":"ReadAction","target":["https:\/\/charneux.be\/preprod\/decouverte-du-village-grace-au-ptit-legipont\/"]}]},{"@type":"ImageObject","inLanguage":"fr-FR","@id":"https:\/\/charneux.be\/preprod\/decouverte-du-village-grace-au-ptit-legipont\/#primaryimage","url":"https:\/\/charneux.be\/preprod\/wp-content\/uploads\/2021\/10\/thumbnail-1.jpg","contentUrl":"https:\/\/charneux.be\/preprod\/wp-content\/uploads\/2021\/10\/thumbnail-1.jpg","width":1080,"height":810},{"@type":"BreadcrumbList","@id":"https:\/\/charneux.be\/preprod\/decouverte-du-village-grace-au-ptit-legipont\/#breadcrumb","itemListElement":[{"@type":"ListItem","position":1,"name":"Accueil","item":"https:\/\/charneux.be\/preprod\/"},{"@type":"ListItem","position":2,"name":"D\u00e9couverte du village gr\u00e2ce au P&rsquo;tit L\u00e9gipont !"}]},{"@type":"WebSite","@id":"https:\/\/charneux.be\/preprod\/#website","url":"https:\/\/charneux.be\/preprod\/","name":"Charneux","description":"","publisher":{"@id":"https:\/\/charneux.be\/preprod\/#organization"},"potentialAction":[{"@type":"SearchAction","target":{"@type":"EntryPoint","urlTemplate":"https:\/\/charneux.be\/preprod\/?s={search_term_string}"},"query-input":{"@type":"PropertyValueSpecification","valueRequired":true,"valueName":"search_term_string"}}],"inLanguage":"fr-FR"},{"@type":"Organization","@id":"https:\/\/charneux.be\/preprod\/#organization","name":"Ecole libre de Charneux","url":"https:\/\/charneux.be\/preprod\/","logo":{"@type":"ImageObject","inLanguage":"fr-FR","@id":"https:\/\/charneux.be\/preprod\/#\/schema\/logo\/image\/","url":"https:\/\/charneux.be\/preprod\/wp-content\/uploads\/2024\/08\/cropped-Logo-bleu.png","contentUrl":"https:\/\/charneux.be\/preprod\/wp-content\/uploads\/2024\/08\/cropped-Logo-bleu.png","width":480,"height":799,"caption":"Ecole libre de Charneux"},"image":{"@id":"https:\/\/charneux.be\/preprod\/#\/schema\/logo\/image\/"}},{"@type":"Person","@id":"https:\/\/charneux.be\/preprod\/#\/schema\/person\/0b1651317d01999c5d965686422d77cb","name":"Gilles Collings","image":{"@type":"ImageObject","inLanguage":"fr-FR","@id":"https:\/\/charneux.be\/preprod\/#\/schema\/person\/image\/","url":"https:\/\/secure.gravatar.com\/avatar\/320dcf4529b471bc3f0dc256dbefcb4434faec727325adce4fe24429eae36178?s=96&d=mm&r=g","contentUrl":"https:\/\/secure.gravatar.com\/avatar\/320dcf4529b471bc3f0dc256dbefcb4434faec727325adce4fe24429eae36178?s=96&d=mm&r=g","caption":"Gilles Collings"},"url":"https:\/\/charneux.be\/preprod\/author\/gilles\/"}]}},"_links":{"self":[{"href":"https:\/\/charneux.be\/preprod\/wp-json\/wp\/v2\/posts\/891","targetHints":{"allow":["GET"]}}],"collection":[{"href":"https:\/\/charneux.be\/preprod\/wp-json\/wp\/v2\/posts"}],"about":[{"href":"https:\/\/charneux.be\/preprod\/wp-json\/wp\/v2\/types\/post"}],"author":[{"embeddable":true,"href":"https:\/\/charneux.be\/preprod\/wp-json\/wp\/v2\/users\/3"}],"replies":[{"embeddable":true,"href":"https:\/\/charneux.be\/preprod\/wp-json\/wp\/v2\/comments?post=891"}],"version-history":[{"count":1,"href":"https:\/\/charneux.be\/preprod\/wp-json\/wp\/v2\/posts\/891\/revisions"}],"predecessor-version":[{"id":896,"href":"https:\/\/charneux.be\/preprod\/wp-json\/wp\/v2\/posts\/891\/revisions\/896"}],"wp:featuredmedia":[{"embeddable":true,"href":"https:\/\/charneux.be\/preprod\/wp-json\/wp\/v2\/media\/892"}],"wp:attachment":[{"href":"https:\/\/charneux.be\/preprod\/wp-json\/wp\/v2\/media?parent=891"}],"wp:term":[{"taxonomy":"category","embeddable":true,"href":"https:\/\/charneux.be\/preprod\/wp-json\/wp\/v2\/categories?post=891"},{"taxonomy":"post_tag","embeddable":true,"href":"https:\/\/charneux.be\/preprod\/wp-json\/wp\/v2\/tags?post=891"}],"curies":[{"name":"wp","href":"https:\/\/api.w.org\/{rel}","templated":true}]}}