{"id":929,"date":"2021-12-23T15:06:54","date_gmt":"2021-12-23T14:06:54","guid":{"rendered":"http:\/\/charneux.be\/wordpress\/?p=929"},"modified":"2021-12-23T15:10:36","modified_gmt":"2021-12-23T14:10:36","slug":"les-classes-de-mer-en-p1-et-p2-13-15-octobre-2021","status":"publish","type":"post","link":"https:\/\/charneux.be\/preprod\/les-classes-de-mer-en-p1-et-p2-13-15-octobre-2021\/","title":{"rendered":"Les classes de mer en P1 et P2 (13-15 octobre 2021)"},"content":{"rendered":"<p>Voici un lien reprenant toutes les photos des petits matelots de 1re et 2e.<\/p>\n<p>Pour un bon fonctionnement : copier et coller le lien dans une nouvelle fen\u00eatre.<\/p>\n<p>Ensuite, en haut \u00e0 droite (trois petites lignes), s\u00e9lectionner le mode vignettes.<\/p>\n<p><a href=\"https:\/\/ecoledecharneux-my.sharepoint.com\/:f:\/g\/personal\/sandrine_caro_charneux_be\/EvHnsrnEqHZFg909Q3jN8coBDYe3sga3kTxBrjVZ3WBbrw?e=hufekf\">https:\/\/ecoledecharneux-my.sharepoint.com\/:f:\/g\/personal\/sandrine_caro_charneux_be\/EvHnsrnEqHZFg909Q3jN8coBDYe3sga3kTxBrjVZ3WBbrw?e=hufekf<\/a><\/p>\n","protected":false},"excerpt":{"rendered":"<p>Voici un lien reprenant toutes les photos des petits matelots de 1re et 2e. Pour un bon fonctionnement : copier et coller le lien dans une nouvelle fen\u00eatre. Ensuite, en haut \u00e0 droite (trois petites lignes), s\u00e9lectionner le mode vignettes. https:\/\/ecoledecharneux-my.sharepoint.com\/:f:\/g\/personal\/sandrine_caro_charneux_be\/EvHnsrnEqHZFg909Q3jN8coBDYe3sga3kTxBrjVZ3WBbrw?e=hufekf<\/p>\n","protected":false},"author":3,"featured_media":930,"comment_status":"closed","ping_status":"open","sticky":false,"template":"","format":"standard","meta":{"footnotes":""},"categories":[1],"tags":[],"class_list":["post-929","post","type-post","status-publish","format-standard","has-post-thumbnail","hentry","category-non-classe"],"yoast_head":"<!-- This site is optimized with the Yoast SEO plugin v23.6 - https:\/\/yoast.com\/wordpress\/plugins\/seo\/ -->\n<title>Les classes de mer en P1 et P2 (13-15 octobre 2021) - Charneux<\/title>\n<meta name=\"robots\" content=\"noindex, follow, max-snippet:-1, max-image-preview:large, max-video-preview:-1\" \/>\n<meta property=\"og:locale\" content=\"fr_FR\" \/>\n<meta property=\"og:type\" content=\"article\" \/>\n<meta property=\"og:title\" content=\"Les classes de mer en P1 et P2 (13-15 octobre 2021) - Charneux\" \/>\n<meta property=\"og:description\" content=\"Voici un lien reprenant toutes les photos des petits matelots de 1re et 2e. Pour un bon fonctionnement : copier et coller le lien dans une nouvelle fen\u00eatre. Ensuite, en haut \u00e0 droite (trois petites lignes), s\u00e9lectionner le mode vignettes. https:\/\/ecoledecharneux-my.sharepoint.com\/:f:\/g\/personal\/sandrine_caro_charneux_be\/EvHnsrnEqHZFg909Q3jN8coBDYe3sga3kTxBrjVZ3WBbrw?e=hufekf\" \/>\n<meta property=\"og:url\" content=\"https:\/\/charneux.be\/preprod\/les-classes-de-mer-en-p1-et-p2-13-15-octobre-2021\/\" \/>\n<meta property=\"og:site_name\" content=\"Charneux\" \/>\n<meta property=\"article:published_time\" content=\"2021-12-23T14:06:54+00:00\" \/>\n<meta property=\"article:modified_time\" content=\"2021-12-23T14:10:36+00:00\" \/>\n<meta property=\"og:image\" content=\"https:\/\/charneux.be\/preprod\/wp-content\/uploads\/2021\/12\/IMG-20211013-WA0000.jpg\" \/>\n\t<meta property=\"og:image:width\" content=\"2048\" \/>\n\t<meta property=\"og:image:height\" content=\"1536\" \/>\n\t<meta property=\"og:image:type\" content=\"image\/jpeg\" \/>\n<meta name=\"author\" content=\"Gilles Collings\" \/>\n<meta name=\"twitter:label1\" content=\"\u00c9crit par\" \/>\n\t<meta name=\"twitter:data1\" content=\"Gilles Collings\" \/>\n\t<meta name=\"twitter:label2\" content=\"Dur\u00e9e de lecture estim\u00e9e\" \/>\n\t<meta name=\"twitter:data2\" content=\"1 minute\" \/>\n<script type=\"application\/ld+json\" class=\"yoast-schema-graph\">{\"@context\":\"https:\/\/schema.org\",\"@graph\":[{\"@type\":\"Article\",\"@id\":\"https:\/\/charneux.be\/preprod\/les-classes-de-mer-en-p1-et-p2-13-15-octobre-2021\/#article\",\"isPartOf\":{\"@id\":\"https:\/\/charneux.be\/preprod\/les-classes-de-mer-en-p1-et-p2-13-15-octobre-2021\/\"},\"author\":{\"name\":\"Gilles Collings\",\"@id\":\"https:\/\/charneux.be\/preprod\/#\/schema\/person\/0b1651317d01999c5d965686422d77cb\"},\"headline\":\"Les classes de mer en P1 et P2 (13-15 octobre 2021)\",\"datePublished\":\"2021-12-23T14:06:54+00:00\",\"dateModified\":\"2021-12-23T14:10:36+00:00\",\"mainEntityOfPage\":{\"@id\":\"https:\/\/charneux.be\/preprod\/les-classes-de-mer-en-p1-et-p2-13-15-octobre-2021\/\"},\"wordCount\":70,\"publisher\":{\"@id\":\"https:\/\/charneux.be\/preprod\/#organization\"},\"image\":{\"@id\":\"https:\/\/charneux.be\/preprod\/les-classes-de-mer-en-p1-et-p2-13-15-octobre-2021\/#primaryimage\"},\"thumbnailUrl\":\"https:\/\/charneux.be\/preprod\/wp-content\/uploads\/2021\/12\/IMG-20211013-WA0000.jpg\",\"inLanguage\":\"fr-FR\"},{\"@type\":\"WebPage\",\"@id\":\"https:\/\/charneux.be\/preprod\/les-classes-de-mer-en-p1-et-p2-13-15-octobre-2021\/\",\"url\":\"https:\/\/charneux.be\/preprod\/les-classes-de-mer-en-p1-et-p2-13-15-octobre-2021\/\",\"name\":\"Les classes de mer en P1 et P2 (13-15 octobre 2021) - Charneux\",\"isPartOf\":{\"@id\":\"https:\/\/charneux.be\/preprod\/#website\"},\"primaryImageOfPage\":{\"@id\":\"https:\/\/charneux.be\/preprod\/les-classes-de-mer-en-p1-et-p2-13-15-octobre-2021\/#primaryimage\"},\"image\":{\"@id\":\"https:\/\/charneux.be\/preprod\/les-classes-de-mer-en-p1-et-p2-13-15-octobre-2021\/#primaryimage\"},\"thumbnailUrl\":\"https:\/\/charneux.be\/preprod\/wp-content\/uploads\/2021\/12\/IMG-20211013-WA0000.jpg\",\"datePublished\":\"2021-12-23T14:06:54+00:00\",\"dateModified\":\"2021-12-23T14:10:36+00:00\",\"breadcrumb\":{\"@id\":\"https:\/\/charneux.be\/preprod\/les-classes-de-mer-en-p1-et-p2-13-15-octobre-2021\/#breadcrumb\"},\"inLanguage\":\"fr-FR\",\"potentialAction\":[{\"@type\":\"ReadAction\",\"target\":[\"https:\/\/charneux.be\/preprod\/les-classes-de-mer-en-p1-et-p2-13-15-octobre-2021\/\"]}]},{\"@type\":\"ImageObject\",\"inLanguage\":\"fr-FR\",\"@id\":\"https:\/\/charneux.be\/preprod\/les-classes-de-mer-en-p1-et-p2-13-15-octobre-2021\/#primaryimage\",\"url\":\"https:\/\/charneux.be\/preprod\/wp-content\/uploads\/2021\/12\/IMG-20211013-WA0000.jpg\",\"contentUrl\":\"https:\/\/charneux.be\/preprod\/wp-content\/uploads\/2021\/12\/IMG-20211013-WA0000.jpg\",\"width\":2048,\"height\":1536},{\"@type\":\"BreadcrumbList\",\"@id\":\"https:\/\/charneux.be\/preprod\/les-classes-de-mer-en-p1-et-p2-13-15-octobre-2021\/#breadcrumb\",\"itemListElement\":[{\"@type\":\"ListItem\",\"position\":1,\"name\":\"Accueil\",\"item\":\"https:\/\/charneux.be\/preprod\/\"},{\"@type\":\"ListItem\",\"position\":2,\"name\":\"Les classes de mer en P1 et P2 (13-15 octobre 2021)\"}]},{\"@type\":\"WebSite\",\"@id\":\"https:\/\/charneux.be\/preprod\/#website\",\"url\":\"https:\/\/charneux.be\/preprod\/\",\"name\":\"Charneux\",\"description\":\"\",\"publisher\":{\"@id\":\"https:\/\/charneux.be\/preprod\/#organization\"},\"potentialAction\":[{\"@type\":\"SearchAction\",\"target\":{\"@type\":\"EntryPoint\",\"urlTemplate\":\"https:\/\/charneux.be\/preprod\/?s={search_term_string}\"},\"query-input\":{\"@type\":\"PropertyValueSpecification\",\"valueRequired\":true,\"valueName\":\"search_term_string\"}}],\"inLanguage\":\"fr-FR\"},{\"@type\":\"Organization\",\"@id\":\"https:\/\/charneux.be\/preprod\/#organization\",\"name\":\"Ecole libre de Charneux\",\"url\":\"https:\/\/charneux.be\/preprod\/\",\"logo\":{\"@type\":\"ImageObject\",\"inLanguage\":\"fr-FR\",\"@id\":\"https:\/\/charneux.be\/preprod\/#\/schema\/logo\/image\/\",\"url\":\"https:\/\/charneux.be\/preprod\/wp-content\/uploads\/2024\/08\/cropped-Logo-bleu.png\",\"contentUrl\":\"https:\/\/charneux.be\/preprod\/wp-content\/uploads\/2024\/08\/cropped-Logo-bleu.png\",\"width\":480,\"height\":799,\"caption\":\"Ecole libre de Charneux\"},\"image\":{\"@id\":\"https:\/\/charneux.be\/preprod\/#\/schema\/logo\/image\/\"}},{\"@type\":\"Person\",\"@id\":\"https:\/\/charneux.be\/preprod\/#\/schema\/person\/0b1651317d01999c5d965686422d77cb\",\"name\":\"Gilles Collings\",\"image\":{\"@type\":\"ImageObject\",\"inLanguage\":\"fr-FR\",\"@id\":\"https:\/\/charneux.be\/preprod\/#\/schema\/person\/image\/\",\"url\":\"https:\/\/secure.gravatar.com\/avatar\/320dcf4529b471bc3f0dc256dbefcb4434faec727325adce4fe24429eae36178?s=96&d=mm&r=g\",\"contentUrl\":\"https:\/\/secure.gravatar.com\/avatar\/320dcf4529b471bc3f0dc256dbefcb4434faec727325adce4fe24429eae36178?s=96&d=mm&r=g\",\"caption\":\"Gilles Collings\"},\"url\":\"https:\/\/charneux.be\/preprod\/author\/gilles\/\"}]}<\/script>\n<!-- \/ Yoast SEO plugin. -->","yoast_head_json":{"title":"Les classes de mer en P1 et P2 (13-15 octobre 2021) - Charneux","robots":{"index":"noindex","follow":"follow","max-snippet":"max-snippet:-1","max-image-preview":"max-image-preview:large","max-video-preview":"max-video-preview:-1"},"og_locale":"fr_FR","og_type":"article","og_title":"Les classes de mer en P1 et P2 (13-15 octobre 2021) - Charneux","og_description":"Voici un lien reprenant toutes les photos des petits matelots de 1re et 2e. Pour un bon fonctionnement : copier et coller le lien dans une nouvelle fen\u00eatre. Ensuite, en haut \u00e0 droite (trois petites lignes), s\u00e9lectionner le mode vignettes. https:\/\/ecoledecharneux-my.sharepoint.com\/:f:\/g\/personal\/sandrine_caro_charneux_be\/EvHnsrnEqHZFg909Q3jN8coBDYe3sga3kTxBrjVZ3WBbrw?e=hufekf","og_url":"https:\/\/charneux.be\/preprod\/les-classes-de-mer-en-p1-et-p2-13-15-octobre-2021\/","og_site_name":"Charneux","article_published_time":"2021-12-23T14:06:54+00:00","article_modified_time":"2021-12-23T14:10:36+00:00","og_image":[{"width":2048,"height":1536,"url":"https:\/\/charneux.be\/preprod\/wp-content\/uploads\/2021\/12\/IMG-20211013-WA0000.jpg","type":"image\/jpeg"}],"author":"Gilles Collings","twitter_misc":{"\u00c9crit par":"Gilles Collings","Dur\u00e9e de lecture estim\u00e9e":"1 minute"},"schema":{"@context":"https:\/\/schema.org","@graph":[{"@type":"Article","@id":"https:\/\/charneux.be\/preprod\/les-classes-de-mer-en-p1-et-p2-13-15-octobre-2021\/#article","isPartOf":{"@id":"https:\/\/charneux.be\/preprod\/les-classes-de-mer-en-p1-et-p2-13-15-octobre-2021\/"},"author":{"name":"Gilles Collings","@id":"https:\/\/charneux.be\/preprod\/#\/schema\/person\/0b1651317d01999c5d965686422d77cb"},"headline":"Les classes de mer en P1 et P2 (13-15 octobre 2021)","datePublished":"2021-12-23T14:06:54+00:00","dateModified":"2021-12-23T14:10:36+00:00","mainEntityOfPage":{"@id":"https:\/\/charneux.be\/preprod\/les-classes-de-mer-en-p1-et-p2-13-15-octobre-2021\/"},"wordCount":70,"publisher":{"@id":"https:\/\/charneux.be\/preprod\/#organization"},"image":{"@id":"https:\/\/charneux.be\/preprod\/les-classes-de-mer-en-p1-et-p2-13-15-octobre-2021\/#primaryimage"},"thumbnailUrl":"https:\/\/charneux.be\/preprod\/wp-content\/uploads\/2021\/12\/IMG-20211013-WA0000.jpg","inLanguage":"fr-FR"},{"@type":"WebPage","@id":"https:\/\/charneux.be\/preprod\/les-classes-de-mer-en-p1-et-p2-13-15-octobre-2021\/","url":"https:\/\/charneux.be\/preprod\/les-classes-de-mer-en-p1-et-p2-13-15-octobre-2021\/","name":"Les classes de mer en P1 et P2 (13-15 octobre 2021) - Charneux","isPartOf":{"@id":"https:\/\/charneux.be\/preprod\/#website"},"primaryImageOfPage":{"@id":"https:\/\/charneux.be\/preprod\/les-classes-de-mer-en-p1-et-p2-13-15-octobre-2021\/#primaryimage"},"image":{"@id":"https:\/\/charneux.be\/preprod\/les-classes-de-mer-en-p1-et-p2-13-15-octobre-2021\/#primaryimage"},"thumbnailUrl":"https:\/\/charneux.be\/preprod\/wp-content\/uploads\/2021\/12\/IMG-20211013-WA0000.jpg","datePublished":"2021-12-23T14:06:54+00:00","dateModified":"2021-12-23T14:10:36+00:00","breadcrumb":{"@id":"https:\/\/charneux.be\/preprod\/les-classes-de-mer-en-p1-et-p2-13-15-octobre-2021\/#breadcrumb"},"inLanguage":"fr-FR","potentialAction":[{"@type":"ReadAction","target":["https:\/\/charneux.be\/preprod\/les-classes-de-mer-en-p1-et-p2-13-15-octobre-2021\/"]}]},{"@type":"ImageObject","inLanguage":"fr-FR","@id":"https:\/\/charneux.be\/preprod\/les-classes-de-mer-en-p1-et-p2-13-15-octobre-2021\/#primaryimage","url":"https:\/\/charneux.be\/preprod\/wp-content\/uploads\/2021\/12\/IMG-20211013-WA0000.jpg","contentUrl":"https:\/\/charneux.be\/preprod\/wp-content\/uploads\/2021\/12\/IMG-20211013-WA0000.jpg","width":2048,"height":1536},{"@type":"BreadcrumbList","@id":"https:\/\/charneux.be\/preprod\/les-classes-de-mer-en-p1-et-p2-13-15-octobre-2021\/#breadcrumb","itemListElement":[{"@type":"ListItem","position":1,"name":"Accueil","item":"https:\/\/charneux.be\/preprod\/"},{"@type":"ListItem","position":2,"name":"Les classes de mer en P1 et P2 (13-15 octobre 2021)"}]},{"@type":"WebSite","@id":"https:\/\/charneux.be\/preprod\/#website","url":"https:\/\/charneux.be\/preprod\/","name":"Charneux","description":"","publisher":{"@id":"https:\/\/charneux.be\/preprod\/#organization"},"potentialAction":[{"@type":"SearchAction","target":{"@type":"EntryPoint","urlTemplate":"https:\/\/charneux.be\/preprod\/?s={search_term_string}"},"query-input":{"@type":"PropertyValueSpecification","valueRequired":true,"valueName":"search_term_string"}}],"inLanguage":"fr-FR"},{"@type":"Organization","@id":"https:\/\/charneux.be\/preprod\/#organization","name":"Ecole libre de Charneux","url":"https:\/\/charneux.be\/preprod\/","logo":{"@type":"ImageObject","inLanguage":"fr-FR","@id":"https:\/\/charneux.be\/preprod\/#\/schema\/logo\/image\/","url":"https:\/\/charneux.be\/preprod\/wp-content\/uploads\/2024\/08\/cropped-Logo-bleu.png","contentUrl":"https:\/\/charneux.be\/preprod\/wp-content\/uploads\/2024\/08\/cropped-Logo-bleu.png","width":480,"height":799,"caption":"Ecole libre de Charneux"},"image":{"@id":"https:\/\/charneux.be\/preprod\/#\/schema\/logo\/image\/"}},{"@type":"Person","@id":"https:\/\/charneux.be\/preprod\/#\/schema\/person\/0b1651317d01999c5d965686422d77cb","name":"Gilles Collings","image":{"@type":"ImageObject","inLanguage":"fr-FR","@id":"https:\/\/charneux.be\/preprod\/#\/schema\/person\/image\/","url":"https:\/\/secure.gravatar.com\/avatar\/320dcf4529b471bc3f0dc256dbefcb4434faec727325adce4fe24429eae36178?s=96&d=mm&r=g","contentUrl":"https:\/\/secure.gravatar.com\/avatar\/320dcf4529b471bc3f0dc256dbefcb4434faec727325adce4fe24429eae36178?s=96&d=mm&r=g","caption":"Gilles Collings"},"url":"https:\/\/charneux.be\/preprod\/author\/gilles\/"}]}},"_links":{"self":[{"href":"https:\/\/charneux.be\/preprod\/wp-json\/wp\/v2\/posts\/929","targetHints":{"allow":["GET"]}}],"collection":[{"href":"https:\/\/charneux.be\/preprod\/wp-json\/wp\/v2\/posts"}],"about":[{"href":"https:\/\/charneux.be\/preprod\/wp-json\/wp\/v2\/types\/post"}],"author":[{"embeddable":true,"href":"https:\/\/charneux.be\/preprod\/wp-json\/wp\/v2\/users\/3"}],"replies":[{"embeddable":true,"href":"https:\/\/charneux.be\/preprod\/wp-json\/wp\/v2\/comments?post=929"}],"version-history":[{"count":3,"href":"https:\/\/charneux.be\/preprod\/wp-json\/wp\/v2\/posts\/929\/revisions"}],"predecessor-version":[{"id":933,"href":"https:\/\/charneux.be\/preprod\/wp-json\/wp\/v2\/posts\/929\/revisions\/933"}],"wp:featuredmedia":[{"embeddable":true,"href":"https:\/\/charneux.be\/preprod\/wp-json\/wp\/v2\/media\/930"}],"wp:attachment":[{"href":"https:\/\/charneux.be\/preprod\/wp-json\/wp\/v2\/media?parent=929"}],"wp:term":[{"taxonomy":"category","embeddable":true,"href":"https:\/\/charneux.be\/preprod\/wp-json\/wp\/v2\/categories?post=929"},{"taxonomy":"post_tag","embeddable":true,"href":"https:\/\/charneux.be\/preprod\/wp-json\/wp\/v2\/tags?post=929"}],"curies":[{"name":"wp","href":"https:\/\/api.w.org\/{rel}","templated":true}]}}