{"id":971,"date":"2022-03-10T10:12:35","date_gmt":"2022-03-10T09:12:35","guid":{"rendered":"http:\/\/charneux.be\/wordpress\/?p=971"},"modified":"2022-03-10T10:12:35","modified_gmt":"2022-03-10T09:12:35","slug":"le-petit-prince-veille-sur-notre-ecole","status":"publish","type":"post","link":"https:\/\/charneux.be\/preprod\/le-petit-prince-veille-sur-notre-ecole\/","title":{"rendered":"Le Petit Prince veille sur notre \u00e9cole"},"content":{"rendered":"<p>Mariette, une institutrice de 1\u00e8re ann\u00e9e, a peint un magnifique dessin du Petit Prince sur le mur de notre \u00e9cole \u00e0 c\u00f4t\u00e9 du bac \u00e0 sable.<\/p>\n<p>Mariette est d\u00e9finitivement l&rsquo;artiste de notre \u00e9cole. Merci \u00e0 elle.<\/p>\n<p><a href=\"http:\/\/charneux.be\/wordpress\/wp-content\/uploads\/2022\/03\/20220307_134725-2-scaled.jpg\"><img fetchpriority=\"high\" decoding=\"async\" class=\"alignnone  wp-image-972\" src=\"http:\/\/charneux.be\/wordpress\/wp-content\/uploads\/2022\/03\/20220307_134725-2-201x300.jpg\" alt=\"\" width=\"220\" height=\"329\" srcset=\"https:\/\/charneux.be\/preprod\/wp-content\/uploads\/2022\/03\/20220307_134725-2-201x300.jpg 201w, https:\/\/charneux.be\/preprod\/wp-content\/uploads\/2022\/03\/20220307_134725-2-687x1024.jpg 687w, https:\/\/charneux.be\/preprod\/wp-content\/uploads\/2022\/03\/20220307_134725-2-768x1144.jpg 768w, https:\/\/charneux.be\/preprod\/wp-content\/uploads\/2022\/03\/20220307_134725-2-1031x1536.jpg 1031w, https:\/\/charneux.be\/preprod\/wp-content\/uploads\/2022\/03\/20220307_134725-2-1375x2048.jpg 1375w, https:\/\/charneux.be\/preprod\/wp-content\/uploads\/2022\/03\/20220307_134725-2-750x1117.jpg 750w, https:\/\/charneux.be\/preprod\/wp-content\/uploads\/2022\/03\/20220307_134725-2-scaled.jpg 1718w\" sizes=\"(max-width: 220px) 100vw, 220px\" \/><\/a><\/p>\n","protected":false},"excerpt":{"rendered":"<p>Mariette, une institutrice de 1\u00e8re ann\u00e9e, a peint un magnifique dessin du Petit Prince sur le mur de notre \u00e9cole \u00e0 c\u00f4t\u00e9 du bac \u00e0 sable. Mariette est d\u00e9finitivement l&rsquo;artiste de notre \u00e9cole. Merci \u00e0 elle.<\/p>\n","protected":false},"author":28,"featured_media":0,"comment_status":"closed","ping_status":"open","sticky":false,"template":"","format":"standard","meta":{"footnotes":""},"categories":[1],"tags":[],"class_list":["post-971","post","type-post","status-publish","format-standard","hentry","category-non-classe"],"yoast_head":"<!-- This site is optimized with the Yoast SEO plugin v23.6 - https:\/\/yoast.com\/wordpress\/plugins\/seo\/ -->\n<title>Le Petit Prince veille sur notre \u00e9cole - Charneux<\/title>\n<meta name=\"robots\" content=\"noindex, follow, max-snippet:-1, max-image-preview:large, max-video-preview:-1\" \/>\n<meta property=\"og:locale\" content=\"fr_FR\" \/>\n<meta property=\"og:type\" content=\"article\" \/>\n<meta property=\"og:title\" content=\"Le Petit Prince veille sur notre \u00e9cole - Charneux\" \/>\n<meta property=\"og:description\" content=\"Mariette, une institutrice de 1\u00e8re ann\u00e9e, a peint un magnifique dessin du Petit Prince sur le mur de notre \u00e9cole \u00e0 c\u00f4t\u00e9 du bac \u00e0 sable. Mariette est d\u00e9finitivement l&rsquo;artiste de notre \u00e9cole. Merci \u00e0 elle.\" \/>\n<meta property=\"og:url\" content=\"https:\/\/charneux.be\/preprod\/le-petit-prince-veille-sur-notre-ecole\/\" \/>\n<meta property=\"og:site_name\" content=\"Charneux\" \/>\n<meta property=\"article:published_time\" content=\"2022-03-10T09:12:35+00:00\" \/>\n<meta property=\"og:image\" content=\"http:\/\/charneux.be\/wordpress\/wp-content\/uploads\/2022\/03\/20220307_134725-2-201x300.jpg\" \/>\n<meta name=\"author\" content=\"Laurent Flavion\" \/>\n<meta name=\"twitter:label1\" content=\"\u00c9crit par\" \/>\n\t<meta name=\"twitter:data1\" content=\"Laurent Flavion\" \/>\n<script type=\"application\/ld+json\" class=\"yoast-schema-graph\">{\"@context\":\"https:\/\/schema.org\",\"@graph\":[{\"@type\":\"Article\",\"@id\":\"https:\/\/charneux.be\/preprod\/le-petit-prince-veille-sur-notre-ecole\/#article\",\"isPartOf\":{\"@id\":\"https:\/\/charneux.be\/preprod\/le-petit-prince-veille-sur-notre-ecole\/\"},\"author\":{\"name\":\"Laurent Flavion\",\"@id\":\"https:\/\/charneux.be\/preprod\/#\/schema\/person\/43e4a05d0316c3e83f894e6f0efade6f\"},\"headline\":\"Le Petit Prince veille sur notre \u00e9cole\",\"datePublished\":\"2022-03-10T09:12:35+00:00\",\"dateModified\":\"2022-03-10T09:12:35+00:00\",\"mainEntityOfPage\":{\"@id\":\"https:\/\/charneux.be\/preprod\/le-petit-prince-veille-sur-notre-ecole\/\"},\"wordCount\":44,\"publisher\":{\"@id\":\"https:\/\/charneux.be\/preprod\/#organization\"},\"image\":{\"@id\":\"https:\/\/charneux.be\/preprod\/le-petit-prince-veille-sur-notre-ecole\/#primaryimage\"},\"thumbnailUrl\":\"http:\/\/charneux.be\/wordpress\/wp-content\/uploads\/2022\/03\/20220307_134725-2-201x300.jpg\",\"inLanguage\":\"fr-FR\"},{\"@type\":\"WebPage\",\"@id\":\"https:\/\/charneux.be\/preprod\/le-petit-prince-veille-sur-notre-ecole\/\",\"url\":\"https:\/\/charneux.be\/preprod\/le-petit-prince-veille-sur-notre-ecole\/\",\"name\":\"Le Petit Prince veille sur notre \u00e9cole - Charneux\",\"isPartOf\":{\"@id\":\"https:\/\/charneux.be\/preprod\/#website\"},\"primaryImageOfPage\":{\"@id\":\"https:\/\/charneux.be\/preprod\/le-petit-prince-veille-sur-notre-ecole\/#primaryimage\"},\"image\":{\"@id\":\"https:\/\/charneux.be\/preprod\/le-petit-prince-veille-sur-notre-ecole\/#primaryimage\"},\"thumbnailUrl\":\"http:\/\/charneux.be\/wordpress\/wp-content\/uploads\/2022\/03\/20220307_134725-2-201x300.jpg\",\"datePublished\":\"2022-03-10T09:12:35+00:00\",\"dateModified\":\"2022-03-10T09:12:35+00:00\",\"breadcrumb\":{\"@id\":\"https:\/\/charneux.be\/preprod\/le-petit-prince-veille-sur-notre-ecole\/#breadcrumb\"},\"inLanguage\":\"fr-FR\",\"potentialAction\":[{\"@type\":\"ReadAction\",\"target\":[\"https:\/\/charneux.be\/preprod\/le-petit-prince-veille-sur-notre-ecole\/\"]}]},{\"@type\":\"ImageObject\",\"inLanguage\":\"fr-FR\",\"@id\":\"https:\/\/charneux.be\/preprod\/le-petit-prince-veille-sur-notre-ecole\/#primaryimage\",\"url\":\"http:\/\/charneux.be\/wordpress\/wp-content\/uploads\/2022\/03\/20220307_134725-2-201x300.jpg\",\"contentUrl\":\"http:\/\/charneux.be\/wordpress\/wp-content\/uploads\/2022\/03\/20220307_134725-2-201x300.jpg\"},{\"@type\":\"BreadcrumbList\",\"@id\":\"https:\/\/charneux.be\/preprod\/le-petit-prince-veille-sur-notre-ecole\/#breadcrumb\",\"itemListElement\":[{\"@type\":\"ListItem\",\"position\":1,\"name\":\"Accueil\",\"item\":\"https:\/\/charneux.be\/preprod\/\"},{\"@type\":\"ListItem\",\"position\":2,\"name\":\"Le Petit Prince veille sur notre \u00e9cole\"}]},{\"@type\":\"WebSite\",\"@id\":\"https:\/\/charneux.be\/preprod\/#website\",\"url\":\"https:\/\/charneux.be\/preprod\/\",\"name\":\"Charneux\",\"description\":\"\",\"publisher\":{\"@id\":\"https:\/\/charneux.be\/preprod\/#organization\"},\"potentialAction\":[{\"@type\":\"SearchAction\",\"target\":{\"@type\":\"EntryPoint\",\"urlTemplate\":\"https:\/\/charneux.be\/preprod\/?s={search_term_string}\"},\"query-input\":{\"@type\":\"PropertyValueSpecification\",\"valueRequired\":true,\"valueName\":\"search_term_string\"}}],\"inLanguage\":\"fr-FR\"},{\"@type\":\"Organization\",\"@id\":\"https:\/\/charneux.be\/preprod\/#organization\",\"name\":\"Ecole libre de Charneux\",\"url\":\"https:\/\/charneux.be\/preprod\/\",\"logo\":{\"@type\":\"ImageObject\",\"inLanguage\":\"fr-FR\",\"@id\":\"https:\/\/charneux.be\/preprod\/#\/schema\/logo\/image\/\",\"url\":\"https:\/\/charneux.be\/preprod\/wp-content\/uploads\/2024\/08\/cropped-Logo-bleu.png\",\"contentUrl\":\"https:\/\/charneux.be\/preprod\/wp-content\/uploads\/2024\/08\/cropped-Logo-bleu.png\",\"width\":480,\"height\":799,\"caption\":\"Ecole libre de Charneux\"},\"image\":{\"@id\":\"https:\/\/charneux.be\/preprod\/#\/schema\/logo\/image\/\"}},{\"@type\":\"Person\",\"@id\":\"https:\/\/charneux.be\/preprod\/#\/schema\/person\/43e4a05d0316c3e83f894e6f0efade6f\",\"name\":\"Laurent Flavion\",\"image\":{\"@type\":\"ImageObject\",\"inLanguage\":\"fr-FR\",\"@id\":\"https:\/\/charneux.be\/preprod\/#\/schema\/person\/image\/\",\"url\":\"https:\/\/secure.gravatar.com\/avatar\/8f6aef73a744eddd03c9cfab9778ba69e0d74f9aed159b8a60517b7119b1f0d3?s=96&d=mm&r=g\",\"contentUrl\":\"https:\/\/secure.gravatar.com\/avatar\/8f6aef73a744eddd03c9cfab9778ba69e0d74f9aed159b8a60517b7119b1f0d3?s=96&d=mm&r=g\",\"caption\":\"Laurent Flavion\"},\"url\":\"https:\/\/charneux.be\/preprod\/author\/laurent\/\"}]}<\/script>\n<!-- \/ Yoast SEO plugin. -->","yoast_head_json":{"title":"Le Petit Prince veille sur notre \u00e9cole - Charneux","robots":{"index":"noindex","follow":"follow","max-snippet":"max-snippet:-1","max-image-preview":"max-image-preview:large","max-video-preview":"max-video-preview:-1"},"og_locale":"fr_FR","og_type":"article","og_title":"Le Petit Prince veille sur notre \u00e9cole - Charneux","og_description":"Mariette, une institutrice de 1\u00e8re ann\u00e9e, a peint un magnifique dessin du Petit Prince sur le mur de notre \u00e9cole \u00e0 c\u00f4t\u00e9 du bac \u00e0 sable. Mariette est d\u00e9finitivement l&rsquo;artiste de notre \u00e9cole. Merci \u00e0 elle.","og_url":"https:\/\/charneux.be\/preprod\/le-petit-prince-veille-sur-notre-ecole\/","og_site_name":"Charneux","article_published_time":"2022-03-10T09:12:35+00:00","og_image":[{"url":"http:\/\/charneux.be\/wordpress\/wp-content\/uploads\/2022\/03\/20220307_134725-2-201x300.jpg"}],"author":"Laurent Flavion","twitter_misc":{"\u00c9crit par":"Laurent Flavion"},"schema":{"@context":"https:\/\/schema.org","@graph":[{"@type":"Article","@id":"https:\/\/charneux.be\/preprod\/le-petit-prince-veille-sur-notre-ecole\/#article","isPartOf":{"@id":"https:\/\/charneux.be\/preprod\/le-petit-prince-veille-sur-notre-ecole\/"},"author":{"name":"Laurent Flavion","@id":"https:\/\/charneux.be\/preprod\/#\/schema\/person\/43e4a05d0316c3e83f894e6f0efade6f"},"headline":"Le Petit Prince veille sur notre \u00e9cole","datePublished":"2022-03-10T09:12:35+00:00","dateModified":"2022-03-10T09:12:35+00:00","mainEntityOfPage":{"@id":"https:\/\/charneux.be\/preprod\/le-petit-prince-veille-sur-notre-ecole\/"},"wordCount":44,"publisher":{"@id":"https:\/\/charneux.be\/preprod\/#organization"},"image":{"@id":"https:\/\/charneux.be\/preprod\/le-petit-prince-veille-sur-notre-ecole\/#primaryimage"},"thumbnailUrl":"http:\/\/charneux.be\/wordpress\/wp-content\/uploads\/2022\/03\/20220307_134725-2-201x300.jpg","inLanguage":"fr-FR"},{"@type":"WebPage","@id":"https:\/\/charneux.be\/preprod\/le-petit-prince-veille-sur-notre-ecole\/","url":"https:\/\/charneux.be\/preprod\/le-petit-prince-veille-sur-notre-ecole\/","name":"Le Petit Prince veille sur notre \u00e9cole - Charneux","isPartOf":{"@id":"https:\/\/charneux.be\/preprod\/#website"},"primaryImageOfPage":{"@id":"https:\/\/charneux.be\/preprod\/le-petit-prince-veille-sur-notre-ecole\/#primaryimage"},"image":{"@id":"https:\/\/charneux.be\/preprod\/le-petit-prince-veille-sur-notre-ecole\/#primaryimage"},"thumbnailUrl":"http:\/\/charneux.be\/wordpress\/wp-content\/uploads\/2022\/03\/20220307_134725-2-201x300.jpg","datePublished":"2022-03-10T09:12:35+00:00","dateModified":"2022-03-10T09:12:35+00:00","breadcrumb":{"@id":"https:\/\/charneux.be\/preprod\/le-petit-prince-veille-sur-notre-ecole\/#breadcrumb"},"inLanguage":"fr-FR","potentialAction":[{"@type":"ReadAction","target":["https:\/\/charneux.be\/preprod\/le-petit-prince-veille-sur-notre-ecole\/"]}]},{"@type":"ImageObject","inLanguage":"fr-FR","@id":"https:\/\/charneux.be\/preprod\/le-petit-prince-veille-sur-notre-ecole\/#primaryimage","url":"http:\/\/charneux.be\/wordpress\/wp-content\/uploads\/2022\/03\/20220307_134725-2-201x300.jpg","contentUrl":"http:\/\/charneux.be\/wordpress\/wp-content\/uploads\/2022\/03\/20220307_134725-2-201x300.jpg"},{"@type":"BreadcrumbList","@id":"https:\/\/charneux.be\/preprod\/le-petit-prince-veille-sur-notre-ecole\/#breadcrumb","itemListElement":[{"@type":"ListItem","position":1,"name":"Accueil","item":"https:\/\/charneux.be\/preprod\/"},{"@type":"ListItem","position":2,"name":"Le Petit Prince veille sur notre \u00e9cole"}]},{"@type":"WebSite","@id":"https:\/\/charneux.be\/preprod\/#website","url":"https:\/\/charneux.be\/preprod\/","name":"Charneux","description":"","publisher":{"@id":"https:\/\/charneux.be\/preprod\/#organization"},"potentialAction":[{"@type":"SearchAction","target":{"@type":"EntryPoint","urlTemplate":"https:\/\/charneux.be\/preprod\/?s={search_term_string}"},"query-input":{"@type":"PropertyValueSpecification","valueRequired":true,"valueName":"search_term_string"}}],"inLanguage":"fr-FR"},{"@type":"Organization","@id":"https:\/\/charneux.be\/preprod\/#organization","name":"Ecole libre de Charneux","url":"https:\/\/charneux.be\/preprod\/","logo":{"@type":"ImageObject","inLanguage":"fr-FR","@id":"https:\/\/charneux.be\/preprod\/#\/schema\/logo\/image\/","url":"https:\/\/charneux.be\/preprod\/wp-content\/uploads\/2024\/08\/cropped-Logo-bleu.png","contentUrl":"https:\/\/charneux.be\/preprod\/wp-content\/uploads\/2024\/08\/cropped-Logo-bleu.png","width":480,"height":799,"caption":"Ecole libre de Charneux"},"image":{"@id":"https:\/\/charneux.be\/preprod\/#\/schema\/logo\/image\/"}},{"@type":"Person","@id":"https:\/\/charneux.be\/preprod\/#\/schema\/person\/43e4a05d0316c3e83f894e6f0efade6f","name":"Laurent Flavion","image":{"@type":"ImageObject","inLanguage":"fr-FR","@id":"https:\/\/charneux.be\/preprod\/#\/schema\/person\/image\/","url":"https:\/\/secure.gravatar.com\/avatar\/8f6aef73a744eddd03c9cfab9778ba69e0d74f9aed159b8a60517b7119b1f0d3?s=96&d=mm&r=g","contentUrl":"https:\/\/secure.gravatar.com\/avatar\/8f6aef73a744eddd03c9cfab9778ba69e0d74f9aed159b8a60517b7119b1f0d3?s=96&d=mm&r=g","caption":"Laurent Flavion"},"url":"https:\/\/charneux.be\/preprod\/author\/laurent\/"}]}},"_links":{"self":[{"href":"https:\/\/charneux.be\/preprod\/wp-json\/wp\/v2\/posts\/971","targetHints":{"allow":["GET"]}}],"collection":[{"href":"https:\/\/charneux.be\/preprod\/wp-json\/wp\/v2\/posts"}],"about":[{"href":"https:\/\/charneux.be\/preprod\/wp-json\/wp\/v2\/types\/post"}],"author":[{"embeddable":true,"href":"https:\/\/charneux.be\/preprod\/wp-json\/wp\/v2\/users\/28"}],"replies":[{"embeddable":true,"href":"https:\/\/charneux.be\/preprod\/wp-json\/wp\/v2\/comments?post=971"}],"version-history":[{"count":1,"href":"https:\/\/charneux.be\/preprod\/wp-json\/wp\/v2\/posts\/971\/revisions"}],"predecessor-version":[{"id":973,"href":"https:\/\/charneux.be\/preprod\/wp-json\/wp\/v2\/posts\/971\/revisions\/973"}],"wp:attachment":[{"href":"https:\/\/charneux.be\/preprod\/wp-json\/wp\/v2\/media?parent=971"}],"wp:term":[{"taxonomy":"category","embeddable":true,"href":"https:\/\/charneux.be\/preprod\/wp-json\/wp\/v2\/categories?post=971"},{"taxonomy":"post_tag","embeddable":true,"href":"https:\/\/charneux.be\/preprod\/wp-json\/wp\/v2\/tags?post=971"}],"curies":[{"name":"wp","href":"https:\/\/api.w.org\/{rel}","templated":true}]}}