{"id":986,"date":"2022-04-30T20:15:43","date_gmt":"2022-04-30T19:15:43","guid":{"rendered":"http:\/\/charneux.be\/wordpress\/?p=986"},"modified":"2022-04-30T20:15:43","modified_gmt":"2022-04-30T19:15:43","slug":"journee-a-liege-avec-les-5e-et-6e-2","status":"publish","type":"post","link":"https:\/\/charneux.be\/preprod\/journee-a-liege-avec-les-5e-et-6e-2\/","title":{"rendered":"Journ\u00e9e \u00e0 Li\u00e8ge avec les 5e et 6e"},"content":{"rendered":"<p>Ce jeudi 28 avril, les \u00e9l\u00e8ves de 5e et 6e se sont rendus \u00e0 Li\u00e8ge pour 2 visites passionnantes.<\/p>\n<p>La premi\u00e8re : la RTBF et ses studios &#8230; Avec (cerise sur le g\u00e2teau) la rencontre avec l&rsquo;animateur vedette des Niouzz et un passage dans l&rsquo;\u00e9mission du jour.<\/p>\n<p>La deuxi\u00e8me : la maison de la Science et ses exp\u00e9riences sur le th\u00e8me de l&rsquo;\u00e9lectricit\u00e9 et de la pression atmosph\u00e9rique.<\/p>\n<p>Merci pour cette belle journ\u00e9e remplie de d\u00e9couvertes !<\/p>\n<p><a href=\"http:\/\/charneux.be\/wordpress\/wp-content\/uploads\/2022\/04\/IMG_20220428_104052-scaled.jpg\"><img fetchpriority=\"high\" decoding=\"async\" class=\"alignnone size-medium wp-image-987\" src=\"http:\/\/charneux.be\/wordpress\/wp-content\/uploads\/2022\/04\/IMG_20220428_104052-300x225.jpg\" alt=\"\" width=\"300\" height=\"225\" srcset=\"https:\/\/charneux.be\/preprod\/wp-content\/uploads\/2022\/04\/IMG_20220428_104052-300x225.jpg 300w, https:\/\/charneux.be\/preprod\/wp-content\/uploads\/2022\/04\/IMG_20220428_104052-1024x768.jpg 1024w, https:\/\/charneux.be\/preprod\/wp-content\/uploads\/2022\/04\/IMG_20220428_104052-768x576.jpg 768w, https:\/\/charneux.be\/preprod\/wp-content\/uploads\/2022\/04\/IMG_20220428_104052-1536x1152.jpg 1536w, https:\/\/charneux.be\/preprod\/wp-content\/uploads\/2022\/04\/IMG_20220428_104052-2048x1536.jpg 2048w, https:\/\/charneux.be\/preprod\/wp-content\/uploads\/2022\/04\/IMG_20220428_104052-750x563.jpg 750w\" sizes=\"(max-width: 300px) 100vw, 300px\" \/><\/a> <a href=\"http:\/\/charneux.be\/wordpress\/wp-content\/uploads\/2022\/04\/IMG_20220428_112246-scaled.jpg\"><img decoding=\"async\" class=\"alignnone size-medium wp-image-989\" src=\"http:\/\/charneux.be\/wordpress\/wp-content\/uploads\/2022\/04\/IMG_20220428_112246-300x225.jpg\" alt=\"\" width=\"300\" height=\"225\" srcset=\"https:\/\/charneux.be\/preprod\/wp-content\/uploads\/2022\/04\/IMG_20220428_112246-300x225.jpg 300w, https:\/\/charneux.be\/preprod\/wp-content\/uploads\/2022\/04\/IMG_20220428_112246-1024x768.jpg 1024w, https:\/\/charneux.be\/preprod\/wp-content\/uploads\/2022\/04\/IMG_20220428_112246-768x576.jpg 768w, https:\/\/charneux.be\/preprod\/wp-content\/uploads\/2022\/04\/IMG_20220428_112246-1536x1152.jpg 1536w, https:\/\/charneux.be\/preprod\/wp-content\/uploads\/2022\/04\/IMG_20220428_112246-2048x1536.jpg 2048w, https:\/\/charneux.be\/preprod\/wp-content\/uploads\/2022\/04\/IMG_20220428_112246-750x563.jpg 750w\" sizes=\"(max-width: 300px) 100vw, 300px\" \/><\/a> <a href=\"http:\/\/charneux.be\/wordpress\/wp-content\/uploads\/2022\/04\/IMG_20220428_112328-scaled.jpg\"><img decoding=\"async\" class=\"alignnone size-medium wp-image-990\" src=\"http:\/\/charneux.be\/wordpress\/wp-content\/uploads\/2022\/04\/IMG_20220428_112328-300x225.jpg\" alt=\"\" width=\"300\" height=\"225\" srcset=\"https:\/\/charneux.be\/preprod\/wp-content\/uploads\/2022\/04\/IMG_20220428_112328-300x225.jpg 300w, https:\/\/charneux.be\/preprod\/wp-content\/uploads\/2022\/04\/IMG_20220428_112328-1024x768.jpg 1024w, https:\/\/charneux.be\/preprod\/wp-content\/uploads\/2022\/04\/IMG_20220428_112328-768x576.jpg 768w, https:\/\/charneux.be\/preprod\/wp-content\/uploads\/2022\/04\/IMG_20220428_112328-1536x1152.jpg 1536w, https:\/\/charneux.be\/preprod\/wp-content\/uploads\/2022\/04\/IMG_20220428_112328-2048x1536.jpg 2048w, https:\/\/charneux.be\/preprod\/wp-content\/uploads\/2022\/04\/IMG_20220428_112328-750x563.jpg 750w\" sizes=\"(max-width: 300px) 100vw, 300px\" \/><\/a> <a href=\"http:\/\/charneux.be\/wordpress\/wp-content\/uploads\/2022\/04\/IMG_20220428_113856-scaled.jpg\"><img loading=\"lazy\" decoding=\"async\" class=\"alignnone size-medium wp-image-991\" src=\"http:\/\/charneux.be\/wordpress\/wp-content\/uploads\/2022\/04\/IMG_20220428_113856-300x225.jpg\" alt=\"\" width=\"300\" height=\"225\" srcset=\"https:\/\/charneux.be\/preprod\/wp-content\/uploads\/2022\/04\/IMG_20220428_113856-300x225.jpg 300w, https:\/\/charneux.be\/preprod\/wp-content\/uploads\/2022\/04\/IMG_20220428_113856-1024x768.jpg 1024w, https:\/\/charneux.be\/preprod\/wp-content\/uploads\/2022\/04\/IMG_20220428_113856-768x576.jpg 768w, https:\/\/charneux.be\/preprod\/wp-content\/uploads\/2022\/04\/IMG_20220428_113856-1536x1152.jpg 1536w, https:\/\/charneux.be\/preprod\/wp-content\/uploads\/2022\/04\/IMG_20220428_113856-2048x1536.jpg 2048w, https:\/\/charneux.be\/preprod\/wp-content\/uploads\/2022\/04\/IMG_20220428_113856-750x563.jpg 750w\" sizes=\"(max-width: 300px) 100vw, 300px\" \/><\/a> <a href=\"http:\/\/charneux.be\/wordpress\/wp-content\/uploads\/2022\/04\/IMG_20220428_115456-scaled.jpg\"><img loading=\"lazy\" decoding=\"async\" class=\"alignnone size-medium wp-image-994\" src=\"http:\/\/charneux.be\/wordpress\/wp-content\/uploads\/2022\/04\/IMG_20220428_115456-300x225.jpg\" alt=\"\" width=\"300\" height=\"225\" srcset=\"https:\/\/charneux.be\/preprod\/wp-content\/uploads\/2022\/04\/IMG_20220428_115456-300x225.jpg 300w, https:\/\/charneux.be\/preprod\/wp-content\/uploads\/2022\/04\/IMG_20220428_115456-1024x768.jpg 1024w, https:\/\/charneux.be\/preprod\/wp-content\/uploads\/2022\/04\/IMG_20220428_115456-768x576.jpg 768w, https:\/\/charneux.be\/preprod\/wp-content\/uploads\/2022\/04\/IMG_20220428_115456-1536x1152.jpg 1536w, https:\/\/charneux.be\/preprod\/wp-content\/uploads\/2022\/04\/IMG_20220428_115456-2048x1536.jpg 2048w, https:\/\/charneux.be\/preprod\/wp-content\/uploads\/2022\/04\/IMG_20220428_115456-750x563.jpg 750w\" sizes=\"(max-width: 300px) 100vw, 300px\" \/><\/a> <a href=\"http:\/\/charneux.be\/wordpress\/wp-content\/uploads\/2022\/04\/IMG_20220428_120102-scaled.jpg\"><img loading=\"lazy\" decoding=\"async\" class=\"alignnone size-medium wp-image-996\" src=\"http:\/\/charneux.be\/wordpress\/wp-content\/uploads\/2022\/04\/IMG_20220428_120102-300x225.jpg\" alt=\"\" width=\"300\" height=\"225\" srcset=\"https:\/\/charneux.be\/preprod\/wp-content\/uploads\/2022\/04\/IMG_20220428_120102-300x225.jpg 300w, https:\/\/charneux.be\/preprod\/wp-content\/uploads\/2022\/04\/IMG_20220428_120102-1024x768.jpg 1024w, https:\/\/charneux.be\/preprod\/wp-content\/uploads\/2022\/04\/IMG_20220428_120102-768x576.jpg 768w, https:\/\/charneux.be\/preprod\/wp-content\/uploads\/2022\/04\/IMG_20220428_120102-1536x1152.jpg 1536w, https:\/\/charneux.be\/preprod\/wp-content\/uploads\/2022\/04\/IMG_20220428_120102-2048x1536.jpg 2048w, https:\/\/charneux.be\/preprod\/wp-content\/uploads\/2022\/04\/IMG_20220428_120102-750x563.jpg 750w\" sizes=\"(max-width: 300px) 100vw, 300px\" \/><\/a> <a href=\"http:\/\/charneux.be\/wordpress\/wp-content\/uploads\/2022\/04\/IMG_20220428_122828-scaled.jpg\"><img loading=\"lazy\" decoding=\"async\" class=\"alignnone size-medium wp-image-997\" src=\"http:\/\/charneux.be\/wordpress\/wp-content\/uploads\/2022\/04\/IMG_20220428_122828-300x225.jpg\" alt=\"\" width=\"300\" height=\"225\" srcset=\"https:\/\/charneux.be\/preprod\/wp-content\/uploads\/2022\/04\/IMG_20220428_122828-300x225.jpg 300w, https:\/\/charneux.be\/preprod\/wp-content\/uploads\/2022\/04\/IMG_20220428_122828-1024x768.jpg 1024w, https:\/\/charneux.be\/preprod\/wp-content\/uploads\/2022\/04\/IMG_20220428_122828-768x576.jpg 768w, https:\/\/charneux.be\/preprod\/wp-content\/uploads\/2022\/04\/IMG_20220428_122828-1536x1152.jpg 1536w, https:\/\/charneux.be\/preprod\/wp-content\/uploads\/2022\/04\/IMG_20220428_122828-2048x1536.jpg 2048w, https:\/\/charneux.be\/preprod\/wp-content\/uploads\/2022\/04\/IMG_20220428_122828-750x563.jpg 750w\" sizes=\"(max-width: 300px) 100vw, 300px\" \/><\/a> <a href=\"http:\/\/charneux.be\/wordpress\/wp-content\/uploads\/2022\/04\/IMG_20220428_130303-scaled.jpg\"><img loading=\"lazy\" decoding=\"async\" class=\"alignnone size-medium wp-image-999\" src=\"http:\/\/charneux.be\/wordpress\/wp-content\/uploads\/2022\/04\/IMG_20220428_130303-300x225.jpg\" alt=\"\" width=\"300\" height=\"225\" srcset=\"https:\/\/charneux.be\/preprod\/wp-content\/uploads\/2022\/04\/IMG_20220428_130303-300x225.jpg 300w, https:\/\/charneux.be\/preprod\/wp-content\/uploads\/2022\/04\/IMG_20220428_130303-1024x768.jpg 1024w, https:\/\/charneux.be\/preprod\/wp-content\/uploads\/2022\/04\/IMG_20220428_130303-768x576.jpg 768w, https:\/\/charneux.be\/preprod\/wp-content\/uploads\/2022\/04\/IMG_20220428_130303-1536x1152.jpg 1536w, https:\/\/charneux.be\/preprod\/wp-content\/uploads\/2022\/04\/IMG_20220428_130303-2048x1536.jpg 2048w, https:\/\/charneux.be\/preprod\/wp-content\/uploads\/2022\/04\/IMG_20220428_130303-750x563.jpg 750w\" sizes=\"(max-width: 300px) 100vw, 300px\" \/><\/a> <a href=\"http:\/\/charneux.be\/wordpress\/wp-content\/uploads\/2022\/04\/IMG_20220428_130334-scaled.jpg\"><img loading=\"lazy\" decoding=\"async\" class=\"alignnone size-medium wp-image-1000\" src=\"http:\/\/charneux.be\/wordpress\/wp-content\/uploads\/2022\/04\/IMG_20220428_130334-300x225.jpg\" alt=\"\" width=\"300\" height=\"225\" srcset=\"https:\/\/charneux.be\/preprod\/wp-content\/uploads\/2022\/04\/IMG_20220428_130334-300x225.jpg 300w, https:\/\/charneux.be\/preprod\/wp-content\/uploads\/2022\/04\/IMG_20220428_130334-1024x768.jpg 1024w, https:\/\/charneux.be\/preprod\/wp-content\/uploads\/2022\/04\/IMG_20220428_130334-768x576.jpg 768w, https:\/\/charneux.be\/preprod\/wp-content\/uploads\/2022\/04\/IMG_20220428_130334-1536x1152.jpg 1536w, https:\/\/charneux.be\/preprod\/wp-content\/uploads\/2022\/04\/IMG_20220428_130334-2048x1536.jpg 2048w, https:\/\/charneux.be\/preprod\/wp-content\/uploads\/2022\/04\/IMG_20220428_130334-750x563.jpg 750w\" sizes=\"(max-width: 300px) 100vw, 300px\" \/><\/a> <a href=\"http:\/\/charneux.be\/wordpress\/wp-content\/uploads\/2022\/04\/IMG_20220428_132458-scaled.jpg\"><img loading=\"lazy\" decoding=\"async\" class=\"alignnone size-medium wp-image-1001\" src=\"http:\/\/charneux.be\/wordpress\/wp-content\/uploads\/2022\/04\/IMG_20220428_132458-300x225.jpg\" alt=\"\" width=\"300\" height=\"225\" srcset=\"https:\/\/charneux.be\/preprod\/wp-content\/uploads\/2022\/04\/IMG_20220428_132458-300x225.jpg 300w, https:\/\/charneux.be\/preprod\/wp-content\/uploads\/2022\/04\/IMG_20220428_132458-1024x768.jpg 1024w, https:\/\/charneux.be\/preprod\/wp-content\/uploads\/2022\/04\/IMG_20220428_132458-768x576.jpg 768w, https:\/\/charneux.be\/preprod\/wp-content\/uploads\/2022\/04\/IMG_20220428_132458-1536x1152.jpg 1536w, https:\/\/charneux.be\/preprod\/wp-content\/uploads\/2022\/04\/IMG_20220428_132458-2048x1536.jpg 2048w, https:\/\/charneux.be\/preprod\/wp-content\/uploads\/2022\/04\/IMG_20220428_132458-750x563.jpg 750w\" sizes=\"(max-width: 300px) 100vw, 300px\" \/><\/a> <a href=\"http:\/\/charneux.be\/wordpress\/wp-content\/uploads\/2022\/04\/IMG_20220428_133426-scaled.jpg\"><img loading=\"lazy\" decoding=\"async\" class=\"alignnone size-medium wp-image-1002\" src=\"http:\/\/charneux.be\/wordpress\/wp-content\/uploads\/2022\/04\/IMG_20220428_133426-300x225.jpg\" alt=\"\" width=\"300\" height=\"225\" srcset=\"https:\/\/charneux.be\/preprod\/wp-content\/uploads\/2022\/04\/IMG_20220428_133426-300x225.jpg 300w, https:\/\/charneux.be\/preprod\/wp-content\/uploads\/2022\/04\/IMG_20220428_133426-1024x768.jpg 1024w, https:\/\/charneux.be\/preprod\/wp-content\/uploads\/2022\/04\/IMG_20220428_133426-768x576.jpg 768w, https:\/\/charneux.be\/preprod\/wp-content\/uploads\/2022\/04\/IMG_20220428_133426-1536x1152.jpg 1536w, https:\/\/charneux.be\/preprod\/wp-content\/uploads\/2022\/04\/IMG_20220428_133426-2048x1536.jpg 2048w, https:\/\/charneux.be\/preprod\/wp-content\/uploads\/2022\/04\/IMG_20220428_133426-750x563.jpg 750w\" sizes=\"(max-width: 300px) 100vw, 300px\" \/><\/a> <a href=\"http:\/\/charneux.be\/wordpress\/wp-content\/uploads\/2022\/04\/IMG_20220428_135843-scaled.jpg\"><img loading=\"lazy\" decoding=\"async\" class=\"alignnone size-medium wp-image-1003\" src=\"http:\/\/charneux.be\/wordpress\/wp-content\/uploads\/2022\/04\/IMG_20220428_135843-300x225.jpg\" alt=\"\" width=\"300\" height=\"225\" srcset=\"https:\/\/charneux.be\/preprod\/wp-content\/uploads\/2022\/04\/IMG_20220428_135843-300x225.jpg 300w, https:\/\/charneux.be\/preprod\/wp-content\/uploads\/2022\/04\/IMG_20220428_135843-1024x768.jpg 1024w, https:\/\/charneux.be\/preprod\/wp-content\/uploads\/2022\/04\/IMG_20220428_135843-768x576.jpg 768w, https:\/\/charneux.be\/preprod\/wp-content\/uploads\/2022\/04\/IMG_20220428_135843-1536x1152.jpg 1536w, https:\/\/charneux.be\/preprod\/wp-content\/uploads\/2022\/04\/IMG_20220428_135843-2048x1536.jpg 2048w, https:\/\/charneux.be\/preprod\/wp-content\/uploads\/2022\/04\/IMG_20220428_135843-750x563.jpg 750w\" sizes=\"(max-width: 300px) 100vw, 300px\" \/><\/a> <a href=\"http:\/\/charneux.be\/wordpress\/wp-content\/uploads\/2022\/04\/IMG_20220428_141117-scaled.jpg\"><img loading=\"lazy\" decoding=\"async\" class=\"alignnone size-medium wp-image-1004\" src=\"http:\/\/charneux.be\/wordpress\/wp-content\/uploads\/2022\/04\/IMG_20220428_141117-300x225.jpg\" alt=\"\" width=\"300\" height=\"225\" srcset=\"https:\/\/charneux.be\/preprod\/wp-content\/uploads\/2022\/04\/IMG_20220428_141117-300x225.jpg 300w, https:\/\/charneux.be\/preprod\/wp-content\/uploads\/2022\/04\/IMG_20220428_141117-1024x768.jpg 1024w, https:\/\/charneux.be\/preprod\/wp-content\/uploads\/2022\/04\/IMG_20220428_141117-768x576.jpg 768w, https:\/\/charneux.be\/preprod\/wp-content\/uploads\/2022\/04\/IMG_20220428_141117-1536x1152.jpg 1536w, https:\/\/charneux.be\/preprod\/wp-content\/uploads\/2022\/04\/IMG_20220428_141117-2048x1536.jpg 2048w, https:\/\/charneux.be\/preprod\/wp-content\/uploads\/2022\/04\/IMG_20220428_141117-750x563.jpg 750w\" sizes=\"(max-width: 300px) 100vw, 300px\" \/><\/a> <a href=\"http:\/\/charneux.be\/wordpress\/wp-content\/uploads\/2022\/04\/IMG_20220428_143740-scaled.jpg\"><img loading=\"lazy\" decoding=\"async\" class=\"alignnone size-medium wp-image-1005\" src=\"http:\/\/charneux.be\/wordpress\/wp-content\/uploads\/2022\/04\/IMG_20220428_143740-300x225.jpg\" alt=\"\" width=\"300\" height=\"225\" srcset=\"https:\/\/charneux.be\/preprod\/wp-content\/uploads\/2022\/04\/IMG_20220428_143740-300x225.jpg 300w, https:\/\/charneux.be\/preprod\/wp-content\/uploads\/2022\/04\/IMG_20220428_143740-1024x768.jpg 1024w, https:\/\/charneux.be\/preprod\/wp-content\/uploads\/2022\/04\/IMG_20220428_143740-768x576.jpg 768w, https:\/\/charneux.be\/preprod\/wp-content\/uploads\/2022\/04\/IMG_20220428_143740-1536x1152.jpg 1536w, https:\/\/charneux.be\/preprod\/wp-content\/uploads\/2022\/04\/IMG_20220428_143740-2048x1536.jpg 2048w, https:\/\/charneux.be\/preprod\/wp-content\/uploads\/2022\/04\/IMG_20220428_143740-750x563.jpg 750w\" sizes=\"(max-width: 300px) 100vw, 300px\" \/><\/a><\/p>\n","protected":false},"excerpt":{"rendered":"<p>Ce jeudi 28 avril, les \u00e9l\u00e8ves de 5e et 6e se sont rendus \u00e0 Li\u00e8ge pour 2 visites passionnantes. La premi\u00e8re : la RTBF et ses studios &#8230; Avec (cerise sur le g\u00e2teau) la rencontre avec l&rsquo;animateur vedette des Niouzz et un passage dans l&rsquo;\u00e9mission du jour. La deuxi\u00e8me : la maison de la Science [&hellip;]<\/p>\n","protected":false},"author":3,"featured_media":992,"comment_status":"closed","ping_status":"open","sticky":false,"template":"","format":"standard","meta":{"footnotes":""},"categories":[1],"tags":[],"class_list":["post-986","post","type-post","status-publish","format-standard","has-post-thumbnail","hentry","category-non-classe"],"yoast_head":"<!-- This site is optimized with the Yoast SEO plugin v23.6 - https:\/\/yoast.com\/wordpress\/plugins\/seo\/ -->\n<title>Journ\u00e9e \u00e0 Li\u00e8ge avec les 5e et 6e - Charneux<\/title>\n<meta name=\"robots\" content=\"noindex, follow, max-snippet:-1, max-image-preview:large, max-video-preview:-1\" \/>\n<meta property=\"og:locale\" content=\"fr_FR\" \/>\n<meta property=\"og:type\" content=\"article\" \/>\n<meta property=\"og:title\" content=\"Journ\u00e9e \u00e0 Li\u00e8ge avec les 5e et 6e - Charneux\" \/>\n<meta property=\"og:description\" content=\"Ce jeudi 28 avril, les \u00e9l\u00e8ves de 5e et 6e se sont rendus \u00e0 Li\u00e8ge pour 2 visites passionnantes. La premi\u00e8re : la RTBF et ses studios &#8230; Avec (cerise sur le g\u00e2teau) la rencontre avec l&rsquo;animateur vedette des Niouzz et un passage dans l&rsquo;\u00e9mission du jour. La deuxi\u00e8me : la maison de la Science [&hellip;]\" \/>\n<meta property=\"og:url\" content=\"https:\/\/charneux.be\/preprod\/journee-a-liege-avec-les-5e-et-6e-2\/\" \/>\n<meta property=\"og:site_name\" content=\"Charneux\" \/>\n<meta property=\"article:published_time\" content=\"2022-04-30T19:15:43+00:00\" \/>\n<meta property=\"og:image\" content=\"https:\/\/charneux.be\/preprod\/wp-content\/uploads\/2022\/04\/IMG_20220428_114345-scaled.jpg\" \/>\n\t<meta property=\"og:image:width\" content=\"2560\" \/>\n\t<meta property=\"og:image:height\" content=\"1920\" \/>\n\t<meta property=\"og:image:type\" content=\"image\/jpeg\" \/>\n<meta name=\"author\" content=\"Gilles Collings\" \/>\n<meta name=\"twitter:label1\" content=\"\u00c9crit par\" \/>\n\t<meta name=\"twitter:data1\" content=\"Gilles Collings\" \/>\n\t<meta name=\"twitter:label2\" content=\"Dur\u00e9e de lecture estim\u00e9e\" \/>\n\t<meta name=\"twitter:data2\" content=\"4 minutes\" \/>\n<script type=\"application\/ld+json\" class=\"yoast-schema-graph\">{\"@context\":\"https:\/\/schema.org\",\"@graph\":[{\"@type\":\"Article\",\"@id\":\"https:\/\/charneux.be\/preprod\/journee-a-liege-avec-les-5e-et-6e-2\/#article\",\"isPartOf\":{\"@id\":\"https:\/\/charneux.be\/preprod\/journee-a-liege-avec-les-5e-et-6e-2\/\"},\"author\":{\"name\":\"Gilles Collings\",\"@id\":\"https:\/\/charneux.be\/preprod\/#\/schema\/person\/0b1651317d01999c5d965686422d77cb\"},\"headline\":\"Journ\u00e9e \u00e0 Li\u00e8ge avec les 5e et 6e\",\"datePublished\":\"2022-04-30T19:15:43+00:00\",\"dateModified\":\"2022-04-30T19:15:43+00:00\",\"mainEntityOfPage\":{\"@id\":\"https:\/\/charneux.be\/preprod\/journee-a-liege-avec-les-5e-et-6e-2\/\"},\"wordCount\":92,\"publisher\":{\"@id\":\"https:\/\/charneux.be\/preprod\/#organization\"},\"image\":{\"@id\":\"https:\/\/charneux.be\/preprod\/journee-a-liege-avec-les-5e-et-6e-2\/#primaryimage\"},\"thumbnailUrl\":\"https:\/\/charneux.be\/preprod\/wp-content\/uploads\/2022\/04\/IMG_20220428_114345-scaled.jpg\",\"inLanguage\":\"fr-FR\"},{\"@type\":\"WebPage\",\"@id\":\"https:\/\/charneux.be\/preprod\/journee-a-liege-avec-les-5e-et-6e-2\/\",\"url\":\"https:\/\/charneux.be\/preprod\/journee-a-liege-avec-les-5e-et-6e-2\/\",\"name\":\"Journ\u00e9e \u00e0 Li\u00e8ge avec les 5e et 6e - Charneux\",\"isPartOf\":{\"@id\":\"https:\/\/charneux.be\/preprod\/#website\"},\"primaryImageOfPage\":{\"@id\":\"https:\/\/charneux.be\/preprod\/journee-a-liege-avec-les-5e-et-6e-2\/#primaryimage\"},\"image\":{\"@id\":\"https:\/\/charneux.be\/preprod\/journee-a-liege-avec-les-5e-et-6e-2\/#primaryimage\"},\"thumbnailUrl\":\"https:\/\/charneux.be\/preprod\/wp-content\/uploads\/2022\/04\/IMG_20220428_114345-scaled.jpg\",\"datePublished\":\"2022-04-30T19:15:43+00:00\",\"dateModified\":\"2022-04-30T19:15:43+00:00\",\"breadcrumb\":{\"@id\":\"https:\/\/charneux.be\/preprod\/journee-a-liege-avec-les-5e-et-6e-2\/#breadcrumb\"},\"inLanguage\":\"fr-FR\",\"potentialAction\":[{\"@type\":\"ReadAction\",\"target\":[\"https:\/\/charneux.be\/preprod\/journee-a-liege-avec-les-5e-et-6e-2\/\"]}]},{\"@type\":\"ImageObject\",\"inLanguage\":\"fr-FR\",\"@id\":\"https:\/\/charneux.be\/preprod\/journee-a-liege-avec-les-5e-et-6e-2\/#primaryimage\",\"url\":\"https:\/\/charneux.be\/preprod\/wp-content\/uploads\/2022\/04\/IMG_20220428_114345-scaled.jpg\",\"contentUrl\":\"https:\/\/charneux.be\/preprod\/wp-content\/uploads\/2022\/04\/IMG_20220428_114345-scaled.jpg\",\"width\":2560,\"height\":1920},{\"@type\":\"BreadcrumbList\",\"@id\":\"https:\/\/charneux.be\/preprod\/journee-a-liege-avec-les-5e-et-6e-2\/#breadcrumb\",\"itemListElement\":[{\"@type\":\"ListItem\",\"position\":1,\"name\":\"Accueil\",\"item\":\"https:\/\/charneux.be\/preprod\/\"},{\"@type\":\"ListItem\",\"position\":2,\"name\":\"Journ\u00e9e \u00e0 Li\u00e8ge avec les 5e et 6e\"}]},{\"@type\":\"WebSite\",\"@id\":\"https:\/\/charneux.be\/preprod\/#website\",\"url\":\"https:\/\/charneux.be\/preprod\/\",\"name\":\"Charneux\",\"description\":\"\",\"publisher\":{\"@id\":\"https:\/\/charneux.be\/preprod\/#organization\"},\"potentialAction\":[{\"@type\":\"SearchAction\",\"target\":{\"@type\":\"EntryPoint\",\"urlTemplate\":\"https:\/\/charneux.be\/preprod\/?s={search_term_string}\"},\"query-input\":{\"@type\":\"PropertyValueSpecification\",\"valueRequired\":true,\"valueName\":\"search_term_string\"}}],\"inLanguage\":\"fr-FR\"},{\"@type\":\"Organization\",\"@id\":\"https:\/\/charneux.be\/preprod\/#organization\",\"name\":\"Ecole libre de Charneux\",\"url\":\"https:\/\/charneux.be\/preprod\/\",\"logo\":{\"@type\":\"ImageObject\",\"inLanguage\":\"fr-FR\",\"@id\":\"https:\/\/charneux.be\/preprod\/#\/schema\/logo\/image\/\",\"url\":\"https:\/\/charneux.be\/preprod\/wp-content\/uploads\/2024\/08\/cropped-Logo-bleu.png\",\"contentUrl\":\"https:\/\/charneux.be\/preprod\/wp-content\/uploads\/2024\/08\/cropped-Logo-bleu.png\",\"width\":480,\"height\":799,\"caption\":\"Ecole libre de Charneux\"},\"image\":{\"@id\":\"https:\/\/charneux.be\/preprod\/#\/schema\/logo\/image\/\"}},{\"@type\":\"Person\",\"@id\":\"https:\/\/charneux.be\/preprod\/#\/schema\/person\/0b1651317d01999c5d965686422d77cb\",\"name\":\"Gilles Collings\",\"image\":{\"@type\":\"ImageObject\",\"inLanguage\":\"fr-FR\",\"@id\":\"https:\/\/charneux.be\/preprod\/#\/schema\/person\/image\/\",\"url\":\"https:\/\/secure.gravatar.com\/avatar\/320dcf4529b471bc3f0dc256dbefcb4434faec727325adce4fe24429eae36178?s=96&d=mm&r=g\",\"contentUrl\":\"https:\/\/secure.gravatar.com\/avatar\/320dcf4529b471bc3f0dc256dbefcb4434faec727325adce4fe24429eae36178?s=96&d=mm&r=g\",\"caption\":\"Gilles Collings\"},\"url\":\"https:\/\/charneux.be\/preprod\/author\/gilles\/\"}]}<\/script>\n<!-- \/ Yoast SEO plugin. -->","yoast_head_json":{"title":"Journ\u00e9e \u00e0 Li\u00e8ge avec les 5e et 6e - Charneux","robots":{"index":"noindex","follow":"follow","max-snippet":"max-snippet:-1","max-image-preview":"max-image-preview:large","max-video-preview":"max-video-preview:-1"},"og_locale":"fr_FR","og_type":"article","og_title":"Journ\u00e9e \u00e0 Li\u00e8ge avec les 5e et 6e - Charneux","og_description":"Ce jeudi 28 avril, les \u00e9l\u00e8ves de 5e et 6e se sont rendus \u00e0 Li\u00e8ge pour 2 visites passionnantes. La premi\u00e8re : la RTBF et ses studios &#8230; Avec (cerise sur le g\u00e2teau) la rencontre avec l&rsquo;animateur vedette des Niouzz et un passage dans l&rsquo;\u00e9mission du jour. La deuxi\u00e8me : la maison de la Science [&hellip;]","og_url":"https:\/\/charneux.be\/preprod\/journee-a-liege-avec-les-5e-et-6e-2\/","og_site_name":"Charneux","article_published_time":"2022-04-30T19:15:43+00:00","og_image":[{"width":2560,"height":1920,"url":"https:\/\/charneux.be\/preprod\/wp-content\/uploads\/2022\/04\/IMG_20220428_114345-scaled.jpg","type":"image\/jpeg"}],"author":"Gilles Collings","twitter_misc":{"\u00c9crit par":"Gilles Collings","Dur\u00e9e de lecture estim\u00e9e":"4 minutes"},"schema":{"@context":"https:\/\/schema.org","@graph":[{"@type":"Article","@id":"https:\/\/charneux.be\/preprod\/journee-a-liege-avec-les-5e-et-6e-2\/#article","isPartOf":{"@id":"https:\/\/charneux.be\/preprod\/journee-a-liege-avec-les-5e-et-6e-2\/"},"author":{"name":"Gilles Collings","@id":"https:\/\/charneux.be\/preprod\/#\/schema\/person\/0b1651317d01999c5d965686422d77cb"},"headline":"Journ\u00e9e \u00e0 Li\u00e8ge avec les 5e et 6e","datePublished":"2022-04-30T19:15:43+00:00","dateModified":"2022-04-30T19:15:43+00:00","mainEntityOfPage":{"@id":"https:\/\/charneux.be\/preprod\/journee-a-liege-avec-les-5e-et-6e-2\/"},"wordCount":92,"publisher":{"@id":"https:\/\/charneux.be\/preprod\/#organization"},"image":{"@id":"https:\/\/charneux.be\/preprod\/journee-a-liege-avec-les-5e-et-6e-2\/#primaryimage"},"thumbnailUrl":"https:\/\/charneux.be\/preprod\/wp-content\/uploads\/2022\/04\/IMG_20220428_114345-scaled.jpg","inLanguage":"fr-FR"},{"@type":"WebPage","@id":"https:\/\/charneux.be\/preprod\/journee-a-liege-avec-les-5e-et-6e-2\/","url":"https:\/\/charneux.be\/preprod\/journee-a-liege-avec-les-5e-et-6e-2\/","name":"Journ\u00e9e \u00e0 Li\u00e8ge avec les 5e et 6e - Charneux","isPartOf":{"@id":"https:\/\/charneux.be\/preprod\/#website"},"primaryImageOfPage":{"@id":"https:\/\/charneux.be\/preprod\/journee-a-liege-avec-les-5e-et-6e-2\/#primaryimage"},"image":{"@id":"https:\/\/charneux.be\/preprod\/journee-a-liege-avec-les-5e-et-6e-2\/#primaryimage"},"thumbnailUrl":"https:\/\/charneux.be\/preprod\/wp-content\/uploads\/2022\/04\/IMG_20220428_114345-scaled.jpg","datePublished":"2022-04-30T19:15:43+00:00","dateModified":"2022-04-30T19:15:43+00:00","breadcrumb":{"@id":"https:\/\/charneux.be\/preprod\/journee-a-liege-avec-les-5e-et-6e-2\/#breadcrumb"},"inLanguage":"fr-FR","potentialAction":[{"@type":"ReadAction","target":["https:\/\/charneux.be\/preprod\/journee-a-liege-avec-les-5e-et-6e-2\/"]}]},{"@type":"ImageObject","inLanguage":"fr-FR","@id":"https:\/\/charneux.be\/preprod\/journee-a-liege-avec-les-5e-et-6e-2\/#primaryimage","url":"https:\/\/charneux.be\/preprod\/wp-content\/uploads\/2022\/04\/IMG_20220428_114345-scaled.jpg","contentUrl":"https:\/\/charneux.be\/preprod\/wp-content\/uploads\/2022\/04\/IMG_20220428_114345-scaled.jpg","width":2560,"height":1920},{"@type":"BreadcrumbList","@id":"https:\/\/charneux.be\/preprod\/journee-a-liege-avec-les-5e-et-6e-2\/#breadcrumb","itemListElement":[{"@type":"ListItem","position":1,"name":"Accueil","item":"https:\/\/charneux.be\/preprod\/"},{"@type":"ListItem","position":2,"name":"Journ\u00e9e \u00e0 Li\u00e8ge avec les 5e et 6e"}]},{"@type":"WebSite","@id":"https:\/\/charneux.be\/preprod\/#website","url":"https:\/\/charneux.be\/preprod\/","name":"Charneux","description":"","publisher":{"@id":"https:\/\/charneux.be\/preprod\/#organization"},"potentialAction":[{"@type":"SearchAction","target":{"@type":"EntryPoint","urlTemplate":"https:\/\/charneux.be\/preprod\/?s={search_term_string}"},"query-input":{"@type":"PropertyValueSpecification","valueRequired":true,"valueName":"search_term_string"}}],"inLanguage":"fr-FR"},{"@type":"Organization","@id":"https:\/\/charneux.be\/preprod\/#organization","name":"Ecole libre de Charneux","url":"https:\/\/charneux.be\/preprod\/","logo":{"@type":"ImageObject","inLanguage":"fr-FR","@id":"https:\/\/charneux.be\/preprod\/#\/schema\/logo\/image\/","url":"https:\/\/charneux.be\/preprod\/wp-content\/uploads\/2024\/08\/cropped-Logo-bleu.png","contentUrl":"https:\/\/charneux.be\/preprod\/wp-content\/uploads\/2024\/08\/cropped-Logo-bleu.png","width":480,"height":799,"caption":"Ecole libre de Charneux"},"image":{"@id":"https:\/\/charneux.be\/preprod\/#\/schema\/logo\/image\/"}},{"@type":"Person","@id":"https:\/\/charneux.be\/preprod\/#\/schema\/person\/0b1651317d01999c5d965686422d77cb","name":"Gilles Collings","image":{"@type":"ImageObject","inLanguage":"fr-FR","@id":"https:\/\/charneux.be\/preprod\/#\/schema\/person\/image\/","url":"https:\/\/secure.gravatar.com\/avatar\/320dcf4529b471bc3f0dc256dbefcb4434faec727325adce4fe24429eae36178?s=96&d=mm&r=g","contentUrl":"https:\/\/secure.gravatar.com\/avatar\/320dcf4529b471bc3f0dc256dbefcb4434faec727325adce4fe24429eae36178?s=96&d=mm&r=g","caption":"Gilles Collings"},"url":"https:\/\/charneux.be\/preprod\/author\/gilles\/"}]}},"_links":{"self":[{"href":"https:\/\/charneux.be\/preprod\/wp-json\/wp\/v2\/posts\/986","targetHints":{"allow":["GET"]}}],"collection":[{"href":"https:\/\/charneux.be\/preprod\/wp-json\/wp\/v2\/posts"}],"about":[{"href":"https:\/\/charneux.be\/preprod\/wp-json\/wp\/v2\/types\/post"}],"author":[{"embeddable":true,"href":"https:\/\/charneux.be\/preprod\/wp-json\/wp\/v2\/users\/3"}],"replies":[{"embeddable":true,"href":"https:\/\/charneux.be\/preprod\/wp-json\/wp\/v2\/comments?post=986"}],"version-history":[{"count":1,"href":"https:\/\/charneux.be\/preprod\/wp-json\/wp\/v2\/posts\/986\/revisions"}],"predecessor-version":[{"id":1006,"href":"https:\/\/charneux.be\/preprod\/wp-json\/wp\/v2\/posts\/986\/revisions\/1006"}],"wp:featuredmedia":[{"embeddable":true,"href":"https:\/\/charneux.be\/preprod\/wp-json\/wp\/v2\/media\/992"}],"wp:attachment":[{"href":"https:\/\/charneux.be\/preprod\/wp-json\/wp\/v2\/media?parent=986"}],"wp:term":[{"taxonomy":"category","embeddable":true,"href":"https:\/\/charneux.be\/preprod\/wp-json\/wp\/v2\/categories?post=986"},{"taxonomy":"post_tag","embeddable":true,"href":"https:\/\/charneux.be\/preprod\/wp-json\/wp\/v2\/tags?post=986"}],"curies":[{"name":"wp","href":"https:\/\/api.w.org\/{rel}","templated":true}]}}