{"id":1230,"date":"2022-11-08T14:10:17","date_gmt":"2022-11-08T13:10:17","guid":{"rendered":"http:\/\/charneux.be\/wordpress\/?p=1230"},"modified":"2022-11-08T14:13:46","modified_gmt":"2022-11-08T13:13:46","slug":"en-visite-a-la-bibliotheque-et-a-la-ludotheque-de-herve","status":"publish","type":"post","link":"https:\/\/charneux.be\/wordpress\/en-visite-a-la-bibliotheque-et-a-la-ludotheque-de-herve\/","title":{"rendered":"En visite \u00e0 la biblioth\u00e8que et \u00e0 la ludoth\u00e8que de Herve"},"content":{"rendered":"<p>Ce 8 novembre,\u00a0 les 36 petits \u00e9l\u00e8ves de P1 se sont rendu \u00e0 Herve pour (re)d\u00e9couvrir la biblioth\u00e8que et la ludoth\u00e8que et leur fonctionnement.<\/p>\n<p>Divis\u00e9s en 3 groupes, nos jeunes lecteurs d\u00e9butants ont appris comment s&rsquo;y prendre pour emprunter un livre ou un jeu.\u00a0 Comme c&rsquo;est facile ! A pr\u00e9sent, chacun sait o\u00f9 se trouvent les albums jeunesse et les BD.\u00a0 D&rsquo;ailleurs, tous les enfants ont\u00a0 emprunt\u00e9 leur livre pr\u00e9f\u00e9r\u00e9 pour le d\u00e9couvrir \u00e0 la maison.<\/p>\n<p>A l&rsquo;\u00e9tage, la maman de Cl\u00e9ment nous a expliqu\u00e9 o\u00f9 trouver les jeux adapt\u00e9s \u00e0 notre \u00e2ge, et nous avons aussi essay\u00e9 un jeu g\u00e9ant.\u00a0 Quelle chouette id\u00e9e pour f\u00eater un anniversaire !<\/p>\n<p>Dans une salle plus calme, les biblioth\u00e9caires nous ont racont\u00e9 quelques livres qui nous ont bien fait rigoler !<\/p>\n<p>A pr\u00e9sent, chacun peut y retourner en famille: une jolie mani\u00e8re d&rsquo;\u00e9toffer les lectures et les jeux \u00e0 moindre co\u00fbt !<\/p>\n<p><a href=\"https:\/\/charneux.be\/wordpress\/wp-content\/uploads\/2022\/11\/313794677_837959094289433_7329993421836268288_n-scaled.jpg\"><img fetchpriority=\"high\" decoding=\"async\" class=\"alignnone size-medium wp-image-1231\" src=\"https:\/\/charneux.be\/wordpress\/wp-content\/uploads\/2022\/11\/313794677_837959094289433_7329993421836268288_n-300x225.jpg\" alt=\"\" width=\"300\" height=\"225\" \/><\/a> <a href=\"https:\/\/charneux.be\/wordpress\/wp-content\/uploads\/2022\/11\/314899511_923947681899848_5673750915253840246_n-scaled.jpg\"><img decoding=\"async\" class=\"alignnone size-medium wp-image-1232\" src=\"https:\/\/charneux.be\/wordpress\/wp-content\/uploads\/2022\/11\/314899511_923947681899848_5673750915253840246_n-225x300.jpg\" alt=\"\" width=\"225\" height=\"300\" \/><\/a> <a href=\"https:\/\/charneux.be\/wordpress\/wp-content\/uploads\/2022\/11\/314654317_521935089813545_823602103279135771_n-scaled.jpg\"><img decoding=\"async\" class=\"alignnone size-medium wp-image-1233\" src=\"https:\/\/charneux.be\/wordpress\/wp-content\/uploads\/2022\/11\/314654317_521935089813545_823602103279135771_n-300x225.jpg\" alt=\"\" width=\"300\" height=\"225\" \/><\/a> <a href=\"https:\/\/charneux.be\/wordpress\/wp-content\/uploads\/2022\/11\/313794677_1840923589593926_2690104750597979110_n-scaled.jpg\"><img loading=\"lazy\" decoding=\"async\" class=\"alignnone size-medium wp-image-1234\" src=\"https:\/\/charneux.be\/wordpress\/wp-content\/uploads\/2022\/11\/313794677_1840923589593926_2690104750597979110_n-300x225.jpg\" alt=\"\" width=\"300\" height=\"225\" \/><\/a> <a href=\"https:\/\/charneux.be\/wordpress\/wp-content\/uploads\/2022\/11\/314909405_813488633202692_7716375370976979763_n-scaled.jpg\"><img loading=\"lazy\" decoding=\"async\" class=\"alignnone size-medium wp-image-1235\" src=\"https:\/\/charneux.be\/wordpress\/wp-content\/uploads\/2022\/11\/314909405_813488633202692_7716375370976979763_n-300x225.jpg\" alt=\"\" width=\"300\" height=\"225\" \/><\/a> <a href=\"https:\/\/charneux.be\/wordpress\/wp-content\/uploads\/2022\/11\/313816451_1562442467518512_4398247351719199447_n-scaled.jpg\"><img loading=\"lazy\" decoding=\"async\" class=\"alignnone size-medium wp-image-1236\" src=\"https:\/\/charneux.be\/wordpress\/wp-content\/uploads\/2022\/11\/313816451_1562442467518512_4398247351719199447_n-300x225.jpg\" alt=\"\" width=\"300\" height=\"225\" \/><\/a> <a href=\"https:\/\/charneux.be\/wordpress\/wp-content\/uploads\/2022\/11\/314921169_654668673020604_5496102373614886846_n-scaled.jpg\"><img loading=\"lazy\" decoding=\"async\" class=\"alignnone size-medium wp-image-1237\" src=\"https:\/\/charneux.be\/wordpress\/wp-content\/uploads\/2022\/11\/314921169_654668673020604_5496102373614886846_n-300x225.jpg\" alt=\"\" width=\"300\" height=\"225\" \/><\/a> <a href=\"https:\/\/charneux.be\/wordpress\/wp-content\/uploads\/2022\/11\/314930256_496274649206952_8753281209758134740_n-scaled.jpg\"><img loading=\"lazy\" decoding=\"async\" class=\"alignnone size-medium wp-image-1238\" src=\"https:\/\/charneux.be\/wordpress\/wp-content\/uploads\/2022\/11\/314930256_496274649206952_8753281209758134740_n-300x225.jpg\" alt=\"\" width=\"300\" height=\"225\" \/><\/a><\/p>\n<p>&nbsp;<\/p>\n","protected":false},"excerpt":{"rendered":"<p>Ce 8 novembre,\u00a0 les 36 petits \u00e9l\u00e8ves de P1 se sont rendu \u00e0 Herve pour (re)d\u00e9couvrir la biblioth\u00e8que et la ludoth\u00e8que et leur fonctionnement. Divis\u00e9s en 3 groupes, nos jeunes lecteurs d\u00e9butants ont appris comment s&rsquo;y prendre pour emprunter un livre ou un jeu.\u00a0 Comme c&rsquo;est facile ! A pr\u00e9sent, chacun sait o\u00f9 se trouvent [&hellip;]<\/p>\n","protected":false},"author":13,"featured_media":0,"comment_status":"closed","ping_status":"open","sticky":false,"template":"","format":"standard","meta":{"footnotes":""},"categories":[2,1],"tags":[],"class_list":["post-1230","post","type-post","status-publish","format-standard","hentry","category-primaire","category-non-classe"],"yoast_head":"<!-- This site is optimized with the Yoast SEO plugin v23.6 - https:\/\/yoast.com\/wordpress\/plugins\/seo\/ -->\n<title>En visite \u00e0 la biblioth\u00e8que et \u00e0 la ludoth\u00e8que de Herve - \u00c9cole libre de Charneux<\/title>\n<meta name=\"robots\" content=\"index, follow, max-snippet:-1, max-image-preview:large, max-video-preview:-1\" \/>\n<link rel=\"canonical\" href=\"https:\/\/charneux.be\/preprod\/en-visite-a-la-bibliotheque-et-a-la-ludotheque-de-herve\/\" \/>\n<meta property=\"og:locale\" content=\"fr_FR\" \/>\n<meta property=\"og:type\" content=\"article\" \/>\n<meta property=\"og:title\" content=\"En visite \u00e0 la biblioth\u00e8que et \u00e0 la ludoth\u00e8que de Herve - \u00c9cole libre de Charneux\" \/>\n<meta property=\"og:description\" content=\"Ce 8 novembre,\u00a0 les 36 petits \u00e9l\u00e8ves de P1 se sont rendu \u00e0 Herve pour (re)d\u00e9couvrir la biblioth\u00e8que et la ludoth\u00e8que et leur fonctionnement. Divis\u00e9s en 3 groupes, nos jeunes lecteurs d\u00e9butants ont appris comment s&rsquo;y prendre pour emprunter un livre ou un jeu.\u00a0 Comme c&rsquo;est facile ! A pr\u00e9sent, chacun sait o\u00f9 se trouvent [&hellip;]\" \/>\n<meta property=\"og:url\" content=\"https:\/\/charneux.be\/preprod\/en-visite-a-la-bibliotheque-et-a-la-ludotheque-de-herve\/\" \/>\n<meta property=\"og:site_name\" content=\"\u00c9cole libre de Charneux\" \/>\n<meta property=\"article:published_time\" content=\"2022-11-08T13:10:17+00:00\" \/>\n<meta property=\"article:modified_time\" content=\"2022-11-08T13:13:46+00:00\" \/>\n<meta property=\"og:image\" content=\"http:\/\/charneux.be\/wordpress\/wp-content\/uploads\/2022\/11\/313794677_837959094289433_7329993421836268288_n-300x225.jpg\" \/>\n<meta name=\"author\" content=\"Mariette Delhez\" \/>\n<meta name=\"twitter:label1\" content=\"\u00c9crit par\" \/>\n\t<meta name=\"twitter:data1\" content=\"Mariette Delhez\" \/>\n\t<meta name=\"twitter:label2\" content=\"Dur\u00e9e de lecture estim\u00e9e\" \/>\n\t<meta name=\"twitter:data2\" content=\"3 minutes\" \/>\n<script type=\"application\/ld+json\" class=\"yoast-schema-graph\">{\"@context\":\"https:\/\/schema.org\",\"@graph\":[{\"@type\":\"Article\",\"@id\":\"https:\/\/charneux.be\/preprod\/en-visite-a-la-bibliotheque-et-a-la-ludotheque-de-herve\/#article\",\"isPartOf\":{\"@id\":\"https:\/\/charneux.be\/preprod\/en-visite-a-la-bibliotheque-et-a-la-ludotheque-de-herve\/\"},\"author\":{\"name\":\"Mariette Delhez\",\"@id\":\"https:\/\/charneux.be\/wordpress\/#\/schema\/person\/112285787eee499ea293d44be91e65f2\"},\"headline\":\"En visite \u00e0 la biblioth\u00e8que et \u00e0 la ludoth\u00e8que de Herve\",\"datePublished\":\"2022-11-08T13:10:17+00:00\",\"dateModified\":\"2022-11-08T13:13:46+00:00\",\"mainEntityOfPage\":{\"@id\":\"https:\/\/charneux.be\/preprod\/en-visite-a-la-bibliotheque-et-a-la-ludotheque-de-herve\/\"},\"wordCount\":175,\"publisher\":{\"@id\":\"https:\/\/charneux.be\/wordpress\/#organization\"},\"image\":{\"@id\":\"https:\/\/charneux.be\/preprod\/en-visite-a-la-bibliotheque-et-a-la-ludotheque-de-herve\/#primaryimage\"},\"thumbnailUrl\":\"http:\/\/charneux.be\/wordpress\/wp-content\/uploads\/2022\/11\/313794677_837959094289433_7329993421836268288_n-300x225.jpg\",\"articleSection\":[\"En primaire\"],\"inLanguage\":\"fr-FR\"},{\"@type\":\"WebPage\",\"@id\":\"https:\/\/charneux.be\/preprod\/en-visite-a-la-bibliotheque-et-a-la-ludotheque-de-herve\/\",\"url\":\"https:\/\/charneux.be\/preprod\/en-visite-a-la-bibliotheque-et-a-la-ludotheque-de-herve\/\",\"name\":\"En visite \u00e0 la biblioth\u00e8que et \u00e0 la ludoth\u00e8que de Herve - \u00c9cole libre de Charneux\",\"isPartOf\":{\"@id\":\"https:\/\/charneux.be\/wordpress\/#website\"},\"primaryImageOfPage\":{\"@id\":\"https:\/\/charneux.be\/preprod\/en-visite-a-la-bibliotheque-et-a-la-ludotheque-de-herve\/#primaryimage\"},\"image\":{\"@id\":\"https:\/\/charneux.be\/preprod\/en-visite-a-la-bibliotheque-et-a-la-ludotheque-de-herve\/#primaryimage\"},\"thumbnailUrl\":\"http:\/\/charneux.be\/wordpress\/wp-content\/uploads\/2022\/11\/313794677_837959094289433_7329993421836268288_n-300x225.jpg\",\"datePublished\":\"2022-11-08T13:10:17+00:00\",\"dateModified\":\"2022-11-08T13:13:46+00:00\",\"breadcrumb\":{\"@id\":\"https:\/\/charneux.be\/preprod\/en-visite-a-la-bibliotheque-et-a-la-ludotheque-de-herve\/#breadcrumb\"},\"inLanguage\":\"fr-FR\",\"potentialAction\":[{\"@type\":\"ReadAction\",\"target\":[\"https:\/\/charneux.be\/preprod\/en-visite-a-la-bibliotheque-et-a-la-ludotheque-de-herve\/\"]}]},{\"@type\":\"ImageObject\",\"inLanguage\":\"fr-FR\",\"@id\":\"https:\/\/charneux.be\/preprod\/en-visite-a-la-bibliotheque-et-a-la-ludotheque-de-herve\/#primaryimage\",\"url\":\"http:\/\/charneux.be\/wordpress\/wp-content\/uploads\/2022\/11\/313794677_837959094289433_7329993421836268288_n-300x225.jpg\",\"contentUrl\":\"http:\/\/charneux.be\/wordpress\/wp-content\/uploads\/2022\/11\/313794677_837959094289433_7329993421836268288_n-300x225.jpg\"},{\"@type\":\"BreadcrumbList\",\"@id\":\"https:\/\/charneux.be\/preprod\/en-visite-a-la-bibliotheque-et-a-la-ludotheque-de-herve\/#breadcrumb\",\"itemListElement\":[{\"@type\":\"ListItem\",\"position\":1,\"name\":\"Accueil\",\"item\":\"https:\/\/charneux.be\/preprod\/\"},{\"@type\":\"ListItem\",\"position\":2,\"name\":\"En visite \u00e0 la biblioth\u00e8que et \u00e0 la ludoth\u00e8que de Herve\"}]},{\"@type\":\"WebSite\",\"@id\":\"https:\/\/charneux.be\/wordpress\/#website\",\"url\":\"https:\/\/charneux.be\/wordpress\/\",\"name\":\"Charneux\",\"description\":\"\",\"publisher\":{\"@id\":\"https:\/\/charneux.be\/wordpress\/#organization\"},\"potentialAction\":[{\"@type\":\"SearchAction\",\"target\":{\"@type\":\"EntryPoint\",\"urlTemplate\":\"https:\/\/charneux.be\/wordpress\/?s={search_term_string}\"},\"query-input\":{\"@type\":\"PropertyValueSpecification\",\"valueRequired\":true,\"valueName\":\"search_term_string\"}}],\"inLanguage\":\"fr-FR\"},{\"@type\":\"Organization\",\"@id\":\"https:\/\/charneux.be\/wordpress\/#organization\",\"name\":\"Ecole libre de Charneux\",\"url\":\"https:\/\/charneux.be\/wordpress\/\",\"logo\":{\"@type\":\"ImageObject\",\"inLanguage\":\"fr-FR\",\"@id\":\"https:\/\/charneux.be\/wordpress\/#\/schema\/logo\/image\/\",\"url\":\"https:\/\/charneux.be\/wordpress\/wp-content\/uploads\/2024\/08\/cropped-Logo-bleu.png\",\"contentUrl\":\"https:\/\/charneux.be\/wordpress\/wp-content\/uploads\/2024\/08\/cropped-Logo-bleu.png\",\"width\":480,\"height\":799,\"caption\":\"Ecole libre de Charneux\"},\"image\":{\"@id\":\"https:\/\/charneux.be\/wordpress\/#\/schema\/logo\/image\/\"}},{\"@type\":\"Person\",\"@id\":\"https:\/\/charneux.be\/wordpress\/#\/schema\/person\/112285787eee499ea293d44be91e65f2\",\"name\":\"Mariette Delhez\",\"image\":{\"@type\":\"ImageObject\",\"inLanguage\":\"fr-FR\",\"@id\":\"https:\/\/charneux.be\/wordpress\/#\/schema\/person\/image\/\",\"url\":\"https:\/\/secure.gravatar.com\/avatar\/a899e88cc8b9af838e499f0abe160da7f528eecdc73fd9eb26c0232abddc2b2f?s=96&d=mm&r=g\",\"contentUrl\":\"https:\/\/secure.gravatar.com\/avatar\/a899e88cc8b9af838e499f0abe160da7f528eecdc73fd9eb26c0232abddc2b2f?s=96&d=mm&r=g\",\"caption\":\"Mariette Delhez\"},\"url\":\"https:\/\/charneux.be\/wordpress\/author\/mariette-delhez\/\"}]}<\/script>\n<!-- \/ Yoast SEO plugin. -->","yoast_head_json":{"title":"En visite \u00e0 la biblioth\u00e8que et \u00e0 la ludoth\u00e8que de Herve - \u00c9cole libre de Charneux","robots":{"index":"index","follow":"follow","max-snippet":"max-snippet:-1","max-image-preview":"max-image-preview:large","max-video-preview":"max-video-preview:-1"},"canonical":"https:\/\/charneux.be\/preprod\/en-visite-a-la-bibliotheque-et-a-la-ludotheque-de-herve\/","og_locale":"fr_FR","og_type":"article","og_title":"En visite \u00e0 la biblioth\u00e8que et \u00e0 la ludoth\u00e8que de Herve - \u00c9cole libre de Charneux","og_description":"Ce 8 novembre,\u00a0 les 36 petits \u00e9l\u00e8ves de P1 se sont rendu \u00e0 Herve pour (re)d\u00e9couvrir la biblioth\u00e8que et la ludoth\u00e8que et leur fonctionnement. Divis\u00e9s en 3 groupes, nos jeunes lecteurs d\u00e9butants ont appris comment s&rsquo;y prendre pour emprunter un livre ou un jeu.\u00a0 Comme c&rsquo;est facile ! A pr\u00e9sent, chacun sait o\u00f9 se trouvent [&hellip;]","og_url":"https:\/\/charneux.be\/preprod\/en-visite-a-la-bibliotheque-et-a-la-ludotheque-de-herve\/","og_site_name":"\u00c9cole libre de Charneux","article_published_time":"2022-11-08T13:10:17+00:00","article_modified_time":"2022-11-08T13:13:46+00:00","og_image":[{"url":"http:\/\/charneux.be\/wordpress\/wp-content\/uploads\/2022\/11\/313794677_837959094289433_7329993421836268288_n-300x225.jpg"}],"author":"Mariette Delhez","twitter_misc":{"\u00c9crit par":"Mariette Delhez","Dur\u00e9e de lecture estim\u00e9e":"3 minutes"},"schema":{"@context":"https:\/\/schema.org","@graph":[{"@type":"Article","@id":"https:\/\/charneux.be\/preprod\/en-visite-a-la-bibliotheque-et-a-la-ludotheque-de-herve\/#article","isPartOf":{"@id":"https:\/\/charneux.be\/preprod\/en-visite-a-la-bibliotheque-et-a-la-ludotheque-de-herve\/"},"author":{"name":"Mariette Delhez","@id":"https:\/\/charneux.be\/wordpress\/#\/schema\/person\/112285787eee499ea293d44be91e65f2"},"headline":"En visite \u00e0 la biblioth\u00e8que et \u00e0 la ludoth\u00e8que de Herve","datePublished":"2022-11-08T13:10:17+00:00","dateModified":"2022-11-08T13:13:46+00:00","mainEntityOfPage":{"@id":"https:\/\/charneux.be\/preprod\/en-visite-a-la-bibliotheque-et-a-la-ludotheque-de-herve\/"},"wordCount":175,"publisher":{"@id":"https:\/\/charneux.be\/wordpress\/#organization"},"image":{"@id":"https:\/\/charneux.be\/preprod\/en-visite-a-la-bibliotheque-et-a-la-ludotheque-de-herve\/#primaryimage"},"thumbnailUrl":"http:\/\/charneux.be\/wordpress\/wp-content\/uploads\/2022\/11\/313794677_837959094289433_7329993421836268288_n-300x225.jpg","articleSection":["En primaire"],"inLanguage":"fr-FR"},{"@type":"WebPage","@id":"https:\/\/charneux.be\/preprod\/en-visite-a-la-bibliotheque-et-a-la-ludotheque-de-herve\/","url":"https:\/\/charneux.be\/preprod\/en-visite-a-la-bibliotheque-et-a-la-ludotheque-de-herve\/","name":"En visite \u00e0 la biblioth\u00e8que et \u00e0 la ludoth\u00e8que de Herve - \u00c9cole libre de Charneux","isPartOf":{"@id":"https:\/\/charneux.be\/wordpress\/#website"},"primaryImageOfPage":{"@id":"https:\/\/charneux.be\/preprod\/en-visite-a-la-bibliotheque-et-a-la-ludotheque-de-herve\/#primaryimage"},"image":{"@id":"https:\/\/charneux.be\/preprod\/en-visite-a-la-bibliotheque-et-a-la-ludotheque-de-herve\/#primaryimage"},"thumbnailUrl":"http:\/\/charneux.be\/wordpress\/wp-content\/uploads\/2022\/11\/313794677_837959094289433_7329993421836268288_n-300x225.jpg","datePublished":"2022-11-08T13:10:17+00:00","dateModified":"2022-11-08T13:13:46+00:00","breadcrumb":{"@id":"https:\/\/charneux.be\/preprod\/en-visite-a-la-bibliotheque-et-a-la-ludotheque-de-herve\/#breadcrumb"},"inLanguage":"fr-FR","potentialAction":[{"@type":"ReadAction","target":["https:\/\/charneux.be\/preprod\/en-visite-a-la-bibliotheque-et-a-la-ludotheque-de-herve\/"]}]},{"@type":"ImageObject","inLanguage":"fr-FR","@id":"https:\/\/charneux.be\/preprod\/en-visite-a-la-bibliotheque-et-a-la-ludotheque-de-herve\/#primaryimage","url":"http:\/\/charneux.be\/wordpress\/wp-content\/uploads\/2022\/11\/313794677_837959094289433_7329993421836268288_n-300x225.jpg","contentUrl":"http:\/\/charneux.be\/wordpress\/wp-content\/uploads\/2022\/11\/313794677_837959094289433_7329993421836268288_n-300x225.jpg"},{"@type":"BreadcrumbList","@id":"https:\/\/charneux.be\/preprod\/en-visite-a-la-bibliotheque-et-a-la-ludotheque-de-herve\/#breadcrumb","itemListElement":[{"@type":"ListItem","position":1,"name":"Accueil","item":"https:\/\/charneux.be\/preprod\/"},{"@type":"ListItem","position":2,"name":"En visite \u00e0 la biblioth\u00e8que et \u00e0 la ludoth\u00e8que de Herve"}]},{"@type":"WebSite","@id":"https:\/\/charneux.be\/wordpress\/#website","url":"https:\/\/charneux.be\/wordpress\/","name":"Charneux","description":"","publisher":{"@id":"https:\/\/charneux.be\/wordpress\/#organization"},"potentialAction":[{"@type":"SearchAction","target":{"@type":"EntryPoint","urlTemplate":"https:\/\/charneux.be\/wordpress\/?s={search_term_string}"},"query-input":{"@type":"PropertyValueSpecification","valueRequired":true,"valueName":"search_term_string"}}],"inLanguage":"fr-FR"},{"@type":"Organization","@id":"https:\/\/charneux.be\/wordpress\/#organization","name":"Ecole libre de Charneux","url":"https:\/\/charneux.be\/wordpress\/","logo":{"@type":"ImageObject","inLanguage":"fr-FR","@id":"https:\/\/charneux.be\/wordpress\/#\/schema\/logo\/image\/","url":"https:\/\/charneux.be\/wordpress\/wp-content\/uploads\/2024\/08\/cropped-Logo-bleu.png","contentUrl":"https:\/\/charneux.be\/wordpress\/wp-content\/uploads\/2024\/08\/cropped-Logo-bleu.png","width":480,"height":799,"caption":"Ecole libre de Charneux"},"image":{"@id":"https:\/\/charneux.be\/wordpress\/#\/schema\/logo\/image\/"}},{"@type":"Person","@id":"https:\/\/charneux.be\/wordpress\/#\/schema\/person\/112285787eee499ea293d44be91e65f2","name":"Mariette Delhez","image":{"@type":"ImageObject","inLanguage":"fr-FR","@id":"https:\/\/charneux.be\/wordpress\/#\/schema\/person\/image\/","url":"https:\/\/secure.gravatar.com\/avatar\/a899e88cc8b9af838e499f0abe160da7f528eecdc73fd9eb26c0232abddc2b2f?s=96&d=mm&r=g","contentUrl":"https:\/\/secure.gravatar.com\/avatar\/a899e88cc8b9af838e499f0abe160da7f528eecdc73fd9eb26c0232abddc2b2f?s=96&d=mm&r=g","caption":"Mariette Delhez"},"url":"https:\/\/charneux.be\/wordpress\/author\/mariette-delhez\/"}]}},"_links":{"self":[{"href":"https:\/\/charneux.be\/wordpress\/wp-json\/wp\/v2\/posts\/1230","targetHints":{"allow":["GET"]}}],"collection":[{"href":"https:\/\/charneux.be\/wordpress\/wp-json\/wp\/v2\/posts"}],"about":[{"href":"https:\/\/charneux.be\/wordpress\/wp-json\/wp\/v2\/types\/post"}],"author":[{"embeddable":true,"href":"https:\/\/charneux.be\/wordpress\/wp-json\/wp\/v2\/users\/13"}],"replies":[{"embeddable":true,"href":"https:\/\/charneux.be\/wordpress\/wp-json\/wp\/v2\/comments?post=1230"}],"version-history":[{"count":2,"href":"https:\/\/charneux.be\/wordpress\/wp-json\/wp\/v2\/posts\/1230\/revisions"}],"predecessor-version":[{"id":1240,"href":"https:\/\/charneux.be\/wordpress\/wp-json\/wp\/v2\/posts\/1230\/revisions\/1240"}],"wp:attachment":[{"href":"https:\/\/charneux.be\/wordpress\/wp-json\/wp\/v2\/media?parent=1230"}],"wp:term":[{"taxonomy":"category","embeddable":true,"href":"https:\/\/charneux.be\/wordpress\/wp-json\/wp\/v2\/categories?post=1230"},{"taxonomy":"post_tag","embeddable":true,"href":"https:\/\/charneux.be\/wordpress\/wp-json\/wp\/v2\/tags?post=1230"}],"curies":[{"name":"wp","href":"https:\/\/api.w.org\/{rel}","templated":true}]}}