{"id":1243,"date":"2022-12-19T17:22:10","date_gmt":"2022-12-19T16:22:10","guid":{"rendered":"http:\/\/charneux.be\/wordpress\/?p=1243"},"modified":"2022-12-19T17:27:52","modified_gmt":"2022-12-19T16:27:52","slug":"visite-de-la-mine-de-blegny-le-8-novembre-2022","status":"publish","type":"post","link":"https:\/\/charneux.be\/wordpress\/visite-de-la-mine-de-blegny-le-8-novembre-2022\/","title":{"rendered":"Visite de la mine de Blegny le 8 novembre 2022."},"content":{"rendered":"<p><a href=\"https:\/\/charneux.be\/wordpress\/wp-content\/uploads\/2022\/12\/PHOTO-2022-12-10-11-48-31.jpg\"><img fetchpriority=\"high\" decoding=\"async\" class=\"alignnone size-medium wp-image-1244\" src=\"https:\/\/charneux.be\/wordpress\/wp-content\/uploads\/2022\/12\/PHOTO-2022-12-10-11-48-31-225x300.jpg\" alt=\"\" width=\"225\" height=\"300\" srcset=\"https:\/\/charneux.be\/wordpress\/wp-content\/uploads\/2022\/12\/PHOTO-2022-12-10-11-48-31-225x300.jpg 225w, https:\/\/charneux.be\/wordpress\/wp-content\/uploads\/2022\/12\/PHOTO-2022-12-10-11-48-31-375x500.jpg 375w, https:\/\/charneux.be\/wordpress\/wp-content\/uploads\/2022\/12\/PHOTO-2022-12-10-11-48-31-768x1024.jpg 768w, https:\/\/charneux.be\/wordpress\/wp-content\/uploads\/2022\/12\/PHOTO-2022-12-10-11-48-31-1152x1536.jpg 1152w, https:\/\/charneux.be\/wordpress\/wp-content\/uploads\/2022\/12\/PHOTO-2022-12-10-11-48-31.jpg 1530w\" sizes=\"(max-width: 225px) 100vw, 225px\" \/><\/a> <a href=\"https:\/\/charneux.be\/wordpress\/wp-content\/uploads\/2022\/12\/PHOTO-2022-12-10-11-48-06.jpg\"><img decoding=\"async\" class=\"alignnone size-medium wp-image-1245\" src=\"https:\/\/charneux.be\/wordpress\/wp-content\/uploads\/2022\/12\/PHOTO-2022-12-10-11-48-06-225x300.jpg\" alt=\"\" width=\"225\" height=\"300\" srcset=\"https:\/\/charneux.be\/wordpress\/wp-content\/uploads\/2022\/12\/PHOTO-2022-12-10-11-48-06-225x300.jpg 225w, https:\/\/charneux.be\/wordpress\/wp-content\/uploads\/2022\/12\/PHOTO-2022-12-10-11-48-06-375x500.jpg 375w, https:\/\/charneux.be\/wordpress\/wp-content\/uploads\/2022\/12\/PHOTO-2022-12-10-11-48-06-768x1024.jpg 768w, https:\/\/charneux.be\/wordpress\/wp-content\/uploads\/2022\/12\/PHOTO-2022-12-10-11-48-06-1152x1536.jpg 1152w, https:\/\/charneux.be\/wordpress\/wp-content\/uploads\/2022\/12\/PHOTO-2022-12-10-11-48-06.jpg 1530w\" sizes=\"(max-width: 225px) 100vw, 225px\" \/><\/a> <a href=\"https:\/\/charneux.be\/wordpress\/wp-content\/uploads\/2022\/12\/PHOTO-2022-12-10-11-45-44.jpg\"><img decoding=\"async\" class=\"alignnone size-medium wp-image-1250\" src=\"https:\/\/charneux.be\/wordpress\/wp-content\/uploads\/2022\/12\/PHOTO-2022-12-10-11-45-44-225x300.jpg\" alt=\"\" width=\"225\" height=\"300\" srcset=\"https:\/\/charneux.be\/wordpress\/wp-content\/uploads\/2022\/12\/PHOTO-2022-12-10-11-45-44-225x300.jpg 225w, https:\/\/charneux.be\/wordpress\/wp-content\/uploads\/2022\/12\/PHOTO-2022-12-10-11-45-44-375x500.jpg 375w, https:\/\/charneux.be\/wordpress\/wp-content\/uploads\/2022\/12\/PHOTO-2022-12-10-11-45-44-768x1024.jpg 768w, https:\/\/charneux.be\/wordpress\/wp-content\/uploads\/2022\/12\/PHOTO-2022-12-10-11-45-44-1152x1536.jpg 1152w, https:\/\/charneux.be\/wordpress\/wp-content\/uploads\/2022\/12\/PHOTO-2022-12-10-11-45-44.jpg 1530w\" sizes=\"(max-width: 225px) 100vw, 225px\" \/><\/a> <a href=\"https:\/\/charneux.be\/wordpress\/wp-content\/uploads\/2022\/12\/PHOTO-2022-12-10-11-46-11.jpg\"><img loading=\"lazy\" decoding=\"async\" class=\"alignnone size-medium wp-image-1249\" src=\"https:\/\/charneux.be\/wordpress\/wp-content\/uploads\/2022\/12\/PHOTO-2022-12-10-11-46-11-300x225.jpg\" alt=\"\" width=\"300\" height=\"225\" srcset=\"https:\/\/charneux.be\/wordpress\/wp-content\/uploads\/2022\/12\/PHOTO-2022-12-10-11-46-11-300x225.jpg 300w, https:\/\/charneux.be\/wordpress\/wp-content\/uploads\/2022\/12\/PHOTO-2022-12-10-11-46-11-500x375.jpg 500w, https:\/\/charneux.be\/wordpress\/wp-content\/uploads\/2022\/12\/PHOTO-2022-12-10-11-46-11-768x576.jpg 768w, https:\/\/charneux.be\/wordpress\/wp-content\/uploads\/2022\/12\/PHOTO-2022-12-10-11-46-11-1024x768.jpg 1024w, https:\/\/charneux.be\/wordpress\/wp-content\/uploads\/2022\/12\/PHOTO-2022-12-10-11-46-11-1536x1152.jpg 1536w, https:\/\/charneux.be\/wordpress\/wp-content\/uploads\/2022\/12\/PHOTO-2022-12-10-11-46-11.jpg 2040w\" sizes=\"(max-width: 300px) 100vw, 300px\" \/><\/a> <a href=\"https:\/\/charneux.be\/wordpress\/wp-content\/uploads\/2022\/12\/PHOTO-2022-12-10-11-46-37.jpg\"><img loading=\"lazy\" decoding=\"async\" class=\"alignnone size-medium wp-image-1248\" src=\"https:\/\/charneux.be\/wordpress\/wp-content\/uploads\/2022\/12\/PHOTO-2022-12-10-11-46-37-300x225.jpg\" alt=\"\" width=\"300\" height=\"225\" srcset=\"https:\/\/charneux.be\/wordpress\/wp-content\/uploads\/2022\/12\/PHOTO-2022-12-10-11-46-37-300x225.jpg 300w, https:\/\/charneux.be\/wordpress\/wp-content\/uploads\/2022\/12\/PHOTO-2022-12-10-11-46-37-500x375.jpg 500w, https:\/\/charneux.be\/wordpress\/wp-content\/uploads\/2022\/12\/PHOTO-2022-12-10-11-46-37-768x576.jpg 768w, https:\/\/charneux.be\/wordpress\/wp-content\/uploads\/2022\/12\/PHOTO-2022-12-10-11-46-37-1024x768.jpg 1024w, https:\/\/charneux.be\/wordpress\/wp-content\/uploads\/2022\/12\/PHOTO-2022-12-10-11-46-37-1536x1152.jpg 1536w, https:\/\/charneux.be\/wordpress\/wp-content\/uploads\/2022\/12\/PHOTO-2022-12-10-11-46-37.jpg 2040w\" sizes=\"(max-width: 300px) 100vw, 300px\" \/><\/a> <a href=\"https:\/\/charneux.be\/wordpress\/wp-content\/uploads\/2022\/12\/PHOTO-2022-12-10-11-47-02.jpg\"><img loading=\"lazy\" decoding=\"async\" class=\"alignnone size-medium wp-image-1247\" src=\"https:\/\/charneux.be\/wordpress\/wp-content\/uploads\/2022\/12\/PHOTO-2022-12-10-11-47-02-225x300.jpg\" alt=\"\" width=\"225\" height=\"300\" srcset=\"https:\/\/charneux.be\/wordpress\/wp-content\/uploads\/2022\/12\/PHOTO-2022-12-10-11-47-02-225x300.jpg 225w, https:\/\/charneux.be\/wordpress\/wp-content\/uploads\/2022\/12\/PHOTO-2022-12-10-11-47-02-375x500.jpg 375w, https:\/\/charneux.be\/wordpress\/wp-content\/uploads\/2022\/12\/PHOTO-2022-12-10-11-47-02-768x1024.jpg 768w, https:\/\/charneux.be\/wordpress\/wp-content\/uploads\/2022\/12\/PHOTO-2022-12-10-11-47-02-1152x1536.jpg 1152w, https:\/\/charneux.be\/wordpress\/wp-content\/uploads\/2022\/12\/PHOTO-2022-12-10-11-47-02.jpg 1530w\" sizes=\"(max-width: 225px) 100vw, 225px\" \/><\/a> <a href=\"https:\/\/charneux.be\/wordpress\/wp-content\/uploads\/2022\/12\/PHOTO-2022-12-10-11-47-54.jpg\"><img loading=\"lazy\" decoding=\"async\" class=\"alignnone size-medium wp-image-1246\" src=\"https:\/\/charneux.be\/wordpress\/wp-content\/uploads\/2022\/12\/PHOTO-2022-12-10-11-47-54-300x225.jpg\" alt=\"\" width=\"300\" height=\"225\" srcset=\"https:\/\/charneux.be\/wordpress\/wp-content\/uploads\/2022\/12\/PHOTO-2022-12-10-11-47-54-300x225.jpg 300w, https:\/\/charneux.be\/wordpress\/wp-content\/uploads\/2022\/12\/PHOTO-2022-12-10-11-47-54-500x375.jpg 500w, https:\/\/charneux.be\/wordpress\/wp-content\/uploads\/2022\/12\/PHOTO-2022-12-10-11-47-54-768x576.jpg 768w, https:\/\/charneux.be\/wordpress\/wp-content\/uploads\/2022\/12\/PHOTO-2022-12-10-11-47-54-1024x768.jpg 1024w, https:\/\/charneux.be\/wordpress\/wp-content\/uploads\/2022\/12\/PHOTO-2022-12-10-11-47-54-1536x1152.jpg 1536w, https:\/\/charneux.be\/wordpress\/wp-content\/uploads\/2022\/12\/PHOTO-2022-12-10-11-47-54.jpg 2040w\" sizes=\"(max-width: 300px) 100vw, 300px\" \/><\/a> <a href=\"https:\/\/charneux.be\/wordpress\/wp-content\/uploads\/2022\/12\/PHOTO-2022-12-10-11-45-29.jpg\"><img loading=\"lazy\" decoding=\"async\" class=\"alignnone size-medium wp-image-1251\" src=\"https:\/\/charneux.be\/wordpress\/wp-content\/uploads\/2022\/12\/PHOTO-2022-12-10-11-45-29-225x300.jpg\" alt=\"\" width=\"225\" height=\"300\" srcset=\"https:\/\/charneux.be\/wordpress\/wp-content\/uploads\/2022\/12\/PHOTO-2022-12-10-11-45-29-225x300.jpg 225w, https:\/\/charneux.be\/wordpress\/wp-content\/uploads\/2022\/12\/PHOTO-2022-12-10-11-45-29-375x500.jpg 375w, https:\/\/charneux.be\/wordpress\/wp-content\/uploads\/2022\/12\/PHOTO-2022-12-10-11-45-29-768x1024.jpg 768w, https:\/\/charneux.be\/wordpress\/wp-content\/uploads\/2022\/12\/PHOTO-2022-12-10-11-45-29-1152x1536.jpg 1152w, https:\/\/charneux.be\/wordpress\/wp-content\/uploads\/2022\/12\/PHOTO-2022-12-10-11-45-29.jpg 1530w\" sizes=\"(max-width: 225px) 100vw, 225px\" \/><\/a> <a href=\"https:\/\/charneux.be\/wordpress\/wp-content\/uploads\/2022\/12\/PHOTO-2022-12-10-11-45-16.jpg\"><img loading=\"lazy\" decoding=\"async\" class=\"alignnone size-medium wp-image-1252\" src=\"https:\/\/charneux.be\/wordpress\/wp-content\/uploads\/2022\/12\/PHOTO-2022-12-10-11-45-16-225x300.jpg\" alt=\"\" width=\"225\" height=\"300\" srcset=\"https:\/\/charneux.be\/wordpress\/wp-content\/uploads\/2022\/12\/PHOTO-2022-12-10-11-45-16-225x300.jpg 225w, https:\/\/charneux.be\/wordpress\/wp-content\/uploads\/2022\/12\/PHOTO-2022-12-10-11-45-16-375x500.jpg 375w, https:\/\/charneux.be\/wordpress\/wp-content\/uploads\/2022\/12\/PHOTO-2022-12-10-11-45-16-768x1024.jpg 768w, https:\/\/charneux.be\/wordpress\/wp-content\/uploads\/2022\/12\/PHOTO-2022-12-10-11-45-16-1152x1536.jpg 1152w, https:\/\/charneux.be\/wordpress\/wp-content\/uploads\/2022\/12\/PHOTO-2022-12-10-11-45-16.jpg 1536w\" sizes=\"(max-width: 225px) 100vw, 225px\" \/><\/a> <a href=\"https:\/\/charneux.be\/wordpress\/wp-content\/uploads\/2022\/12\/PHOTO-2022-12-10-11-44-59.jpg\"><img loading=\"lazy\" decoding=\"async\" class=\"alignnone size-medium wp-image-1253\" src=\"https:\/\/charneux.be\/wordpress\/wp-content\/uploads\/2022\/12\/PHOTO-2022-12-10-11-44-59-225x300.jpg\" alt=\"\" width=\"225\" height=\"300\" srcset=\"https:\/\/charneux.be\/wordpress\/wp-content\/uploads\/2022\/12\/PHOTO-2022-12-10-11-44-59-225x300.jpg 225w, https:\/\/charneux.be\/wordpress\/wp-content\/uploads\/2022\/12\/PHOTO-2022-12-10-11-44-59-375x500.jpg 375w, https:\/\/charneux.be\/wordpress\/wp-content\/uploads\/2022\/12\/PHOTO-2022-12-10-11-44-59-768x1024.jpg 768w, https:\/\/charneux.be\/wordpress\/wp-content\/uploads\/2022\/12\/PHOTO-2022-12-10-11-44-59-1152x1536.jpg 1152w, https:\/\/charneux.be\/wordpress\/wp-content\/uploads\/2022\/12\/PHOTO-2022-12-10-11-44-59.jpg 1536w\" sizes=\"(max-width: 225px) 100vw, 225px\" \/><\/a> <a href=\"https:\/\/charneux.be\/wordpress\/wp-content\/uploads\/2022\/12\/PHOTO-2022-12-10-11-44-42.jpg\"><img loading=\"lazy\" decoding=\"async\" class=\"alignnone size-medium wp-image-1254\" src=\"https:\/\/charneux.be\/wordpress\/wp-content\/uploads\/2022\/12\/PHOTO-2022-12-10-11-44-42-225x300.jpg\" alt=\"\" width=\"225\" height=\"300\" srcset=\"https:\/\/charneux.be\/wordpress\/wp-content\/uploads\/2022\/12\/PHOTO-2022-12-10-11-44-42-225x300.jpg 225w, https:\/\/charneux.be\/wordpress\/wp-content\/uploads\/2022\/12\/PHOTO-2022-12-10-11-44-42-375x500.jpg 375w, https:\/\/charneux.be\/wordpress\/wp-content\/uploads\/2022\/12\/PHOTO-2022-12-10-11-44-42-768x1024.jpg 768w, https:\/\/charneux.be\/wordpress\/wp-content\/uploads\/2022\/12\/PHOTO-2022-12-10-11-44-42-1152x1536.jpg 1152w, https:\/\/charneux.be\/wordpress\/wp-content\/uploads\/2022\/12\/PHOTO-2022-12-10-11-44-42.jpg 1530w\" sizes=\"(max-width: 225px) 100vw, 225px\" \/><\/a> <a href=\"https:\/\/charneux.be\/wordpress\/wp-content\/uploads\/2022\/12\/PHOTO-2022-12-10-11-44-24.jpg\"><img loading=\"lazy\" decoding=\"async\" class=\"alignnone size-medium wp-image-1255\" src=\"https:\/\/charneux.be\/wordpress\/wp-content\/uploads\/2022\/12\/PHOTO-2022-12-10-11-44-24-225x300.jpg\" alt=\"\" width=\"225\" height=\"300\" srcset=\"https:\/\/charneux.be\/wordpress\/wp-content\/uploads\/2022\/12\/PHOTO-2022-12-10-11-44-24-225x300.jpg 225w, https:\/\/charneux.be\/wordpress\/wp-content\/uploads\/2022\/12\/PHOTO-2022-12-10-11-44-24-375x500.jpg 375w, https:\/\/charneux.be\/wordpress\/wp-content\/uploads\/2022\/12\/PHOTO-2022-12-10-11-44-24-768x1024.jpg 768w, https:\/\/charneux.be\/wordpress\/wp-content\/uploads\/2022\/12\/PHOTO-2022-12-10-11-44-24-1152x1536.jpg 1152w, https:\/\/charneux.be\/wordpress\/wp-content\/uploads\/2022\/12\/PHOTO-2022-12-10-11-44-24.jpg 1530w\" sizes=\"(max-width: 225px) 100vw, 225px\" \/><\/a><\/p>\n","protected":false},"excerpt":{"rendered":"","protected":false},"author":13,"featured_media":0,"comment_status":"closed","ping_status":"open","sticky":false,"template":"","format":"standard","meta":{"footnotes":""},"categories":[2],"tags":[],"class_list":["post-1243","post","type-post","status-publish","format-standard","hentry","category-primaire"],"yoast_head":"<!-- This site is optimized with the Yoast SEO plugin v23.6 - https:\/\/yoast.com\/wordpress\/plugins\/seo\/ -->\n<title>Visite de la mine de Blegny le 8 novembre 2022. - \u00c9cole libre de Charneux<\/title>\n<meta name=\"robots\" content=\"index, follow, max-snippet:-1, max-image-preview:large, max-video-preview:-1\" \/>\n<link rel=\"canonical\" href=\"https:\/\/charneux.be\/preprod\/visite-de-la-mine-de-blegny-le-8-novembre-2022\/\" \/>\n<meta property=\"og:locale\" content=\"fr_FR\" \/>\n<meta property=\"og:type\" content=\"article\" \/>\n<meta property=\"og:title\" content=\"Visite de la mine de Blegny le 8 novembre 2022. - \u00c9cole libre de Charneux\" \/>\n<meta property=\"og:url\" content=\"https:\/\/charneux.be\/preprod\/visite-de-la-mine-de-blegny-le-8-novembre-2022\/\" \/>\n<meta property=\"og:site_name\" content=\"\u00c9cole libre de Charneux\" \/>\n<meta property=\"article:published_time\" content=\"2022-12-19T16:22:10+00:00\" \/>\n<meta property=\"article:modified_time\" content=\"2022-12-19T16:27:52+00:00\" \/>\n<meta property=\"og:image\" content=\"http:\/\/charneux.be\/wordpress\/wp-content\/uploads\/2022\/12\/PHOTO-2022-12-10-11-48-31-225x300.jpg\" \/>\n<meta name=\"author\" content=\"Mariette Delhez\" \/>\n<meta name=\"twitter:label1\" content=\"\u00c9crit par\" \/>\n\t<meta name=\"twitter:data1\" content=\"Mariette Delhez\" \/>\n\t<meta name=\"twitter:label2\" content=\"Dur\u00e9e de lecture estim\u00e9e\" \/>\n\t<meta name=\"twitter:data2\" content=\"3 minutes\" \/>\n<script type=\"application\/ld+json\" class=\"yoast-schema-graph\">{\"@context\":\"https:\/\/schema.org\",\"@graph\":[{\"@type\":\"Article\",\"@id\":\"https:\/\/charneux.be\/preprod\/visite-de-la-mine-de-blegny-le-8-novembre-2022\/#article\",\"isPartOf\":{\"@id\":\"https:\/\/charneux.be\/preprod\/visite-de-la-mine-de-blegny-le-8-novembre-2022\/\"},\"author\":{\"name\":\"Mariette Delhez\",\"@id\":\"https:\/\/charneux.be\/wordpress\/#\/schema\/person\/112285787eee499ea293d44be91e65f2\"},\"headline\":\"Visite de la mine de Blegny le 8 novembre 2022.\",\"datePublished\":\"2022-12-19T16:22:10+00:00\",\"dateModified\":\"2022-12-19T16:27:52+00:00\",\"mainEntityOfPage\":{\"@id\":\"https:\/\/charneux.be\/preprod\/visite-de-la-mine-de-blegny-le-8-novembre-2022\/\"},\"wordCount\":8,\"publisher\":{\"@id\":\"https:\/\/charneux.be\/wordpress\/#organization\"},\"image\":{\"@id\":\"https:\/\/charneux.be\/preprod\/visite-de-la-mine-de-blegny-le-8-novembre-2022\/#primaryimage\"},\"thumbnailUrl\":\"http:\/\/charneux.be\/wordpress\/wp-content\/uploads\/2022\/12\/PHOTO-2022-12-10-11-48-31-225x300.jpg\",\"articleSection\":[\"En primaire\"],\"inLanguage\":\"fr-FR\"},{\"@type\":\"WebPage\",\"@id\":\"https:\/\/charneux.be\/preprod\/visite-de-la-mine-de-blegny-le-8-novembre-2022\/\",\"url\":\"https:\/\/charneux.be\/preprod\/visite-de-la-mine-de-blegny-le-8-novembre-2022\/\",\"name\":\"Visite de la mine de Blegny le 8 novembre 2022. - \u00c9cole libre de Charneux\",\"isPartOf\":{\"@id\":\"https:\/\/charneux.be\/wordpress\/#website\"},\"primaryImageOfPage\":{\"@id\":\"https:\/\/charneux.be\/preprod\/visite-de-la-mine-de-blegny-le-8-novembre-2022\/#primaryimage\"},\"image\":{\"@id\":\"https:\/\/charneux.be\/preprod\/visite-de-la-mine-de-blegny-le-8-novembre-2022\/#primaryimage\"},\"thumbnailUrl\":\"http:\/\/charneux.be\/wordpress\/wp-content\/uploads\/2022\/12\/PHOTO-2022-12-10-11-48-31-225x300.jpg\",\"datePublished\":\"2022-12-19T16:22:10+00:00\",\"dateModified\":\"2022-12-19T16:27:52+00:00\",\"breadcrumb\":{\"@id\":\"https:\/\/charneux.be\/preprod\/visite-de-la-mine-de-blegny-le-8-novembre-2022\/#breadcrumb\"},\"inLanguage\":\"fr-FR\",\"potentialAction\":[{\"@type\":\"ReadAction\",\"target\":[\"https:\/\/charneux.be\/preprod\/visite-de-la-mine-de-blegny-le-8-novembre-2022\/\"]}]},{\"@type\":\"ImageObject\",\"inLanguage\":\"fr-FR\",\"@id\":\"https:\/\/charneux.be\/preprod\/visite-de-la-mine-de-blegny-le-8-novembre-2022\/#primaryimage\",\"url\":\"http:\/\/charneux.be\/wordpress\/wp-content\/uploads\/2022\/12\/PHOTO-2022-12-10-11-48-31-225x300.jpg\",\"contentUrl\":\"http:\/\/charneux.be\/wordpress\/wp-content\/uploads\/2022\/12\/PHOTO-2022-12-10-11-48-31-225x300.jpg\"},{\"@type\":\"BreadcrumbList\",\"@id\":\"https:\/\/charneux.be\/preprod\/visite-de-la-mine-de-blegny-le-8-novembre-2022\/#breadcrumb\",\"itemListElement\":[{\"@type\":\"ListItem\",\"position\":1,\"name\":\"Accueil\",\"item\":\"https:\/\/charneux.be\/preprod\/\"},{\"@type\":\"ListItem\",\"position\":2,\"name\":\"Visite de la mine de Blegny le 8 novembre 2022.\"}]},{\"@type\":\"WebSite\",\"@id\":\"https:\/\/charneux.be\/wordpress\/#website\",\"url\":\"https:\/\/charneux.be\/wordpress\/\",\"name\":\"Charneux\",\"description\":\"\",\"publisher\":{\"@id\":\"https:\/\/charneux.be\/wordpress\/#organization\"},\"potentialAction\":[{\"@type\":\"SearchAction\",\"target\":{\"@type\":\"EntryPoint\",\"urlTemplate\":\"https:\/\/charneux.be\/wordpress\/?s={search_term_string}\"},\"query-input\":{\"@type\":\"PropertyValueSpecification\",\"valueRequired\":true,\"valueName\":\"search_term_string\"}}],\"inLanguage\":\"fr-FR\"},{\"@type\":\"Organization\",\"@id\":\"https:\/\/charneux.be\/wordpress\/#organization\",\"name\":\"Ecole libre de Charneux\",\"url\":\"https:\/\/charneux.be\/wordpress\/\",\"logo\":{\"@type\":\"ImageObject\",\"inLanguage\":\"fr-FR\",\"@id\":\"https:\/\/charneux.be\/wordpress\/#\/schema\/logo\/image\/\",\"url\":\"https:\/\/charneux.be\/wordpress\/wp-content\/uploads\/2024\/08\/cropped-Logo-bleu.png\",\"contentUrl\":\"https:\/\/charneux.be\/wordpress\/wp-content\/uploads\/2024\/08\/cropped-Logo-bleu.png\",\"width\":480,\"height\":799,\"caption\":\"Ecole libre de Charneux\"},\"image\":{\"@id\":\"https:\/\/charneux.be\/wordpress\/#\/schema\/logo\/image\/\"}},{\"@type\":\"Person\",\"@id\":\"https:\/\/charneux.be\/wordpress\/#\/schema\/person\/112285787eee499ea293d44be91e65f2\",\"name\":\"Mariette Delhez\",\"image\":{\"@type\":\"ImageObject\",\"inLanguage\":\"fr-FR\",\"@id\":\"https:\/\/charneux.be\/wordpress\/#\/schema\/person\/image\/\",\"url\":\"https:\/\/secure.gravatar.com\/avatar\/a899e88cc8b9af838e499f0abe160da7f528eecdc73fd9eb26c0232abddc2b2f?s=96&d=mm&r=g\",\"contentUrl\":\"https:\/\/secure.gravatar.com\/avatar\/a899e88cc8b9af838e499f0abe160da7f528eecdc73fd9eb26c0232abddc2b2f?s=96&d=mm&r=g\",\"caption\":\"Mariette Delhez\"},\"url\":\"https:\/\/charneux.be\/wordpress\/author\/mariette-delhez\/\"}]}<\/script>\n<!-- \/ Yoast SEO plugin. -->","yoast_head_json":{"title":"Visite de la mine de Blegny le 8 novembre 2022. - \u00c9cole libre de Charneux","robots":{"index":"index","follow":"follow","max-snippet":"max-snippet:-1","max-image-preview":"max-image-preview:large","max-video-preview":"max-video-preview:-1"},"canonical":"https:\/\/charneux.be\/preprod\/visite-de-la-mine-de-blegny-le-8-novembre-2022\/","og_locale":"fr_FR","og_type":"article","og_title":"Visite de la mine de Blegny le 8 novembre 2022. - \u00c9cole libre de Charneux","og_url":"https:\/\/charneux.be\/preprod\/visite-de-la-mine-de-blegny-le-8-novembre-2022\/","og_site_name":"\u00c9cole libre de Charneux","article_published_time":"2022-12-19T16:22:10+00:00","article_modified_time":"2022-12-19T16:27:52+00:00","og_image":[{"url":"http:\/\/charneux.be\/wordpress\/wp-content\/uploads\/2022\/12\/PHOTO-2022-12-10-11-48-31-225x300.jpg"}],"author":"Mariette Delhez","twitter_misc":{"\u00c9crit par":"Mariette Delhez","Dur\u00e9e de lecture estim\u00e9e":"3 minutes"},"schema":{"@context":"https:\/\/schema.org","@graph":[{"@type":"Article","@id":"https:\/\/charneux.be\/preprod\/visite-de-la-mine-de-blegny-le-8-novembre-2022\/#article","isPartOf":{"@id":"https:\/\/charneux.be\/preprod\/visite-de-la-mine-de-blegny-le-8-novembre-2022\/"},"author":{"name":"Mariette Delhez","@id":"https:\/\/charneux.be\/wordpress\/#\/schema\/person\/112285787eee499ea293d44be91e65f2"},"headline":"Visite de la mine de Blegny le 8 novembre 2022.","datePublished":"2022-12-19T16:22:10+00:00","dateModified":"2022-12-19T16:27:52+00:00","mainEntityOfPage":{"@id":"https:\/\/charneux.be\/preprod\/visite-de-la-mine-de-blegny-le-8-novembre-2022\/"},"wordCount":8,"publisher":{"@id":"https:\/\/charneux.be\/wordpress\/#organization"},"image":{"@id":"https:\/\/charneux.be\/preprod\/visite-de-la-mine-de-blegny-le-8-novembre-2022\/#primaryimage"},"thumbnailUrl":"http:\/\/charneux.be\/wordpress\/wp-content\/uploads\/2022\/12\/PHOTO-2022-12-10-11-48-31-225x300.jpg","articleSection":["En primaire"],"inLanguage":"fr-FR"},{"@type":"WebPage","@id":"https:\/\/charneux.be\/preprod\/visite-de-la-mine-de-blegny-le-8-novembre-2022\/","url":"https:\/\/charneux.be\/preprod\/visite-de-la-mine-de-blegny-le-8-novembre-2022\/","name":"Visite de la mine de Blegny le 8 novembre 2022. - \u00c9cole libre de Charneux","isPartOf":{"@id":"https:\/\/charneux.be\/wordpress\/#website"},"primaryImageOfPage":{"@id":"https:\/\/charneux.be\/preprod\/visite-de-la-mine-de-blegny-le-8-novembre-2022\/#primaryimage"},"image":{"@id":"https:\/\/charneux.be\/preprod\/visite-de-la-mine-de-blegny-le-8-novembre-2022\/#primaryimage"},"thumbnailUrl":"http:\/\/charneux.be\/wordpress\/wp-content\/uploads\/2022\/12\/PHOTO-2022-12-10-11-48-31-225x300.jpg","datePublished":"2022-12-19T16:22:10+00:00","dateModified":"2022-12-19T16:27:52+00:00","breadcrumb":{"@id":"https:\/\/charneux.be\/preprod\/visite-de-la-mine-de-blegny-le-8-novembre-2022\/#breadcrumb"},"inLanguage":"fr-FR","potentialAction":[{"@type":"ReadAction","target":["https:\/\/charneux.be\/preprod\/visite-de-la-mine-de-blegny-le-8-novembre-2022\/"]}]},{"@type":"ImageObject","inLanguage":"fr-FR","@id":"https:\/\/charneux.be\/preprod\/visite-de-la-mine-de-blegny-le-8-novembre-2022\/#primaryimage","url":"http:\/\/charneux.be\/wordpress\/wp-content\/uploads\/2022\/12\/PHOTO-2022-12-10-11-48-31-225x300.jpg","contentUrl":"http:\/\/charneux.be\/wordpress\/wp-content\/uploads\/2022\/12\/PHOTO-2022-12-10-11-48-31-225x300.jpg"},{"@type":"BreadcrumbList","@id":"https:\/\/charneux.be\/preprod\/visite-de-la-mine-de-blegny-le-8-novembre-2022\/#breadcrumb","itemListElement":[{"@type":"ListItem","position":1,"name":"Accueil","item":"https:\/\/charneux.be\/preprod\/"},{"@type":"ListItem","position":2,"name":"Visite de la mine de Blegny le 8 novembre 2022."}]},{"@type":"WebSite","@id":"https:\/\/charneux.be\/wordpress\/#website","url":"https:\/\/charneux.be\/wordpress\/","name":"Charneux","description":"","publisher":{"@id":"https:\/\/charneux.be\/wordpress\/#organization"},"potentialAction":[{"@type":"SearchAction","target":{"@type":"EntryPoint","urlTemplate":"https:\/\/charneux.be\/wordpress\/?s={search_term_string}"},"query-input":{"@type":"PropertyValueSpecification","valueRequired":true,"valueName":"search_term_string"}}],"inLanguage":"fr-FR"},{"@type":"Organization","@id":"https:\/\/charneux.be\/wordpress\/#organization","name":"Ecole libre de Charneux","url":"https:\/\/charneux.be\/wordpress\/","logo":{"@type":"ImageObject","inLanguage":"fr-FR","@id":"https:\/\/charneux.be\/wordpress\/#\/schema\/logo\/image\/","url":"https:\/\/charneux.be\/wordpress\/wp-content\/uploads\/2024\/08\/cropped-Logo-bleu.png","contentUrl":"https:\/\/charneux.be\/wordpress\/wp-content\/uploads\/2024\/08\/cropped-Logo-bleu.png","width":480,"height":799,"caption":"Ecole libre de Charneux"},"image":{"@id":"https:\/\/charneux.be\/wordpress\/#\/schema\/logo\/image\/"}},{"@type":"Person","@id":"https:\/\/charneux.be\/wordpress\/#\/schema\/person\/112285787eee499ea293d44be91e65f2","name":"Mariette Delhez","image":{"@type":"ImageObject","inLanguage":"fr-FR","@id":"https:\/\/charneux.be\/wordpress\/#\/schema\/person\/image\/","url":"https:\/\/secure.gravatar.com\/avatar\/a899e88cc8b9af838e499f0abe160da7f528eecdc73fd9eb26c0232abddc2b2f?s=96&d=mm&r=g","contentUrl":"https:\/\/secure.gravatar.com\/avatar\/a899e88cc8b9af838e499f0abe160da7f528eecdc73fd9eb26c0232abddc2b2f?s=96&d=mm&r=g","caption":"Mariette Delhez"},"url":"https:\/\/charneux.be\/wordpress\/author\/mariette-delhez\/"}]}},"_links":{"self":[{"href":"https:\/\/charneux.be\/wordpress\/wp-json\/wp\/v2\/posts\/1243","targetHints":{"allow":["GET"]}}],"collection":[{"href":"https:\/\/charneux.be\/wordpress\/wp-json\/wp\/v2\/posts"}],"about":[{"href":"https:\/\/charneux.be\/wordpress\/wp-json\/wp\/v2\/types\/post"}],"author":[{"embeddable":true,"href":"https:\/\/charneux.be\/wordpress\/wp-json\/wp\/v2\/users\/13"}],"replies":[{"embeddable":true,"href":"https:\/\/charneux.be\/wordpress\/wp-json\/wp\/v2\/comments?post=1243"}],"version-history":[{"count":1,"href":"https:\/\/charneux.be\/wordpress\/wp-json\/wp\/v2\/posts\/1243\/revisions"}],"predecessor-version":[{"id":1256,"href":"https:\/\/charneux.be\/wordpress\/wp-json\/wp\/v2\/posts\/1243\/revisions\/1256"}],"wp:attachment":[{"href":"https:\/\/charneux.be\/wordpress\/wp-json\/wp\/v2\/media?parent=1243"}],"wp:term":[{"taxonomy":"category","embeddable":true,"href":"https:\/\/charneux.be\/wordpress\/wp-json\/wp\/v2\/categories?post=1243"},{"taxonomy":"post_tag","embeddable":true,"href":"https:\/\/charneux.be\/wordpress\/wp-json\/wp\/v2\/tags?post=1243"}],"curies":[{"name":"wp","href":"https:\/\/api.w.org\/{rel}","templated":true}]}}