{"id":1326,"date":"2023-04-13T09:16:59","date_gmt":"2023-04-13T08:16:59","guid":{"rendered":"http:\/\/charneux.be\/wordpress\/?p=1326"},"modified":"2023-04-13T09:16:59","modified_gmt":"2023-04-13T08:16:59","slug":"protegeons-notre-planete","status":"publish","type":"post","link":"https:\/\/charneux.be\/wordpress\/protegeons-notre-planete\/","title":{"rendered":"Prot\u00e9geons notre plan\u00e8te&#8230;"},"content":{"rendered":"<p>Dans le cadre du Car\u00eame et du ramassage des d\u00e9chets organis\u00e9s en Wallonie en mars, les \u00e9l\u00e8ves de l&rsquo;\u00e9cole se sont rendus dans les rues de Charneux. Ils ont pris soin des bords de route et pris le temps d&rsquo;observer la nature qui nous entoure. Pour cette activit\u00e9, une classe de grands de l&rsquo;\u00e9cole primaire et de plus petits de l&rsquo;\u00e9cole maternelle \u00e9taient rassembl\u00e9es.<\/p>\n<p><a href=\"https:\/\/charneux.be\/wordpress\/wp-content\/uploads\/2023\/04\/329850457_953497699172049_9208388940807084277_n.jpg\"><img fetchpriority=\"high\" decoding=\"async\" class=\"alignnone size-medium wp-image-1327\" src=\"https:\/\/charneux.be\/wordpress\/wp-content\/uploads\/2023\/04\/329850457_953497699172049_9208388940807084277_n-300x300.jpg\" alt=\"\" width=\"300\" height=\"300\" srcset=\"https:\/\/charneux.be\/wordpress\/wp-content\/uploads\/2023\/04\/329850457_953497699172049_9208388940807084277_n-300x300.jpg 300w, https:\/\/charneux.be\/wordpress\/wp-content\/uploads\/2023\/04\/329850457_953497699172049_9208388940807084277_n-500x500.jpg 500w, https:\/\/charneux.be\/wordpress\/wp-content\/uploads\/2023\/04\/329850457_953497699172049_9208388940807084277_n-768x768.jpg 768w, https:\/\/charneux.be\/wordpress\/wp-content\/uploads\/2023\/04\/329850457_953497699172049_9208388940807084277_n-1024x1024.jpg 1024w, https:\/\/charneux.be\/wordpress\/wp-content\/uploads\/2023\/04\/329850457_953497699172049_9208388940807084277_n-1536x1536.jpg 1536w, https:\/\/charneux.be\/wordpress\/wp-content\/uploads\/2023\/04\/329850457_953497699172049_9208388940807084277_n.jpg 2048w\" sizes=\"(max-width: 300px) 100vw, 300px\" \/><\/a> <a href=\"https:\/\/charneux.be\/wordpress\/wp-content\/uploads\/2023\/04\/330247336_1381252556049864_3442364049005010142_n.jpg\"><img decoding=\"async\" class=\"alignnone size-medium wp-image-1328\" src=\"https:\/\/charneux.be\/wordpress\/wp-content\/uploads\/2023\/04\/330247336_1381252556049864_3442364049005010142_n-300x300.jpg\" alt=\"\" width=\"300\" height=\"300\" srcset=\"https:\/\/charneux.be\/wordpress\/wp-content\/uploads\/2023\/04\/330247336_1381252556049864_3442364049005010142_n-300x300.jpg 300w, https:\/\/charneux.be\/wordpress\/wp-content\/uploads\/2023\/04\/330247336_1381252556049864_3442364049005010142_n-500x500.jpg 500w, https:\/\/charneux.be\/wordpress\/wp-content\/uploads\/2023\/04\/330247336_1381252556049864_3442364049005010142_n-768x768.jpg 768w, https:\/\/charneux.be\/wordpress\/wp-content\/uploads\/2023\/04\/330247336_1381252556049864_3442364049005010142_n-1024x1024.jpg 1024w, https:\/\/charneux.be\/wordpress\/wp-content\/uploads\/2023\/04\/330247336_1381252556049864_3442364049005010142_n-1536x1536.jpg 1536w, https:\/\/charneux.be\/wordpress\/wp-content\/uploads\/2023\/04\/330247336_1381252556049864_3442364049005010142_n.jpg 2048w\" sizes=\"(max-width: 300px) 100vw, 300px\" \/><\/a> <a href=\"https:\/\/charneux.be\/wordpress\/wp-content\/uploads\/2023\/04\/339336908_6262015753857768_476103005548108264_n.jpg\"><img decoding=\"async\" class=\"alignnone size-medium wp-image-1329\" src=\"https:\/\/charneux.be\/wordpress\/wp-content\/uploads\/2023\/04\/339336908_6262015753857768_476103005548108264_n-300x300.jpg\" alt=\"\" width=\"300\" height=\"300\" srcset=\"https:\/\/charneux.be\/wordpress\/wp-content\/uploads\/2023\/04\/339336908_6262015753857768_476103005548108264_n-300x300.jpg 300w, https:\/\/charneux.be\/wordpress\/wp-content\/uploads\/2023\/04\/339336908_6262015753857768_476103005548108264_n-500x500.jpg 500w, https:\/\/charneux.be\/wordpress\/wp-content\/uploads\/2023\/04\/339336908_6262015753857768_476103005548108264_n-768x768.jpg 768w, https:\/\/charneux.be\/wordpress\/wp-content\/uploads\/2023\/04\/339336908_6262015753857768_476103005548108264_n-1024x1024.jpg 1024w, https:\/\/charneux.be\/wordpress\/wp-content\/uploads\/2023\/04\/339336908_6262015753857768_476103005548108264_n-1536x1536.jpg 1536w, https:\/\/charneux.be\/wordpress\/wp-content\/uploads\/2023\/04\/339336908_6262015753857768_476103005548108264_n.jpg 2048w\" sizes=\"(max-width: 300px) 100vw, 300px\" \/><\/a> <a href=\"https:\/\/charneux.be\/wordpress\/wp-content\/uploads\/2023\/04\/339465566_775001480920887_6117917612475578857_n.jpg\"><img loading=\"lazy\" decoding=\"async\" class=\"alignnone size-medium wp-image-1330\" src=\"https:\/\/charneux.be\/wordpress\/wp-content\/uploads\/2023\/04\/339465566_775001480920887_6117917612475578857_n-300x300.jpg\" alt=\"\" width=\"300\" height=\"300\" srcset=\"https:\/\/charneux.be\/wordpress\/wp-content\/uploads\/2023\/04\/339465566_775001480920887_6117917612475578857_n-300x300.jpg 300w, https:\/\/charneux.be\/wordpress\/wp-content\/uploads\/2023\/04\/339465566_775001480920887_6117917612475578857_n-500x500.jpg 500w, https:\/\/charneux.be\/wordpress\/wp-content\/uploads\/2023\/04\/339465566_775001480920887_6117917612475578857_n-768x768.jpg 768w, https:\/\/charneux.be\/wordpress\/wp-content\/uploads\/2023\/04\/339465566_775001480920887_6117917612475578857_n-1024x1024.jpg 1024w, https:\/\/charneux.be\/wordpress\/wp-content\/uploads\/2023\/04\/339465566_775001480920887_6117917612475578857_n-1536x1536.jpg 1536w, https:\/\/charneux.be\/wordpress\/wp-content\/uploads\/2023\/04\/339465566_775001480920887_6117917612475578857_n.jpg 2048w\" sizes=\"(max-width: 300px) 100vw, 300px\" \/><\/a> <a href=\"https:\/\/charneux.be\/wordpress\/wp-content\/uploads\/2023\/04\/339476107_740659210863256_1815988559756146656_n.jpg\"><img loading=\"lazy\" decoding=\"async\" class=\"alignnone size-medium wp-image-1331\" src=\"https:\/\/charneux.be\/wordpress\/wp-content\/uploads\/2023\/04\/339476107_740659210863256_1815988559756146656_n-300x300.jpg\" alt=\"\" width=\"300\" height=\"300\" srcset=\"https:\/\/charneux.be\/wordpress\/wp-content\/uploads\/2023\/04\/339476107_740659210863256_1815988559756146656_n-300x300.jpg 300w, https:\/\/charneux.be\/wordpress\/wp-content\/uploads\/2023\/04\/339476107_740659210863256_1815988559756146656_n-500x500.jpg 500w, https:\/\/charneux.be\/wordpress\/wp-content\/uploads\/2023\/04\/339476107_740659210863256_1815988559756146656_n-768x768.jpg 768w, https:\/\/charneux.be\/wordpress\/wp-content\/uploads\/2023\/04\/339476107_740659210863256_1815988559756146656_n-1024x1024.jpg 1024w, https:\/\/charneux.be\/wordpress\/wp-content\/uploads\/2023\/04\/339476107_740659210863256_1815988559756146656_n-1536x1536.jpg 1536w, https:\/\/charneux.be\/wordpress\/wp-content\/uploads\/2023\/04\/339476107_740659210863256_1815988559756146656_n.jpg 2048w\" sizes=\"(max-width: 300px) 100vw, 300px\" \/><\/a> <a href=\"https:\/\/charneux.be\/wordpress\/wp-content\/uploads\/2023\/04\/339939982_163209096669868_4010719544783051404_n.jpg\"><img loading=\"lazy\" decoding=\"async\" class=\"alignnone size-medium wp-image-1332\" src=\"https:\/\/charneux.be\/wordpress\/wp-content\/uploads\/2023\/04\/339939982_163209096669868_4010719544783051404_n-300x300.jpg\" alt=\"\" width=\"300\" height=\"300\" srcset=\"https:\/\/charneux.be\/wordpress\/wp-content\/uploads\/2023\/04\/339939982_163209096669868_4010719544783051404_n-300x300.jpg 300w, https:\/\/charneux.be\/wordpress\/wp-content\/uploads\/2023\/04\/339939982_163209096669868_4010719544783051404_n-500x500.jpg 500w, https:\/\/charneux.be\/wordpress\/wp-content\/uploads\/2023\/04\/339939982_163209096669868_4010719544783051404_n-768x768.jpg 768w, https:\/\/charneux.be\/wordpress\/wp-content\/uploads\/2023\/04\/339939982_163209096669868_4010719544783051404_n-1024x1024.jpg 1024w, https:\/\/charneux.be\/wordpress\/wp-content\/uploads\/2023\/04\/339939982_163209096669868_4010719544783051404_n-1536x1536.jpg 1536w, https:\/\/charneux.be\/wordpress\/wp-content\/uploads\/2023\/04\/339939982_163209096669868_4010719544783051404_n.jpg 2048w\" sizes=\"(max-width: 300px) 100vw, 300px\" \/><\/a><\/p>\n","protected":false},"excerpt":{"rendered":"<p>Dans le cadre du Car\u00eame et du ramassage des d\u00e9chets organis\u00e9s en Wallonie en mars, les \u00e9l\u00e8ves de l&rsquo;\u00e9cole se sont rendus dans les rues de Charneux. Ils ont pris soin des bords de route et pris le temps d&rsquo;observer la nature qui nous entoure. Pour cette activit\u00e9, une classe de grands de l&rsquo;\u00e9cole primaire [&hellip;]<\/p>\n","protected":false},"author":17,"featured_media":0,"comment_status":"closed","ping_status":"open","sticky":false,"template":"","format":"standard","meta":{"footnotes":""},"categories":[1],"tags":[],"class_list":["post-1326","post","type-post","status-publish","format-standard","hentry","category-non-classe"],"yoast_head":"<!-- This site is optimized with the Yoast SEO plugin v23.6 - https:\/\/yoast.com\/wordpress\/plugins\/seo\/ -->\n<title>Prot\u00e9geons notre plan\u00e8te... - \u00c9cole libre de Charneux<\/title>\n<meta name=\"robots\" content=\"index, follow, max-snippet:-1, max-image-preview:large, max-video-preview:-1\" \/>\n<link rel=\"canonical\" href=\"https:\/\/charneux.be\/preprod\/protegeons-notre-planete\/\" \/>\n<meta property=\"og:locale\" content=\"fr_FR\" \/>\n<meta property=\"og:type\" content=\"article\" \/>\n<meta property=\"og:title\" content=\"Prot\u00e9geons notre plan\u00e8te... - \u00c9cole libre de Charneux\" \/>\n<meta property=\"og:description\" content=\"Dans le cadre du Car\u00eame et du ramassage des d\u00e9chets organis\u00e9s en Wallonie en mars, les \u00e9l\u00e8ves de l&rsquo;\u00e9cole se sont rendus dans les rues de Charneux. Ils ont pris soin des bords de route et pris le temps d&rsquo;observer la nature qui nous entoure. Pour cette activit\u00e9, une classe de grands de l&rsquo;\u00e9cole primaire [&hellip;]\" \/>\n<meta property=\"og:url\" content=\"https:\/\/charneux.be\/preprod\/protegeons-notre-planete\/\" \/>\n<meta property=\"og:site_name\" content=\"\u00c9cole libre de Charneux\" \/>\n<meta property=\"article:published_time\" content=\"2023-04-13T08:16:59+00:00\" \/>\n<meta property=\"og:image\" content=\"http:\/\/charneux.be\/wordpress\/wp-content\/uploads\/2023\/04\/329850457_953497699172049_9208388940807084277_n-300x300.jpg\" \/>\n<meta name=\"author\" content=\"M\u00e9lanie Habay\" \/>\n<meta name=\"twitter:label1\" content=\"\u00c9crit par\" \/>\n\t<meta name=\"twitter:data1\" content=\"M\u00e9lanie Habay\" \/>\n<script type=\"application\/ld+json\" class=\"yoast-schema-graph\">{\"@context\":\"https:\/\/schema.org\",\"@graph\":[{\"@type\":\"Article\",\"@id\":\"https:\/\/charneux.be\/preprod\/protegeons-notre-planete\/#article\",\"isPartOf\":{\"@id\":\"https:\/\/charneux.be\/preprod\/protegeons-notre-planete\/\"},\"author\":{\"name\":\"M\u00e9lanie Habay\",\"@id\":\"https:\/\/charneux.be\/wordpress\/#\/schema\/person\/39130b8e8f418726042c8f1b466ac634\"},\"headline\":\"Prot\u00e9geons notre plan\u00e8te&#8230;\",\"datePublished\":\"2023-04-13T08:16:59+00:00\",\"dateModified\":\"2023-04-13T08:16:59+00:00\",\"mainEntityOfPage\":{\"@id\":\"https:\/\/charneux.be\/preprod\/protegeons-notre-planete\/\"},\"wordCount\":78,\"publisher\":{\"@id\":\"https:\/\/charneux.be\/wordpress\/#organization\"},\"image\":{\"@id\":\"https:\/\/charneux.be\/preprod\/protegeons-notre-planete\/#primaryimage\"},\"thumbnailUrl\":\"http:\/\/charneux.be\/wordpress\/wp-content\/uploads\/2023\/04\/329850457_953497699172049_9208388940807084277_n-300x300.jpg\",\"inLanguage\":\"fr-FR\"},{\"@type\":\"WebPage\",\"@id\":\"https:\/\/charneux.be\/preprod\/protegeons-notre-planete\/\",\"url\":\"https:\/\/charneux.be\/preprod\/protegeons-notre-planete\/\",\"name\":\"Prot\u00e9geons notre plan\u00e8te... - \u00c9cole libre de Charneux\",\"isPartOf\":{\"@id\":\"https:\/\/charneux.be\/wordpress\/#website\"},\"primaryImageOfPage\":{\"@id\":\"https:\/\/charneux.be\/preprod\/protegeons-notre-planete\/#primaryimage\"},\"image\":{\"@id\":\"https:\/\/charneux.be\/preprod\/protegeons-notre-planete\/#primaryimage\"},\"thumbnailUrl\":\"http:\/\/charneux.be\/wordpress\/wp-content\/uploads\/2023\/04\/329850457_953497699172049_9208388940807084277_n-300x300.jpg\",\"datePublished\":\"2023-04-13T08:16:59+00:00\",\"dateModified\":\"2023-04-13T08:16:59+00:00\",\"breadcrumb\":{\"@id\":\"https:\/\/charneux.be\/preprod\/protegeons-notre-planete\/#breadcrumb\"},\"inLanguage\":\"fr-FR\",\"potentialAction\":[{\"@type\":\"ReadAction\",\"target\":[\"https:\/\/charneux.be\/preprod\/protegeons-notre-planete\/\"]}]},{\"@type\":\"ImageObject\",\"inLanguage\":\"fr-FR\",\"@id\":\"https:\/\/charneux.be\/preprod\/protegeons-notre-planete\/#primaryimage\",\"url\":\"http:\/\/charneux.be\/wordpress\/wp-content\/uploads\/2023\/04\/329850457_953497699172049_9208388940807084277_n-300x300.jpg\",\"contentUrl\":\"http:\/\/charneux.be\/wordpress\/wp-content\/uploads\/2023\/04\/329850457_953497699172049_9208388940807084277_n-300x300.jpg\"},{\"@type\":\"BreadcrumbList\",\"@id\":\"https:\/\/charneux.be\/preprod\/protegeons-notre-planete\/#breadcrumb\",\"itemListElement\":[{\"@type\":\"ListItem\",\"position\":1,\"name\":\"Accueil\",\"item\":\"https:\/\/charneux.be\/preprod\/\"},{\"@type\":\"ListItem\",\"position\":2,\"name\":\"Prot\u00e9geons notre plan\u00e8te&#8230;\"}]},{\"@type\":\"WebSite\",\"@id\":\"https:\/\/charneux.be\/wordpress\/#website\",\"url\":\"https:\/\/charneux.be\/wordpress\/\",\"name\":\"Charneux\",\"description\":\"\",\"publisher\":{\"@id\":\"https:\/\/charneux.be\/wordpress\/#organization\"},\"potentialAction\":[{\"@type\":\"SearchAction\",\"target\":{\"@type\":\"EntryPoint\",\"urlTemplate\":\"https:\/\/charneux.be\/wordpress\/?s={search_term_string}\"},\"query-input\":{\"@type\":\"PropertyValueSpecification\",\"valueRequired\":true,\"valueName\":\"search_term_string\"}}],\"inLanguage\":\"fr-FR\"},{\"@type\":\"Organization\",\"@id\":\"https:\/\/charneux.be\/wordpress\/#organization\",\"name\":\"Ecole libre de Charneux\",\"url\":\"https:\/\/charneux.be\/wordpress\/\",\"logo\":{\"@type\":\"ImageObject\",\"inLanguage\":\"fr-FR\",\"@id\":\"https:\/\/charneux.be\/wordpress\/#\/schema\/logo\/image\/\",\"url\":\"https:\/\/charneux.be\/wordpress\/wp-content\/uploads\/2024\/08\/cropped-Logo-bleu.png\",\"contentUrl\":\"https:\/\/charneux.be\/wordpress\/wp-content\/uploads\/2024\/08\/cropped-Logo-bleu.png\",\"width\":480,\"height\":799,\"caption\":\"Ecole libre de Charneux\"},\"image\":{\"@id\":\"https:\/\/charneux.be\/wordpress\/#\/schema\/logo\/image\/\"}},{\"@type\":\"Person\",\"@id\":\"https:\/\/charneux.be\/wordpress\/#\/schema\/person\/39130b8e8f418726042c8f1b466ac634\",\"name\":\"M\u00e9lanie Habay\",\"image\":{\"@type\":\"ImageObject\",\"inLanguage\":\"fr-FR\",\"@id\":\"https:\/\/charneux.be\/wordpress\/#\/schema\/person\/image\/\",\"url\":\"https:\/\/secure.gravatar.com\/avatar\/9d0cf4dbcd1440384398ea11d05011b39b101023a3032672703b13befaa786a7?s=96&d=mm&r=g\",\"contentUrl\":\"https:\/\/secure.gravatar.com\/avatar\/9d0cf4dbcd1440384398ea11d05011b39b101023a3032672703b13befaa786a7?s=96&d=mm&r=g\",\"caption\":\"M\u00e9lanie Habay\"},\"url\":\"https:\/\/charneux.be\/wordpress\/author\/melanie-habay\/\"}]}<\/script>\n<!-- \/ Yoast SEO plugin. -->","yoast_head_json":{"title":"Prot\u00e9geons notre plan\u00e8te... - \u00c9cole libre de Charneux","robots":{"index":"index","follow":"follow","max-snippet":"max-snippet:-1","max-image-preview":"max-image-preview:large","max-video-preview":"max-video-preview:-1"},"canonical":"https:\/\/charneux.be\/preprod\/protegeons-notre-planete\/","og_locale":"fr_FR","og_type":"article","og_title":"Prot\u00e9geons notre plan\u00e8te... - \u00c9cole libre de Charneux","og_description":"Dans le cadre du Car\u00eame et du ramassage des d\u00e9chets organis\u00e9s en Wallonie en mars, les \u00e9l\u00e8ves de l&rsquo;\u00e9cole se sont rendus dans les rues de Charneux. Ils ont pris soin des bords de route et pris le temps d&rsquo;observer la nature qui nous entoure. Pour cette activit\u00e9, une classe de grands de l&rsquo;\u00e9cole primaire [&hellip;]","og_url":"https:\/\/charneux.be\/preprod\/protegeons-notre-planete\/","og_site_name":"\u00c9cole libre de Charneux","article_published_time":"2023-04-13T08:16:59+00:00","og_image":[{"url":"http:\/\/charneux.be\/wordpress\/wp-content\/uploads\/2023\/04\/329850457_953497699172049_9208388940807084277_n-300x300.jpg"}],"author":"M\u00e9lanie Habay","twitter_misc":{"\u00c9crit par":"M\u00e9lanie Habay"},"schema":{"@context":"https:\/\/schema.org","@graph":[{"@type":"Article","@id":"https:\/\/charneux.be\/preprod\/protegeons-notre-planete\/#article","isPartOf":{"@id":"https:\/\/charneux.be\/preprod\/protegeons-notre-planete\/"},"author":{"name":"M\u00e9lanie Habay","@id":"https:\/\/charneux.be\/wordpress\/#\/schema\/person\/39130b8e8f418726042c8f1b466ac634"},"headline":"Prot\u00e9geons notre plan\u00e8te&#8230;","datePublished":"2023-04-13T08:16:59+00:00","dateModified":"2023-04-13T08:16:59+00:00","mainEntityOfPage":{"@id":"https:\/\/charneux.be\/preprod\/protegeons-notre-planete\/"},"wordCount":78,"publisher":{"@id":"https:\/\/charneux.be\/wordpress\/#organization"},"image":{"@id":"https:\/\/charneux.be\/preprod\/protegeons-notre-planete\/#primaryimage"},"thumbnailUrl":"http:\/\/charneux.be\/wordpress\/wp-content\/uploads\/2023\/04\/329850457_953497699172049_9208388940807084277_n-300x300.jpg","inLanguage":"fr-FR"},{"@type":"WebPage","@id":"https:\/\/charneux.be\/preprod\/protegeons-notre-planete\/","url":"https:\/\/charneux.be\/preprod\/protegeons-notre-planete\/","name":"Prot\u00e9geons notre plan\u00e8te... - \u00c9cole libre de Charneux","isPartOf":{"@id":"https:\/\/charneux.be\/wordpress\/#website"},"primaryImageOfPage":{"@id":"https:\/\/charneux.be\/preprod\/protegeons-notre-planete\/#primaryimage"},"image":{"@id":"https:\/\/charneux.be\/preprod\/protegeons-notre-planete\/#primaryimage"},"thumbnailUrl":"http:\/\/charneux.be\/wordpress\/wp-content\/uploads\/2023\/04\/329850457_953497699172049_9208388940807084277_n-300x300.jpg","datePublished":"2023-04-13T08:16:59+00:00","dateModified":"2023-04-13T08:16:59+00:00","breadcrumb":{"@id":"https:\/\/charneux.be\/preprod\/protegeons-notre-planete\/#breadcrumb"},"inLanguage":"fr-FR","potentialAction":[{"@type":"ReadAction","target":["https:\/\/charneux.be\/preprod\/protegeons-notre-planete\/"]}]},{"@type":"ImageObject","inLanguage":"fr-FR","@id":"https:\/\/charneux.be\/preprod\/protegeons-notre-planete\/#primaryimage","url":"http:\/\/charneux.be\/wordpress\/wp-content\/uploads\/2023\/04\/329850457_953497699172049_9208388940807084277_n-300x300.jpg","contentUrl":"http:\/\/charneux.be\/wordpress\/wp-content\/uploads\/2023\/04\/329850457_953497699172049_9208388940807084277_n-300x300.jpg"},{"@type":"BreadcrumbList","@id":"https:\/\/charneux.be\/preprod\/protegeons-notre-planete\/#breadcrumb","itemListElement":[{"@type":"ListItem","position":1,"name":"Accueil","item":"https:\/\/charneux.be\/preprod\/"},{"@type":"ListItem","position":2,"name":"Prot\u00e9geons notre plan\u00e8te&#8230;"}]},{"@type":"WebSite","@id":"https:\/\/charneux.be\/wordpress\/#website","url":"https:\/\/charneux.be\/wordpress\/","name":"Charneux","description":"","publisher":{"@id":"https:\/\/charneux.be\/wordpress\/#organization"},"potentialAction":[{"@type":"SearchAction","target":{"@type":"EntryPoint","urlTemplate":"https:\/\/charneux.be\/wordpress\/?s={search_term_string}"},"query-input":{"@type":"PropertyValueSpecification","valueRequired":true,"valueName":"search_term_string"}}],"inLanguage":"fr-FR"},{"@type":"Organization","@id":"https:\/\/charneux.be\/wordpress\/#organization","name":"Ecole libre de Charneux","url":"https:\/\/charneux.be\/wordpress\/","logo":{"@type":"ImageObject","inLanguage":"fr-FR","@id":"https:\/\/charneux.be\/wordpress\/#\/schema\/logo\/image\/","url":"https:\/\/charneux.be\/wordpress\/wp-content\/uploads\/2024\/08\/cropped-Logo-bleu.png","contentUrl":"https:\/\/charneux.be\/wordpress\/wp-content\/uploads\/2024\/08\/cropped-Logo-bleu.png","width":480,"height":799,"caption":"Ecole libre de Charneux"},"image":{"@id":"https:\/\/charneux.be\/wordpress\/#\/schema\/logo\/image\/"}},{"@type":"Person","@id":"https:\/\/charneux.be\/wordpress\/#\/schema\/person\/39130b8e8f418726042c8f1b466ac634","name":"M\u00e9lanie Habay","image":{"@type":"ImageObject","inLanguage":"fr-FR","@id":"https:\/\/charneux.be\/wordpress\/#\/schema\/person\/image\/","url":"https:\/\/secure.gravatar.com\/avatar\/9d0cf4dbcd1440384398ea11d05011b39b101023a3032672703b13befaa786a7?s=96&d=mm&r=g","contentUrl":"https:\/\/secure.gravatar.com\/avatar\/9d0cf4dbcd1440384398ea11d05011b39b101023a3032672703b13befaa786a7?s=96&d=mm&r=g","caption":"M\u00e9lanie Habay"},"url":"https:\/\/charneux.be\/wordpress\/author\/melanie-habay\/"}]}},"_links":{"self":[{"href":"https:\/\/charneux.be\/wordpress\/wp-json\/wp\/v2\/posts\/1326","targetHints":{"allow":["GET"]}}],"collection":[{"href":"https:\/\/charneux.be\/wordpress\/wp-json\/wp\/v2\/posts"}],"about":[{"href":"https:\/\/charneux.be\/wordpress\/wp-json\/wp\/v2\/types\/post"}],"author":[{"embeddable":true,"href":"https:\/\/charneux.be\/wordpress\/wp-json\/wp\/v2\/users\/17"}],"replies":[{"embeddable":true,"href":"https:\/\/charneux.be\/wordpress\/wp-json\/wp\/v2\/comments?post=1326"}],"version-history":[{"count":1,"href":"https:\/\/charneux.be\/wordpress\/wp-json\/wp\/v2\/posts\/1326\/revisions"}],"predecessor-version":[{"id":1333,"href":"https:\/\/charneux.be\/wordpress\/wp-json\/wp\/v2\/posts\/1326\/revisions\/1333"}],"wp:attachment":[{"href":"https:\/\/charneux.be\/wordpress\/wp-json\/wp\/v2\/media?parent=1326"}],"wp:term":[{"taxonomy":"category","embeddable":true,"href":"https:\/\/charneux.be\/wordpress\/wp-json\/wp\/v2\/categories?post=1326"},{"taxonomy":"post_tag","embeddable":true,"href":"https:\/\/charneux.be\/wordpress\/wp-json\/wp\/v2\/tags?post=1326"}],"curies":[{"name":"wp","href":"https:\/\/api.w.org\/{rel}","templated":true}]}}