{"id":1374,"date":"2023-06-26T11:49:27","date_gmt":"2023-06-26T10:49:27","guid":{"rendered":"http:\/\/charneux.be\/wordpress\/?p=1374"},"modified":"2023-06-26T11:50:28","modified_gmt":"2023-06-26T10:50:28","slug":"p5-p6-benjamin-secouriste","status":"publish","type":"post","link":"https:\/\/charneux.be\/wordpress\/p5-p6-benjamin-secouriste\/","title":{"rendered":"P5-P6: Benjamin secouriste"},"content":{"rendered":"<p><a href=\"https:\/\/charneux.be\/wordpress\/wp-content\/uploads\/2023\/06\/PHOTO-2023-06-12-11-27-06.jpg\"><img fetchpriority=\"high\" decoding=\"async\" class=\"alignnone size-medium wp-image-1376\" src=\"https:\/\/charneux.be\/wordpress\/wp-content\/uploads\/2023\/06\/PHOTO-2023-06-12-11-27-06-169x300.jpg\" alt=\"\" width=\"169\" height=\"300\" srcset=\"https:\/\/charneux.be\/wordpress\/wp-content\/uploads\/2023\/06\/PHOTO-2023-06-12-11-27-06-169x300.jpg 169w, https:\/\/charneux.be\/wordpress\/wp-content\/uploads\/2023\/06\/PHOTO-2023-06-12-11-27-06-281x500.jpg 281w, https:\/\/charneux.be\/wordpress\/wp-content\/uploads\/2023\/06\/PHOTO-2023-06-12-11-27-06-768x1365.jpg 768w, https:\/\/charneux.be\/wordpress\/wp-content\/uploads\/2023\/06\/PHOTO-2023-06-12-11-27-06-576x1024.jpg 576w, https:\/\/charneux.be\/wordpress\/wp-content\/uploads\/2023\/06\/PHOTO-2023-06-12-11-27-06-864x1536.jpg 864w, https:\/\/charneux.be\/wordpress\/wp-content\/uploads\/2023\/06\/PHOTO-2023-06-12-11-27-06.jpg 1152w\" sizes=\"(max-width: 169px) 100vw, 169px\" \/><\/a> <a href=\"https:\/\/charneux.be\/wordpress\/wp-content\/uploads\/2023\/06\/PHOTO-2023-06-12-11-27-05.jpg\"><img decoding=\"async\" class=\"alignnone size-medium wp-image-1377\" src=\"https:\/\/charneux.be\/wordpress\/wp-content\/uploads\/2023\/06\/PHOTO-2023-06-12-11-27-05-169x300.jpg\" alt=\"\" width=\"169\" height=\"300\" srcset=\"https:\/\/charneux.be\/wordpress\/wp-content\/uploads\/2023\/06\/PHOTO-2023-06-12-11-27-05-169x300.jpg 169w, https:\/\/charneux.be\/wordpress\/wp-content\/uploads\/2023\/06\/PHOTO-2023-06-12-11-27-05-281x500.jpg 281w, https:\/\/charneux.be\/wordpress\/wp-content\/uploads\/2023\/06\/PHOTO-2023-06-12-11-27-05-768x1365.jpg 768w, https:\/\/charneux.be\/wordpress\/wp-content\/uploads\/2023\/06\/PHOTO-2023-06-12-11-27-05-576x1024.jpg 576w, https:\/\/charneux.be\/wordpress\/wp-content\/uploads\/2023\/06\/PHOTO-2023-06-12-11-27-05-864x1536.jpg 864w, https:\/\/charneux.be\/wordpress\/wp-content\/uploads\/2023\/06\/PHOTO-2023-06-12-11-27-05.jpg 1152w\" sizes=\"(max-width: 169px) 100vw, 169px\" \/><\/a> <a href=\"https:\/\/charneux.be\/wordpress\/wp-content\/uploads\/2023\/06\/PHOTO-2023-06-12-11-27-04-3.jpg\"><img decoding=\"async\" class=\"alignnone size-medium wp-image-1378\" src=\"https:\/\/charneux.be\/wordpress\/wp-content\/uploads\/2023\/06\/PHOTO-2023-06-12-11-27-04-3-300x169.jpg\" alt=\"\" width=\"300\" height=\"169\" srcset=\"https:\/\/charneux.be\/wordpress\/wp-content\/uploads\/2023\/06\/PHOTO-2023-06-12-11-27-04-3-300x169.jpg 300w, https:\/\/charneux.be\/wordpress\/wp-content\/uploads\/2023\/06\/PHOTO-2023-06-12-11-27-04-3-500x281.jpg 500w, https:\/\/charneux.be\/wordpress\/wp-content\/uploads\/2023\/06\/PHOTO-2023-06-12-11-27-04-3-768x432.jpg 768w, https:\/\/charneux.be\/wordpress\/wp-content\/uploads\/2023\/06\/PHOTO-2023-06-12-11-27-04-3-1024x576.jpg 1024w, https:\/\/charneux.be\/wordpress\/wp-content\/uploads\/2023\/06\/PHOTO-2023-06-12-11-27-04-3-1536x864.jpg 1536w, https:\/\/charneux.be\/wordpress\/wp-content\/uploads\/2023\/06\/PHOTO-2023-06-12-11-27-04-3.jpg 2048w\" sizes=\"(max-width: 300px) 100vw, 300px\" \/><\/a> <a href=\"https:\/\/charneux.be\/wordpress\/wp-content\/uploads\/2023\/06\/PHOTO-2023-06-12-11-27-04-2.jpg\"><img loading=\"lazy\" decoding=\"async\" class=\"alignnone size-medium wp-image-1379\" src=\"https:\/\/charneux.be\/wordpress\/wp-content\/uploads\/2023\/06\/PHOTO-2023-06-12-11-27-04-2-300x169.jpg\" alt=\"\" width=\"300\" height=\"169\" srcset=\"https:\/\/charneux.be\/wordpress\/wp-content\/uploads\/2023\/06\/PHOTO-2023-06-12-11-27-04-2-300x169.jpg 300w, https:\/\/charneux.be\/wordpress\/wp-content\/uploads\/2023\/06\/PHOTO-2023-06-12-11-27-04-2-500x281.jpg 500w, https:\/\/charneux.be\/wordpress\/wp-content\/uploads\/2023\/06\/PHOTO-2023-06-12-11-27-04-2-768x432.jpg 768w, https:\/\/charneux.be\/wordpress\/wp-content\/uploads\/2023\/06\/PHOTO-2023-06-12-11-27-04-2-1024x576.jpg 1024w, https:\/\/charneux.be\/wordpress\/wp-content\/uploads\/2023\/06\/PHOTO-2023-06-12-11-27-04-2-1536x864.jpg 1536w, https:\/\/charneux.be\/wordpress\/wp-content\/uploads\/2023\/06\/PHOTO-2023-06-12-11-27-04-2.jpg 2048w\" sizes=\"(max-width: 300px) 100vw, 300px\" \/><\/a> <a href=\"https:\/\/charneux.be\/wordpress\/wp-content\/uploads\/2023\/06\/PHOTO-2023-06-12-11-27-04.jpg\"><img loading=\"lazy\" decoding=\"async\" class=\"alignnone size-medium wp-image-1380\" src=\"https:\/\/charneux.be\/wordpress\/wp-content\/uploads\/2023\/06\/PHOTO-2023-06-12-11-27-04-300x169.jpg\" alt=\"\" width=\"300\" height=\"169\" srcset=\"https:\/\/charneux.be\/wordpress\/wp-content\/uploads\/2023\/06\/PHOTO-2023-06-12-11-27-04-300x169.jpg 300w, https:\/\/charneux.be\/wordpress\/wp-content\/uploads\/2023\/06\/PHOTO-2023-06-12-11-27-04-500x281.jpg 500w, https:\/\/charneux.be\/wordpress\/wp-content\/uploads\/2023\/06\/PHOTO-2023-06-12-11-27-04-768x432.jpg 768w, https:\/\/charneux.be\/wordpress\/wp-content\/uploads\/2023\/06\/PHOTO-2023-06-12-11-27-04-1024x576.jpg 1024w, https:\/\/charneux.be\/wordpress\/wp-content\/uploads\/2023\/06\/PHOTO-2023-06-12-11-27-04-1536x864.jpg 1536w, https:\/\/charneux.be\/wordpress\/wp-content\/uploads\/2023\/06\/PHOTO-2023-06-12-11-27-04.jpg 2048w\" sizes=\"(max-width: 300px) 100vw, 300px\" \/><\/a> <a href=\"https:\/\/charneux.be\/wordpress\/wp-content\/uploads\/2023\/06\/PHOTO-2023-06-12-11-27-02.jpg\"><img loading=\"lazy\" decoding=\"async\" class=\"alignnone size-medium wp-image-1381\" src=\"https:\/\/charneux.be\/wordpress\/wp-content\/uploads\/2023\/06\/PHOTO-2023-06-12-11-27-02-300x169.jpg\" alt=\"\" width=\"300\" height=\"169\" srcset=\"https:\/\/charneux.be\/wordpress\/wp-content\/uploads\/2023\/06\/PHOTO-2023-06-12-11-27-02-300x169.jpg 300w, https:\/\/charneux.be\/wordpress\/wp-content\/uploads\/2023\/06\/PHOTO-2023-06-12-11-27-02-500x281.jpg 500w, https:\/\/charneux.be\/wordpress\/wp-content\/uploads\/2023\/06\/PHOTO-2023-06-12-11-27-02-768x432.jpg 768w, https:\/\/charneux.be\/wordpress\/wp-content\/uploads\/2023\/06\/PHOTO-2023-06-12-11-27-02-1024x576.jpg 1024w, https:\/\/charneux.be\/wordpress\/wp-content\/uploads\/2023\/06\/PHOTO-2023-06-12-11-27-02-1536x864.jpg 1536w, https:\/\/charneux.be\/wordpress\/wp-content\/uploads\/2023\/06\/PHOTO-2023-06-12-11-27-02.jpg 2048w\" sizes=\"(max-width: 300px) 100vw, 300px\" \/><\/a><\/p>\n<p>Les enfants de 5 \u00e8me et 6 \u00e8me ont suivi la formation de Benjamin secouriste.<\/p>\n","protected":false},"excerpt":{"rendered":"<p>Les enfants de 5 \u00e8me et 6 \u00e8me ont suivi la formation de Benjamin secouriste.<\/p>\n","protected":false},"author":13,"featured_media":0,"comment_status":"closed","ping_status":"open","sticky":false,"template":"","format":"standard","meta":{"footnotes":""},"categories":[2],"tags":[],"class_list":["post-1374","post","type-post","status-publish","format-standard","hentry","category-primaire"],"yoast_head":"<!-- This site is optimized with the Yoast SEO plugin v23.6 - https:\/\/yoast.com\/wordpress\/plugins\/seo\/ -->\n<title>P5-P6: Benjamin secouriste - \u00c9cole libre de Charneux<\/title>\n<meta name=\"robots\" content=\"index, follow, max-snippet:-1, max-image-preview:large, max-video-preview:-1\" \/>\n<link rel=\"canonical\" href=\"https:\/\/charneux.be\/preprod\/p5-p6-benjamin-secouriste\/\" \/>\n<meta property=\"og:locale\" content=\"fr_FR\" \/>\n<meta property=\"og:type\" content=\"article\" \/>\n<meta property=\"og:title\" content=\"P5-P6: Benjamin secouriste - \u00c9cole libre de Charneux\" \/>\n<meta property=\"og:description\" content=\"Les enfants de 5 \u00e8me et 6 \u00e8me ont suivi la formation de Benjamin secouriste.\" \/>\n<meta property=\"og:url\" content=\"https:\/\/charneux.be\/preprod\/p5-p6-benjamin-secouriste\/\" \/>\n<meta property=\"og:site_name\" content=\"\u00c9cole libre de Charneux\" \/>\n<meta property=\"article:published_time\" content=\"2023-06-26T10:49:27+00:00\" \/>\n<meta property=\"article:modified_time\" content=\"2023-06-26T10:50:28+00:00\" \/>\n<meta property=\"og:image\" content=\"http:\/\/charneux.be\/wordpress\/wp-content\/uploads\/2023\/06\/PHOTO-2023-06-12-11-27-06-169x300.jpg\" \/>\n<meta name=\"author\" content=\"Mariette Delhez\" \/>\n<meta name=\"twitter:label1\" content=\"\u00c9crit par\" \/>\n\t<meta name=\"twitter:data1\" content=\"Mariette Delhez\" \/>\n<script type=\"application\/ld+json\" class=\"yoast-schema-graph\">{\"@context\":\"https:\/\/schema.org\",\"@graph\":[{\"@type\":\"Article\",\"@id\":\"https:\/\/charneux.be\/preprod\/p5-p6-benjamin-secouriste\/#article\",\"isPartOf\":{\"@id\":\"https:\/\/charneux.be\/preprod\/p5-p6-benjamin-secouriste\/\"},\"author\":{\"name\":\"Mariette Delhez\",\"@id\":\"https:\/\/charneux.be\/wordpress\/#\/schema\/person\/112285787eee499ea293d44be91e65f2\"},\"headline\":\"P5-P6: Benjamin secouriste\",\"datePublished\":\"2023-06-26T10:49:27+00:00\",\"dateModified\":\"2023-06-26T10:50:28+00:00\",\"mainEntityOfPage\":{\"@id\":\"https:\/\/charneux.be\/preprod\/p5-p6-benjamin-secouriste\/\"},\"wordCount\":17,\"publisher\":{\"@id\":\"https:\/\/charneux.be\/wordpress\/#organization\"},\"image\":{\"@id\":\"https:\/\/charneux.be\/preprod\/p5-p6-benjamin-secouriste\/#primaryimage\"},\"thumbnailUrl\":\"http:\/\/charneux.be\/wordpress\/wp-content\/uploads\/2023\/06\/PHOTO-2023-06-12-11-27-06-169x300.jpg\",\"articleSection\":[\"En primaire\"],\"inLanguage\":\"fr-FR\"},{\"@type\":\"WebPage\",\"@id\":\"https:\/\/charneux.be\/preprod\/p5-p6-benjamin-secouriste\/\",\"url\":\"https:\/\/charneux.be\/preprod\/p5-p6-benjamin-secouriste\/\",\"name\":\"P5-P6: Benjamin secouriste - \u00c9cole libre de Charneux\",\"isPartOf\":{\"@id\":\"https:\/\/charneux.be\/wordpress\/#website\"},\"primaryImageOfPage\":{\"@id\":\"https:\/\/charneux.be\/preprod\/p5-p6-benjamin-secouriste\/#primaryimage\"},\"image\":{\"@id\":\"https:\/\/charneux.be\/preprod\/p5-p6-benjamin-secouriste\/#primaryimage\"},\"thumbnailUrl\":\"http:\/\/charneux.be\/wordpress\/wp-content\/uploads\/2023\/06\/PHOTO-2023-06-12-11-27-06-169x300.jpg\",\"datePublished\":\"2023-06-26T10:49:27+00:00\",\"dateModified\":\"2023-06-26T10:50:28+00:00\",\"breadcrumb\":{\"@id\":\"https:\/\/charneux.be\/preprod\/p5-p6-benjamin-secouriste\/#breadcrumb\"},\"inLanguage\":\"fr-FR\",\"potentialAction\":[{\"@type\":\"ReadAction\",\"target\":[\"https:\/\/charneux.be\/preprod\/p5-p6-benjamin-secouriste\/\"]}]},{\"@type\":\"ImageObject\",\"inLanguage\":\"fr-FR\",\"@id\":\"https:\/\/charneux.be\/preprod\/p5-p6-benjamin-secouriste\/#primaryimage\",\"url\":\"http:\/\/charneux.be\/wordpress\/wp-content\/uploads\/2023\/06\/PHOTO-2023-06-12-11-27-06-169x300.jpg\",\"contentUrl\":\"http:\/\/charneux.be\/wordpress\/wp-content\/uploads\/2023\/06\/PHOTO-2023-06-12-11-27-06-169x300.jpg\"},{\"@type\":\"BreadcrumbList\",\"@id\":\"https:\/\/charneux.be\/preprod\/p5-p6-benjamin-secouriste\/#breadcrumb\",\"itemListElement\":[{\"@type\":\"ListItem\",\"position\":1,\"name\":\"Accueil\",\"item\":\"https:\/\/charneux.be\/preprod\/\"},{\"@type\":\"ListItem\",\"position\":2,\"name\":\"P5-P6: Benjamin secouriste\"}]},{\"@type\":\"WebSite\",\"@id\":\"https:\/\/charneux.be\/wordpress\/#website\",\"url\":\"https:\/\/charneux.be\/wordpress\/\",\"name\":\"Charneux\",\"description\":\"\",\"publisher\":{\"@id\":\"https:\/\/charneux.be\/wordpress\/#organization\"},\"potentialAction\":[{\"@type\":\"SearchAction\",\"target\":{\"@type\":\"EntryPoint\",\"urlTemplate\":\"https:\/\/charneux.be\/wordpress\/?s={search_term_string}\"},\"query-input\":{\"@type\":\"PropertyValueSpecification\",\"valueRequired\":true,\"valueName\":\"search_term_string\"}}],\"inLanguage\":\"fr-FR\"},{\"@type\":\"Organization\",\"@id\":\"https:\/\/charneux.be\/wordpress\/#organization\",\"name\":\"Ecole libre de Charneux\",\"url\":\"https:\/\/charneux.be\/wordpress\/\",\"logo\":{\"@type\":\"ImageObject\",\"inLanguage\":\"fr-FR\",\"@id\":\"https:\/\/charneux.be\/wordpress\/#\/schema\/logo\/image\/\",\"url\":\"https:\/\/charneux.be\/wordpress\/wp-content\/uploads\/2024\/08\/cropped-Logo-bleu.png\",\"contentUrl\":\"https:\/\/charneux.be\/wordpress\/wp-content\/uploads\/2024\/08\/cropped-Logo-bleu.png\",\"width\":480,\"height\":799,\"caption\":\"Ecole libre de Charneux\"},\"image\":{\"@id\":\"https:\/\/charneux.be\/wordpress\/#\/schema\/logo\/image\/\"}},{\"@type\":\"Person\",\"@id\":\"https:\/\/charneux.be\/wordpress\/#\/schema\/person\/112285787eee499ea293d44be91e65f2\",\"name\":\"Mariette Delhez\",\"image\":{\"@type\":\"ImageObject\",\"inLanguage\":\"fr-FR\",\"@id\":\"https:\/\/charneux.be\/wordpress\/#\/schema\/person\/image\/\",\"url\":\"https:\/\/secure.gravatar.com\/avatar\/a899e88cc8b9af838e499f0abe160da7f528eecdc73fd9eb26c0232abddc2b2f?s=96&d=mm&r=g\",\"contentUrl\":\"https:\/\/secure.gravatar.com\/avatar\/a899e88cc8b9af838e499f0abe160da7f528eecdc73fd9eb26c0232abddc2b2f?s=96&d=mm&r=g\",\"caption\":\"Mariette Delhez\"},\"url\":\"https:\/\/charneux.be\/wordpress\/author\/mariette-delhez\/\"}]}<\/script>\n<!-- \/ Yoast SEO plugin. -->","yoast_head_json":{"title":"P5-P6: Benjamin secouriste - \u00c9cole libre de Charneux","robots":{"index":"index","follow":"follow","max-snippet":"max-snippet:-1","max-image-preview":"max-image-preview:large","max-video-preview":"max-video-preview:-1"},"canonical":"https:\/\/charneux.be\/preprod\/p5-p6-benjamin-secouriste\/","og_locale":"fr_FR","og_type":"article","og_title":"P5-P6: Benjamin secouriste - \u00c9cole libre de Charneux","og_description":"Les enfants de 5 \u00e8me et 6 \u00e8me ont suivi la formation de Benjamin secouriste.","og_url":"https:\/\/charneux.be\/preprod\/p5-p6-benjamin-secouriste\/","og_site_name":"\u00c9cole libre de Charneux","article_published_time":"2023-06-26T10:49:27+00:00","article_modified_time":"2023-06-26T10:50:28+00:00","og_image":[{"url":"http:\/\/charneux.be\/wordpress\/wp-content\/uploads\/2023\/06\/PHOTO-2023-06-12-11-27-06-169x300.jpg"}],"author":"Mariette Delhez","twitter_misc":{"\u00c9crit par":"Mariette Delhez"},"schema":{"@context":"https:\/\/schema.org","@graph":[{"@type":"Article","@id":"https:\/\/charneux.be\/preprod\/p5-p6-benjamin-secouriste\/#article","isPartOf":{"@id":"https:\/\/charneux.be\/preprod\/p5-p6-benjamin-secouriste\/"},"author":{"name":"Mariette Delhez","@id":"https:\/\/charneux.be\/wordpress\/#\/schema\/person\/112285787eee499ea293d44be91e65f2"},"headline":"P5-P6: Benjamin secouriste","datePublished":"2023-06-26T10:49:27+00:00","dateModified":"2023-06-26T10:50:28+00:00","mainEntityOfPage":{"@id":"https:\/\/charneux.be\/preprod\/p5-p6-benjamin-secouriste\/"},"wordCount":17,"publisher":{"@id":"https:\/\/charneux.be\/wordpress\/#organization"},"image":{"@id":"https:\/\/charneux.be\/preprod\/p5-p6-benjamin-secouriste\/#primaryimage"},"thumbnailUrl":"http:\/\/charneux.be\/wordpress\/wp-content\/uploads\/2023\/06\/PHOTO-2023-06-12-11-27-06-169x300.jpg","articleSection":["En primaire"],"inLanguage":"fr-FR"},{"@type":"WebPage","@id":"https:\/\/charneux.be\/preprod\/p5-p6-benjamin-secouriste\/","url":"https:\/\/charneux.be\/preprod\/p5-p6-benjamin-secouriste\/","name":"P5-P6: Benjamin secouriste - \u00c9cole libre de Charneux","isPartOf":{"@id":"https:\/\/charneux.be\/wordpress\/#website"},"primaryImageOfPage":{"@id":"https:\/\/charneux.be\/preprod\/p5-p6-benjamin-secouriste\/#primaryimage"},"image":{"@id":"https:\/\/charneux.be\/preprod\/p5-p6-benjamin-secouriste\/#primaryimage"},"thumbnailUrl":"http:\/\/charneux.be\/wordpress\/wp-content\/uploads\/2023\/06\/PHOTO-2023-06-12-11-27-06-169x300.jpg","datePublished":"2023-06-26T10:49:27+00:00","dateModified":"2023-06-26T10:50:28+00:00","breadcrumb":{"@id":"https:\/\/charneux.be\/preprod\/p5-p6-benjamin-secouriste\/#breadcrumb"},"inLanguage":"fr-FR","potentialAction":[{"@type":"ReadAction","target":["https:\/\/charneux.be\/preprod\/p5-p6-benjamin-secouriste\/"]}]},{"@type":"ImageObject","inLanguage":"fr-FR","@id":"https:\/\/charneux.be\/preprod\/p5-p6-benjamin-secouriste\/#primaryimage","url":"http:\/\/charneux.be\/wordpress\/wp-content\/uploads\/2023\/06\/PHOTO-2023-06-12-11-27-06-169x300.jpg","contentUrl":"http:\/\/charneux.be\/wordpress\/wp-content\/uploads\/2023\/06\/PHOTO-2023-06-12-11-27-06-169x300.jpg"},{"@type":"BreadcrumbList","@id":"https:\/\/charneux.be\/preprod\/p5-p6-benjamin-secouriste\/#breadcrumb","itemListElement":[{"@type":"ListItem","position":1,"name":"Accueil","item":"https:\/\/charneux.be\/preprod\/"},{"@type":"ListItem","position":2,"name":"P5-P6: Benjamin secouriste"}]},{"@type":"WebSite","@id":"https:\/\/charneux.be\/wordpress\/#website","url":"https:\/\/charneux.be\/wordpress\/","name":"Charneux","description":"","publisher":{"@id":"https:\/\/charneux.be\/wordpress\/#organization"},"potentialAction":[{"@type":"SearchAction","target":{"@type":"EntryPoint","urlTemplate":"https:\/\/charneux.be\/wordpress\/?s={search_term_string}"},"query-input":{"@type":"PropertyValueSpecification","valueRequired":true,"valueName":"search_term_string"}}],"inLanguage":"fr-FR"},{"@type":"Organization","@id":"https:\/\/charneux.be\/wordpress\/#organization","name":"Ecole libre de Charneux","url":"https:\/\/charneux.be\/wordpress\/","logo":{"@type":"ImageObject","inLanguage":"fr-FR","@id":"https:\/\/charneux.be\/wordpress\/#\/schema\/logo\/image\/","url":"https:\/\/charneux.be\/wordpress\/wp-content\/uploads\/2024\/08\/cropped-Logo-bleu.png","contentUrl":"https:\/\/charneux.be\/wordpress\/wp-content\/uploads\/2024\/08\/cropped-Logo-bleu.png","width":480,"height":799,"caption":"Ecole libre de Charneux"},"image":{"@id":"https:\/\/charneux.be\/wordpress\/#\/schema\/logo\/image\/"}},{"@type":"Person","@id":"https:\/\/charneux.be\/wordpress\/#\/schema\/person\/112285787eee499ea293d44be91e65f2","name":"Mariette Delhez","image":{"@type":"ImageObject","inLanguage":"fr-FR","@id":"https:\/\/charneux.be\/wordpress\/#\/schema\/person\/image\/","url":"https:\/\/secure.gravatar.com\/avatar\/a899e88cc8b9af838e499f0abe160da7f528eecdc73fd9eb26c0232abddc2b2f?s=96&d=mm&r=g","contentUrl":"https:\/\/secure.gravatar.com\/avatar\/a899e88cc8b9af838e499f0abe160da7f528eecdc73fd9eb26c0232abddc2b2f?s=96&d=mm&r=g","caption":"Mariette Delhez"},"url":"https:\/\/charneux.be\/wordpress\/author\/mariette-delhez\/"}]}},"_links":{"self":[{"href":"https:\/\/charneux.be\/wordpress\/wp-json\/wp\/v2\/posts\/1374","targetHints":{"allow":["GET"]}}],"collection":[{"href":"https:\/\/charneux.be\/wordpress\/wp-json\/wp\/v2\/posts"}],"about":[{"href":"https:\/\/charneux.be\/wordpress\/wp-json\/wp\/v2\/types\/post"}],"author":[{"embeddable":true,"href":"https:\/\/charneux.be\/wordpress\/wp-json\/wp\/v2\/users\/13"}],"replies":[{"embeddable":true,"href":"https:\/\/charneux.be\/wordpress\/wp-json\/wp\/v2\/comments?post=1374"}],"version-history":[{"count":2,"href":"https:\/\/charneux.be\/wordpress\/wp-json\/wp\/v2\/posts\/1374\/revisions"}],"predecessor-version":[{"id":1382,"href":"https:\/\/charneux.be\/wordpress\/wp-json\/wp\/v2\/posts\/1374\/revisions\/1382"}],"wp:attachment":[{"href":"https:\/\/charneux.be\/wordpress\/wp-json\/wp\/v2\/media?parent=1374"}],"wp:term":[{"taxonomy":"category","embeddable":true,"href":"https:\/\/charneux.be\/wordpress\/wp-json\/wp\/v2\/categories?post=1374"},{"taxonomy":"post_tag","embeddable":true,"href":"https:\/\/charneux.be\/wordpress\/wp-json\/wp\/v2\/tags?post=1374"}],"curies":[{"name":"wp","href":"https:\/\/api.w.org\/{rel}","templated":true}]}}