{"id":1421,"date":"2023-10-11T12:45:21","date_gmt":"2023-10-11T11:45:21","guid":{"rendered":"http:\/\/charneux.be\/wordpress\/?p=1421"},"modified":"2023-10-11T13:07:43","modified_gmt":"2023-10-11T12:07:43","slug":"p4-decouverte-du-paysage-du-pays-de-herve-avec-francois-le-papa-de-zoe","status":"publish","type":"post","link":"https:\/\/charneux.be\/wordpress\/p4-decouverte-du-paysage-du-pays-de-herve-avec-francois-le-papa-de-zoe\/","title":{"rendered":"P4 : d\u00e9couverte du paysage du Pays de Herve avec Fran\u00e7ois, le papa de Zo\u00e9."},"content":{"rendered":"<p><a href=\"https:\/\/charneux.be\/wordpress\/wp-content\/uploads\/2023\/10\/56dff877-63b4-4b91-b080-d1c1523b269e.jpg\"><img fetchpriority=\"high\" decoding=\"async\" class=\"alignnone size-medium wp-image-1422\" src=\"https:\/\/charneux.be\/wordpress\/wp-content\/uploads\/2023\/10\/56dff877-63b4-4b91-b080-d1c1523b269e-225x300.jpg\" alt=\"\" width=\"225\" height=\"300\" srcset=\"https:\/\/charneux.be\/wordpress\/wp-content\/uploads\/2023\/10\/56dff877-63b4-4b91-b080-d1c1523b269e-225x300.jpg 225w, https:\/\/charneux.be\/wordpress\/wp-content\/uploads\/2023\/10\/56dff877-63b4-4b91-b080-d1c1523b269e-375x500.jpg 375w, https:\/\/charneux.be\/wordpress\/wp-content\/uploads\/2023\/10\/56dff877-63b4-4b91-b080-d1c1523b269e-768x1024.jpg 768w, https:\/\/charneux.be\/wordpress\/wp-content\/uploads\/2023\/10\/56dff877-63b4-4b91-b080-d1c1523b269e-1152x1536.jpg 1152w, https:\/\/charneux.be\/wordpress\/wp-content\/uploads\/2023\/10\/56dff877-63b4-4b91-b080-d1c1523b269e.jpg 1530w\" sizes=\"(max-width: 225px) 100vw, 225px\" \/><\/a> <a href=\"https:\/\/charneux.be\/wordpress\/wp-content\/uploads\/2023\/10\/80a68ce9-5012-42e2-92f6-f73e879958fd.jpg\"><img decoding=\"async\" class=\"alignnone size-medium wp-image-1423\" src=\"https:\/\/charneux.be\/wordpress\/wp-content\/uploads\/2023\/10\/80a68ce9-5012-42e2-92f6-f73e879958fd-225x300.jpg\" alt=\"\" width=\"225\" height=\"300\" srcset=\"https:\/\/charneux.be\/wordpress\/wp-content\/uploads\/2023\/10\/80a68ce9-5012-42e2-92f6-f73e879958fd-225x300.jpg 225w, https:\/\/charneux.be\/wordpress\/wp-content\/uploads\/2023\/10\/80a68ce9-5012-42e2-92f6-f73e879958fd-375x500.jpg 375w, https:\/\/charneux.be\/wordpress\/wp-content\/uploads\/2023\/10\/80a68ce9-5012-42e2-92f6-f73e879958fd-768x1024.jpg 768w, https:\/\/charneux.be\/wordpress\/wp-content\/uploads\/2023\/10\/80a68ce9-5012-42e2-92f6-f73e879958fd-1152x1536.jpg 1152w, https:\/\/charneux.be\/wordpress\/wp-content\/uploads\/2023\/10\/80a68ce9-5012-42e2-92f6-f73e879958fd.jpg 1530w\" sizes=\"(max-width: 225px) 100vw, 225px\" \/><\/a> <a href=\"https:\/\/charneux.be\/wordpress\/wp-content\/uploads\/2023\/10\/173bddb2-a260-4220-9921-9963f2056910.jpg\"><img decoding=\"async\" class=\"alignnone size-medium wp-image-1424\" src=\"https:\/\/charneux.be\/wordpress\/wp-content\/uploads\/2023\/10\/173bddb2-a260-4220-9921-9963f2056910-225x300.jpg\" alt=\"\" width=\"225\" height=\"300\" srcset=\"https:\/\/charneux.be\/wordpress\/wp-content\/uploads\/2023\/10\/173bddb2-a260-4220-9921-9963f2056910-225x300.jpg 225w, https:\/\/charneux.be\/wordpress\/wp-content\/uploads\/2023\/10\/173bddb2-a260-4220-9921-9963f2056910-375x500.jpg 375w, https:\/\/charneux.be\/wordpress\/wp-content\/uploads\/2023\/10\/173bddb2-a260-4220-9921-9963f2056910-768x1024.jpg 768w, https:\/\/charneux.be\/wordpress\/wp-content\/uploads\/2023\/10\/173bddb2-a260-4220-9921-9963f2056910-1152x1536.jpg 1152w, https:\/\/charneux.be\/wordpress\/wp-content\/uploads\/2023\/10\/173bddb2-a260-4220-9921-9963f2056910.jpg 1200w\" sizes=\"(max-width: 225px) 100vw, 225px\" \/><\/a> <a href=\"https:\/\/charneux.be\/wordpress\/wp-content\/uploads\/2023\/10\/903ccb50-0188-4f11-86e5-341180c08cbe.jpg\"><img loading=\"lazy\" decoding=\"async\" class=\"alignnone size-medium wp-image-1425\" src=\"https:\/\/charneux.be\/wordpress\/wp-content\/uploads\/2023\/10\/903ccb50-0188-4f11-86e5-341180c08cbe-225x300.jpg\" alt=\"\" width=\"225\" height=\"300\" srcset=\"https:\/\/charneux.be\/wordpress\/wp-content\/uploads\/2023\/10\/903ccb50-0188-4f11-86e5-341180c08cbe-225x300.jpg 225w, https:\/\/charneux.be\/wordpress\/wp-content\/uploads\/2023\/10\/903ccb50-0188-4f11-86e5-341180c08cbe-375x500.jpg 375w, https:\/\/charneux.be\/wordpress\/wp-content\/uploads\/2023\/10\/903ccb50-0188-4f11-86e5-341180c08cbe-768x1024.jpg 768w, https:\/\/charneux.be\/wordpress\/wp-content\/uploads\/2023\/10\/903ccb50-0188-4f11-86e5-341180c08cbe-1152x1536.jpg 1152w, https:\/\/charneux.be\/wordpress\/wp-content\/uploads\/2023\/10\/903ccb50-0188-4f11-86e5-341180c08cbe.jpg 1530w\" sizes=\"(max-width: 225px) 100vw, 225px\" \/><\/a> <a href=\"https:\/\/charneux.be\/wordpress\/wp-content\/uploads\/2023\/10\/3067db45-af8b-4392-949c-b6a9336696e8.jpg\"><img loading=\"lazy\" decoding=\"async\" class=\"alignnone size-medium wp-image-1426\" src=\"https:\/\/charneux.be\/wordpress\/wp-content\/uploads\/2023\/10\/3067db45-af8b-4392-949c-b6a9336696e8-225x300.jpg\" alt=\"\" width=\"225\" height=\"300\" srcset=\"https:\/\/charneux.be\/wordpress\/wp-content\/uploads\/2023\/10\/3067db45-af8b-4392-949c-b6a9336696e8-225x300.jpg 225w, https:\/\/charneux.be\/wordpress\/wp-content\/uploads\/2023\/10\/3067db45-af8b-4392-949c-b6a9336696e8-375x500.jpg 375w, https:\/\/charneux.be\/wordpress\/wp-content\/uploads\/2023\/10\/3067db45-af8b-4392-949c-b6a9336696e8-768x1024.jpg 768w, https:\/\/charneux.be\/wordpress\/wp-content\/uploads\/2023\/10\/3067db45-af8b-4392-949c-b6a9336696e8-1152x1536.jpg 1152w, https:\/\/charneux.be\/wordpress\/wp-content\/uploads\/2023\/10\/3067db45-af8b-4392-949c-b6a9336696e8.jpg 1530w\" sizes=\"(max-width: 225px) 100vw, 225px\" \/><\/a> <a href=\"https:\/\/charneux.be\/wordpress\/wp-content\/uploads\/2023\/10\/7938b599-1106-4e73-b142-18b14caa9ee8.jpg\"><img loading=\"lazy\" decoding=\"async\" class=\"alignnone size-medium wp-image-1427\" src=\"https:\/\/charneux.be\/wordpress\/wp-content\/uploads\/2023\/10\/7938b599-1106-4e73-b142-18b14caa9ee8-225x300.jpg\" alt=\"\" width=\"225\" height=\"300\" srcset=\"https:\/\/charneux.be\/wordpress\/wp-content\/uploads\/2023\/10\/7938b599-1106-4e73-b142-18b14caa9ee8-225x300.jpg 225w, https:\/\/charneux.be\/wordpress\/wp-content\/uploads\/2023\/10\/7938b599-1106-4e73-b142-18b14caa9ee8-375x500.jpg 375w, https:\/\/charneux.be\/wordpress\/wp-content\/uploads\/2023\/10\/7938b599-1106-4e73-b142-18b14caa9ee8-768x1024.jpg 768w, https:\/\/charneux.be\/wordpress\/wp-content\/uploads\/2023\/10\/7938b599-1106-4e73-b142-18b14caa9ee8-1152x1536.jpg 1152w, https:\/\/charneux.be\/wordpress\/wp-content\/uploads\/2023\/10\/7938b599-1106-4e73-b142-18b14caa9ee8.jpg 1530w\" sizes=\"(max-width: 225px) 100vw, 225px\" \/><\/a> <a href=\"https:\/\/charneux.be\/wordpress\/wp-content\/uploads\/2023\/10\/51394b2e-890e-4770-8499-290a18900feb.jpg\"><img loading=\"lazy\" decoding=\"async\" class=\"alignnone size-medium wp-image-1428\" src=\"https:\/\/charneux.be\/wordpress\/wp-content\/uploads\/2023\/10\/51394b2e-890e-4770-8499-290a18900feb-225x300.jpg\" alt=\"\" width=\"225\" height=\"300\" srcset=\"https:\/\/charneux.be\/wordpress\/wp-content\/uploads\/2023\/10\/51394b2e-890e-4770-8499-290a18900feb-225x300.jpg 225w, https:\/\/charneux.be\/wordpress\/wp-content\/uploads\/2023\/10\/51394b2e-890e-4770-8499-290a18900feb-375x500.jpg 375w, https:\/\/charneux.be\/wordpress\/wp-content\/uploads\/2023\/10\/51394b2e-890e-4770-8499-290a18900feb-768x1024.jpg 768w, https:\/\/charneux.be\/wordpress\/wp-content\/uploads\/2023\/10\/51394b2e-890e-4770-8499-290a18900feb-1152x1536.jpg 1152w, https:\/\/charneux.be\/wordpress\/wp-content\/uploads\/2023\/10\/51394b2e-890e-4770-8499-290a18900feb.jpg 1200w\" sizes=\"(max-width: 225px) 100vw, 225px\" \/><\/a> <a href=\"https:\/\/charneux.be\/wordpress\/wp-content\/uploads\/2023\/10\/3939523b-9fc9-4abc-8b2b-196e94201e70.jpg\"><img loading=\"lazy\" decoding=\"async\" class=\"alignnone size-medium wp-image-1429\" src=\"https:\/\/charneux.be\/wordpress\/wp-content\/uploads\/2023\/10\/3939523b-9fc9-4abc-8b2b-196e94201e70-225x300.jpg\" alt=\"\" width=\"225\" height=\"300\" srcset=\"https:\/\/charneux.be\/wordpress\/wp-content\/uploads\/2023\/10\/3939523b-9fc9-4abc-8b2b-196e94201e70-225x300.jpg 225w, https:\/\/charneux.be\/wordpress\/wp-content\/uploads\/2023\/10\/3939523b-9fc9-4abc-8b2b-196e94201e70-375x500.jpg 375w, https:\/\/charneux.be\/wordpress\/wp-content\/uploads\/2023\/10\/3939523b-9fc9-4abc-8b2b-196e94201e70-768x1024.jpg 768w, https:\/\/charneux.be\/wordpress\/wp-content\/uploads\/2023\/10\/3939523b-9fc9-4abc-8b2b-196e94201e70-1152x1536.jpg 1152w, https:\/\/charneux.be\/wordpress\/wp-content\/uploads\/2023\/10\/3939523b-9fc9-4abc-8b2b-196e94201e70.jpg 1200w\" sizes=\"(max-width: 225px) 100vw, 225px\" \/><\/a> <a href=\"https:\/\/charneux.be\/wordpress\/wp-content\/uploads\/2023\/10\/cc93a12c-783c-4dd0-8e1c-73f81b8751a4.jpg\"><img loading=\"lazy\" decoding=\"async\" class=\"alignnone size-medium wp-image-1430\" src=\"https:\/\/charneux.be\/wordpress\/wp-content\/uploads\/2023\/10\/cc93a12c-783c-4dd0-8e1c-73f81b8751a4-225x300.jpg\" alt=\"\" width=\"225\" height=\"300\" srcset=\"https:\/\/charneux.be\/wordpress\/wp-content\/uploads\/2023\/10\/cc93a12c-783c-4dd0-8e1c-73f81b8751a4-225x300.jpg 225w, https:\/\/charneux.be\/wordpress\/wp-content\/uploads\/2023\/10\/cc93a12c-783c-4dd0-8e1c-73f81b8751a4-375x500.jpg 375w, https:\/\/charneux.be\/wordpress\/wp-content\/uploads\/2023\/10\/cc93a12c-783c-4dd0-8e1c-73f81b8751a4-768x1024.jpg 768w, https:\/\/charneux.be\/wordpress\/wp-content\/uploads\/2023\/10\/cc93a12c-783c-4dd0-8e1c-73f81b8751a4-1152x1536.jpg 1152w, https:\/\/charneux.be\/wordpress\/wp-content\/uploads\/2023\/10\/cc93a12c-783c-4dd0-8e1c-73f81b8751a4.jpg 1530w\" sizes=\"(max-width: 225px) 100vw, 225px\" \/><\/a><\/p>\n","protected":false},"excerpt":{"rendered":"","protected":false},"author":18,"featured_media":0,"comment_status":"closed","ping_status":"open","sticky":false,"template":"","format":"standard","meta":{"footnotes":""},"categories":[2],"tags":[],"class_list":["post-1421","post","type-post","status-publish","format-standard","hentry","category-primaire"],"yoast_head":"<!-- This site is optimized with the Yoast SEO plugin v23.6 - https:\/\/yoast.com\/wordpress\/plugins\/seo\/ -->\n<title>P4 : d\u00e9couverte du paysage du Pays de Herve avec Fran\u00e7ois, le papa de Zo\u00e9. - \u00c9cole libre de Charneux<\/title>\n<meta name=\"robots\" content=\"index, follow, max-snippet:-1, max-image-preview:large, max-video-preview:-1\" \/>\n<link rel=\"canonical\" href=\"https:\/\/charneux.be\/preprod\/p4-decouverte-du-paysage-du-pays-de-herve-avec-francois-le-papa-de-zoe\/\" \/>\n<meta property=\"og:locale\" content=\"fr_FR\" \/>\n<meta property=\"og:type\" content=\"article\" \/>\n<meta property=\"og:title\" content=\"P4 : d\u00e9couverte du paysage du Pays de Herve avec Fran\u00e7ois, le papa de Zo\u00e9. - \u00c9cole libre de Charneux\" \/>\n<meta property=\"og:url\" content=\"https:\/\/charneux.be\/preprod\/p4-decouverte-du-paysage-du-pays-de-herve-avec-francois-le-papa-de-zoe\/\" \/>\n<meta property=\"og:site_name\" content=\"\u00c9cole libre de Charneux\" \/>\n<meta property=\"article:published_time\" content=\"2023-10-11T11:45:21+00:00\" \/>\n<meta property=\"article:modified_time\" content=\"2023-10-11T12:07:43+00:00\" \/>\n<meta property=\"og:image\" content=\"http:\/\/charneux.be\/wordpress\/wp-content\/uploads\/2023\/10\/56dff877-63b4-4b91-b080-d1c1523b269e-225x300.jpg\" \/>\n<meta name=\"author\" content=\"Fabian Hogge\" \/>\n<meta name=\"twitter:label1\" content=\"\u00c9crit par\" \/>\n\t<meta name=\"twitter:data1\" content=\"Fabian Hogge\" \/>\n<script type=\"application\/ld+json\" class=\"yoast-schema-graph\">{\"@context\":\"https:\/\/schema.org\",\"@graph\":[{\"@type\":\"Article\",\"@id\":\"https:\/\/charneux.be\/preprod\/p4-decouverte-du-paysage-du-pays-de-herve-avec-francois-le-papa-de-zoe\/#article\",\"isPartOf\":{\"@id\":\"https:\/\/charneux.be\/preprod\/p4-decouverte-du-paysage-du-pays-de-herve-avec-francois-le-papa-de-zoe\/\"},\"author\":{\"name\":\"Fabian Hogge\",\"@id\":\"https:\/\/charneux.be\/wordpress\/#\/schema\/person\/0630c46b69b2214f68b581152af56e55\"},\"headline\":\"P4 : d\u00e9couverte du paysage du Pays de Herve avec Fran\u00e7ois, le papa de Zo\u00e9.\",\"datePublished\":\"2023-10-11T11:45:21+00:00\",\"dateModified\":\"2023-10-11T12:07:43+00:00\",\"mainEntityOfPage\":{\"@id\":\"https:\/\/charneux.be\/preprod\/p4-decouverte-du-paysage-du-pays-de-herve-avec-francois-le-papa-de-zoe\/\"},\"wordCount\":16,\"publisher\":{\"@id\":\"https:\/\/charneux.be\/wordpress\/#organization\"},\"image\":{\"@id\":\"https:\/\/charneux.be\/preprod\/p4-decouverte-du-paysage-du-pays-de-herve-avec-francois-le-papa-de-zoe\/#primaryimage\"},\"thumbnailUrl\":\"http:\/\/charneux.be\/wordpress\/wp-content\/uploads\/2023\/10\/56dff877-63b4-4b91-b080-d1c1523b269e-225x300.jpg\",\"articleSection\":[\"En primaire\"],\"inLanguage\":\"fr-FR\"},{\"@type\":\"WebPage\",\"@id\":\"https:\/\/charneux.be\/preprod\/p4-decouverte-du-paysage-du-pays-de-herve-avec-francois-le-papa-de-zoe\/\",\"url\":\"https:\/\/charneux.be\/preprod\/p4-decouverte-du-paysage-du-pays-de-herve-avec-francois-le-papa-de-zoe\/\",\"name\":\"P4 : d\u00e9couverte du paysage du Pays de Herve avec Fran\u00e7ois, le papa de Zo\u00e9. - \u00c9cole libre de Charneux\",\"isPartOf\":{\"@id\":\"https:\/\/charneux.be\/wordpress\/#website\"},\"primaryImageOfPage\":{\"@id\":\"https:\/\/charneux.be\/preprod\/p4-decouverte-du-paysage-du-pays-de-herve-avec-francois-le-papa-de-zoe\/#primaryimage\"},\"image\":{\"@id\":\"https:\/\/charneux.be\/preprod\/p4-decouverte-du-paysage-du-pays-de-herve-avec-francois-le-papa-de-zoe\/#primaryimage\"},\"thumbnailUrl\":\"http:\/\/charneux.be\/wordpress\/wp-content\/uploads\/2023\/10\/56dff877-63b4-4b91-b080-d1c1523b269e-225x300.jpg\",\"datePublished\":\"2023-10-11T11:45:21+00:00\",\"dateModified\":\"2023-10-11T12:07:43+00:00\",\"breadcrumb\":{\"@id\":\"https:\/\/charneux.be\/preprod\/p4-decouverte-du-paysage-du-pays-de-herve-avec-francois-le-papa-de-zoe\/#breadcrumb\"},\"inLanguage\":\"fr-FR\",\"potentialAction\":[{\"@type\":\"ReadAction\",\"target\":[\"https:\/\/charneux.be\/preprod\/p4-decouverte-du-paysage-du-pays-de-herve-avec-francois-le-papa-de-zoe\/\"]}]},{\"@type\":\"ImageObject\",\"inLanguage\":\"fr-FR\",\"@id\":\"https:\/\/charneux.be\/preprod\/p4-decouverte-du-paysage-du-pays-de-herve-avec-francois-le-papa-de-zoe\/#primaryimage\",\"url\":\"http:\/\/charneux.be\/wordpress\/wp-content\/uploads\/2023\/10\/56dff877-63b4-4b91-b080-d1c1523b269e-225x300.jpg\",\"contentUrl\":\"http:\/\/charneux.be\/wordpress\/wp-content\/uploads\/2023\/10\/56dff877-63b4-4b91-b080-d1c1523b269e-225x300.jpg\"},{\"@type\":\"BreadcrumbList\",\"@id\":\"https:\/\/charneux.be\/preprod\/p4-decouverte-du-paysage-du-pays-de-herve-avec-francois-le-papa-de-zoe\/#breadcrumb\",\"itemListElement\":[{\"@type\":\"ListItem\",\"position\":1,\"name\":\"Accueil\",\"item\":\"https:\/\/charneux.be\/preprod\/\"},{\"@type\":\"ListItem\",\"position\":2,\"name\":\"P4 : d\u00e9couverte du paysage du Pays de Herve avec Fran\u00e7ois, le papa de Zo\u00e9.\"}]},{\"@type\":\"WebSite\",\"@id\":\"https:\/\/charneux.be\/wordpress\/#website\",\"url\":\"https:\/\/charneux.be\/wordpress\/\",\"name\":\"Charneux\",\"description\":\"\",\"publisher\":{\"@id\":\"https:\/\/charneux.be\/wordpress\/#organization\"},\"potentialAction\":[{\"@type\":\"SearchAction\",\"target\":{\"@type\":\"EntryPoint\",\"urlTemplate\":\"https:\/\/charneux.be\/wordpress\/?s={search_term_string}\"},\"query-input\":{\"@type\":\"PropertyValueSpecification\",\"valueRequired\":true,\"valueName\":\"search_term_string\"}}],\"inLanguage\":\"fr-FR\"},{\"@type\":\"Organization\",\"@id\":\"https:\/\/charneux.be\/wordpress\/#organization\",\"name\":\"Ecole libre de Charneux\",\"url\":\"https:\/\/charneux.be\/wordpress\/\",\"logo\":{\"@type\":\"ImageObject\",\"inLanguage\":\"fr-FR\",\"@id\":\"https:\/\/charneux.be\/wordpress\/#\/schema\/logo\/image\/\",\"url\":\"https:\/\/charneux.be\/wordpress\/wp-content\/uploads\/2024\/08\/cropped-Logo-bleu.png\",\"contentUrl\":\"https:\/\/charneux.be\/wordpress\/wp-content\/uploads\/2024\/08\/cropped-Logo-bleu.png\",\"width\":480,\"height\":799,\"caption\":\"Ecole libre de Charneux\"},\"image\":{\"@id\":\"https:\/\/charneux.be\/wordpress\/#\/schema\/logo\/image\/\"}},{\"@type\":\"Person\",\"@id\":\"https:\/\/charneux.be\/wordpress\/#\/schema\/person\/0630c46b69b2214f68b581152af56e55\",\"name\":\"Fabian Hogge\",\"image\":{\"@type\":\"ImageObject\",\"inLanguage\":\"fr-FR\",\"@id\":\"https:\/\/charneux.be\/wordpress\/#\/schema\/person\/image\/\",\"url\":\"https:\/\/secure.gravatar.com\/avatar\/552ab52776d1849951c7f3e8604e08148e83623fa7896ce53c9c967ae54bc91b?s=96&d=mm&r=g\",\"contentUrl\":\"https:\/\/secure.gravatar.com\/avatar\/552ab52776d1849951c7f3e8604e08148e83623fa7896ce53c9c967ae54bc91b?s=96&d=mm&r=g\",\"caption\":\"Fabian Hogge\"},\"url\":\"https:\/\/charneux.be\/wordpress\/author\/fabian-hogge\/\"}]}<\/script>\n<!-- \/ Yoast SEO plugin. -->","yoast_head_json":{"title":"P4 : d\u00e9couverte du paysage du Pays de Herve avec Fran\u00e7ois, le papa de Zo\u00e9. - \u00c9cole libre de Charneux","robots":{"index":"index","follow":"follow","max-snippet":"max-snippet:-1","max-image-preview":"max-image-preview:large","max-video-preview":"max-video-preview:-1"},"canonical":"https:\/\/charneux.be\/preprod\/p4-decouverte-du-paysage-du-pays-de-herve-avec-francois-le-papa-de-zoe\/","og_locale":"fr_FR","og_type":"article","og_title":"P4 : d\u00e9couverte du paysage du Pays de Herve avec Fran\u00e7ois, le papa de Zo\u00e9. - \u00c9cole libre de Charneux","og_url":"https:\/\/charneux.be\/preprod\/p4-decouverte-du-paysage-du-pays-de-herve-avec-francois-le-papa-de-zoe\/","og_site_name":"\u00c9cole libre de Charneux","article_published_time":"2023-10-11T11:45:21+00:00","article_modified_time":"2023-10-11T12:07:43+00:00","og_image":[{"url":"http:\/\/charneux.be\/wordpress\/wp-content\/uploads\/2023\/10\/56dff877-63b4-4b91-b080-d1c1523b269e-225x300.jpg"}],"author":"Fabian Hogge","twitter_misc":{"\u00c9crit par":"Fabian Hogge"},"schema":{"@context":"https:\/\/schema.org","@graph":[{"@type":"Article","@id":"https:\/\/charneux.be\/preprod\/p4-decouverte-du-paysage-du-pays-de-herve-avec-francois-le-papa-de-zoe\/#article","isPartOf":{"@id":"https:\/\/charneux.be\/preprod\/p4-decouverte-du-paysage-du-pays-de-herve-avec-francois-le-papa-de-zoe\/"},"author":{"name":"Fabian Hogge","@id":"https:\/\/charneux.be\/wordpress\/#\/schema\/person\/0630c46b69b2214f68b581152af56e55"},"headline":"P4 : d\u00e9couverte du paysage du Pays de Herve avec Fran\u00e7ois, le papa de Zo\u00e9.","datePublished":"2023-10-11T11:45:21+00:00","dateModified":"2023-10-11T12:07:43+00:00","mainEntityOfPage":{"@id":"https:\/\/charneux.be\/preprod\/p4-decouverte-du-paysage-du-pays-de-herve-avec-francois-le-papa-de-zoe\/"},"wordCount":16,"publisher":{"@id":"https:\/\/charneux.be\/wordpress\/#organization"},"image":{"@id":"https:\/\/charneux.be\/preprod\/p4-decouverte-du-paysage-du-pays-de-herve-avec-francois-le-papa-de-zoe\/#primaryimage"},"thumbnailUrl":"http:\/\/charneux.be\/wordpress\/wp-content\/uploads\/2023\/10\/56dff877-63b4-4b91-b080-d1c1523b269e-225x300.jpg","articleSection":["En primaire"],"inLanguage":"fr-FR"},{"@type":"WebPage","@id":"https:\/\/charneux.be\/preprod\/p4-decouverte-du-paysage-du-pays-de-herve-avec-francois-le-papa-de-zoe\/","url":"https:\/\/charneux.be\/preprod\/p4-decouverte-du-paysage-du-pays-de-herve-avec-francois-le-papa-de-zoe\/","name":"P4 : d\u00e9couverte du paysage du Pays de Herve avec Fran\u00e7ois, le papa de Zo\u00e9. - \u00c9cole libre de Charneux","isPartOf":{"@id":"https:\/\/charneux.be\/wordpress\/#website"},"primaryImageOfPage":{"@id":"https:\/\/charneux.be\/preprod\/p4-decouverte-du-paysage-du-pays-de-herve-avec-francois-le-papa-de-zoe\/#primaryimage"},"image":{"@id":"https:\/\/charneux.be\/preprod\/p4-decouverte-du-paysage-du-pays-de-herve-avec-francois-le-papa-de-zoe\/#primaryimage"},"thumbnailUrl":"http:\/\/charneux.be\/wordpress\/wp-content\/uploads\/2023\/10\/56dff877-63b4-4b91-b080-d1c1523b269e-225x300.jpg","datePublished":"2023-10-11T11:45:21+00:00","dateModified":"2023-10-11T12:07:43+00:00","breadcrumb":{"@id":"https:\/\/charneux.be\/preprod\/p4-decouverte-du-paysage-du-pays-de-herve-avec-francois-le-papa-de-zoe\/#breadcrumb"},"inLanguage":"fr-FR","potentialAction":[{"@type":"ReadAction","target":["https:\/\/charneux.be\/preprod\/p4-decouverte-du-paysage-du-pays-de-herve-avec-francois-le-papa-de-zoe\/"]}]},{"@type":"ImageObject","inLanguage":"fr-FR","@id":"https:\/\/charneux.be\/preprod\/p4-decouverte-du-paysage-du-pays-de-herve-avec-francois-le-papa-de-zoe\/#primaryimage","url":"http:\/\/charneux.be\/wordpress\/wp-content\/uploads\/2023\/10\/56dff877-63b4-4b91-b080-d1c1523b269e-225x300.jpg","contentUrl":"http:\/\/charneux.be\/wordpress\/wp-content\/uploads\/2023\/10\/56dff877-63b4-4b91-b080-d1c1523b269e-225x300.jpg"},{"@type":"BreadcrumbList","@id":"https:\/\/charneux.be\/preprod\/p4-decouverte-du-paysage-du-pays-de-herve-avec-francois-le-papa-de-zoe\/#breadcrumb","itemListElement":[{"@type":"ListItem","position":1,"name":"Accueil","item":"https:\/\/charneux.be\/preprod\/"},{"@type":"ListItem","position":2,"name":"P4 : d\u00e9couverte du paysage du Pays de Herve avec Fran\u00e7ois, le papa de Zo\u00e9."}]},{"@type":"WebSite","@id":"https:\/\/charneux.be\/wordpress\/#website","url":"https:\/\/charneux.be\/wordpress\/","name":"Charneux","description":"","publisher":{"@id":"https:\/\/charneux.be\/wordpress\/#organization"},"potentialAction":[{"@type":"SearchAction","target":{"@type":"EntryPoint","urlTemplate":"https:\/\/charneux.be\/wordpress\/?s={search_term_string}"},"query-input":{"@type":"PropertyValueSpecification","valueRequired":true,"valueName":"search_term_string"}}],"inLanguage":"fr-FR"},{"@type":"Organization","@id":"https:\/\/charneux.be\/wordpress\/#organization","name":"Ecole libre de Charneux","url":"https:\/\/charneux.be\/wordpress\/","logo":{"@type":"ImageObject","inLanguage":"fr-FR","@id":"https:\/\/charneux.be\/wordpress\/#\/schema\/logo\/image\/","url":"https:\/\/charneux.be\/wordpress\/wp-content\/uploads\/2024\/08\/cropped-Logo-bleu.png","contentUrl":"https:\/\/charneux.be\/wordpress\/wp-content\/uploads\/2024\/08\/cropped-Logo-bleu.png","width":480,"height":799,"caption":"Ecole libre de Charneux"},"image":{"@id":"https:\/\/charneux.be\/wordpress\/#\/schema\/logo\/image\/"}},{"@type":"Person","@id":"https:\/\/charneux.be\/wordpress\/#\/schema\/person\/0630c46b69b2214f68b581152af56e55","name":"Fabian Hogge","image":{"@type":"ImageObject","inLanguage":"fr-FR","@id":"https:\/\/charneux.be\/wordpress\/#\/schema\/person\/image\/","url":"https:\/\/secure.gravatar.com\/avatar\/552ab52776d1849951c7f3e8604e08148e83623fa7896ce53c9c967ae54bc91b?s=96&d=mm&r=g","contentUrl":"https:\/\/secure.gravatar.com\/avatar\/552ab52776d1849951c7f3e8604e08148e83623fa7896ce53c9c967ae54bc91b?s=96&d=mm&r=g","caption":"Fabian Hogge"},"url":"https:\/\/charneux.be\/wordpress\/author\/fabian-hogge\/"}]}},"_links":{"self":[{"href":"https:\/\/charneux.be\/wordpress\/wp-json\/wp\/v2\/posts\/1421","targetHints":{"allow":["GET"]}}],"collection":[{"href":"https:\/\/charneux.be\/wordpress\/wp-json\/wp\/v2\/posts"}],"about":[{"href":"https:\/\/charneux.be\/wordpress\/wp-json\/wp\/v2\/types\/post"}],"author":[{"embeddable":true,"href":"https:\/\/charneux.be\/wordpress\/wp-json\/wp\/v2\/users\/18"}],"replies":[{"embeddable":true,"href":"https:\/\/charneux.be\/wordpress\/wp-json\/wp\/v2\/comments?post=1421"}],"version-history":[{"count":2,"href":"https:\/\/charneux.be\/wordpress\/wp-json\/wp\/v2\/posts\/1421\/revisions"}],"predecessor-version":[{"id":1434,"href":"https:\/\/charneux.be\/wordpress\/wp-json\/wp\/v2\/posts\/1421\/revisions\/1434"}],"wp:attachment":[{"href":"https:\/\/charneux.be\/wordpress\/wp-json\/wp\/v2\/media?parent=1421"}],"wp:term":[{"taxonomy":"category","embeddable":true,"href":"https:\/\/charneux.be\/wordpress\/wp-json\/wp\/v2\/categories?post=1421"},{"taxonomy":"post_tag","embeddable":true,"href":"https:\/\/charneux.be\/wordpress\/wp-json\/wp\/v2\/tags?post=1421"}],"curies":[{"name":"wp","href":"https:\/\/api.w.org\/{rel}","templated":true}]}}