{"id":1496,"date":"2023-12-06T20:43:50","date_gmt":"2023-12-06T19:43:50","guid":{"rendered":"https:\/\/\/preprod\/?p=1496"},"modified":"2023-12-06T20:43:50","modified_gmt":"2023-12-06T19:43:50","slug":"p5","status":"publish","type":"post","link":"https:\/\/charneux.be\/wordpress\/p5\/","title":{"rendered":"P5"},"content":{"rendered":"<p>\u00c0 l&rsquo;occasion de la Saint-Nicolas, les \u00e9l\u00e8ves de 5\u00e8me ann\u00e9e ont pr\u00e9par\u00e9 des cases de bande dessin\u00e9e.<\/p>\n<div style=\"width: 800px;\" class=\"wp-video\"><video class=\"wp-video-shortcode\" id=\"video-1496-1\" width=\"800\" height=\"450\" preload=\"metadata\" controls=\"controls\"><source type=\"video\/mp4\" src=\"https:\/\/\/preprod\/wp-content\/uploads\/2023\/12\/video-BD-de-Saint-Nicolas.mp4?_=1\" \/><a href=\"https:\/\/\/preprod\/wp-content\/uploads\/2023\/12\/video-BD-de-Saint-Nicolas.mp4\">https:\/\/\/preprod\/wp-content\/uploads\/2023\/12\/video-BD-de-Saint-Nicolas.mp4<\/a><\/video><\/div>\n","protected":false},"excerpt":{"rendered":"<p>\u00c0 l&rsquo;occasion de la Saint-Nicolas, les \u00e9l\u00e8ves de 5\u00e8me ann\u00e9e ont pr\u00e9par\u00e9 des cases de bande dessin\u00e9e.<\/p>\n","protected":false},"author":18,"featured_media":0,"comment_status":"closed","ping_status":"open","sticky":false,"template":"","format":"standard","meta":{"footnotes":""},"categories":[2],"tags":[],"class_list":["post-1496","post","type-post","status-publish","format-standard","hentry","category-primaire"],"yoast_head":"<!-- This site is optimized with the Yoast SEO plugin v23.6 - https:\/\/yoast.com\/wordpress\/plugins\/seo\/ -->\n<title>P5 - \u00c9cole libre de Charneux<\/title>\n<meta name=\"robots\" content=\"index, follow, max-snippet:-1, max-image-preview:large, max-video-preview:-1\" \/>\n<link rel=\"canonical\" href=\"https:\/\/charneux.be\/preprod\/p5\/\" \/>\n<meta property=\"og:locale\" content=\"fr_FR\" \/>\n<meta property=\"og:type\" content=\"article\" \/>\n<meta property=\"og:title\" content=\"P5 - \u00c9cole libre de Charneux\" \/>\n<meta property=\"og:description\" content=\"\u00c0 l&rsquo;occasion de la Saint-Nicolas, les \u00e9l\u00e8ves de 5\u00e8me ann\u00e9e ont pr\u00e9par\u00e9 des cases de bande dessin\u00e9e.\" \/>\n<meta property=\"og:url\" content=\"https:\/\/charneux.be\/preprod\/p5\/\" \/>\n<meta property=\"og:site_name\" content=\"\u00c9cole libre de Charneux\" \/>\n<meta property=\"article:published_time\" content=\"2023-12-06T19:43:50+00:00\" \/>\n<meta name=\"author\" content=\"Fabian Hogge\" \/>\n<meta name=\"twitter:label1\" content=\"\u00c9crit par\" \/>\n\t<meta name=\"twitter:data1\" content=\"Fabian Hogge\" \/>\n\t<meta name=\"twitter:label2\" content=\"Dur\u00e9e de lecture estim\u00e9e\" \/>\n\t<meta name=\"twitter:data2\" content=\"1 minute\" \/>\n<script type=\"application\/ld+json\" class=\"yoast-schema-graph\">{\"@context\":\"https:\/\/schema.org\",\"@graph\":[{\"@type\":\"Article\",\"@id\":\"https:\/\/charneux.be\/preprod\/p5\/#article\",\"isPartOf\":{\"@id\":\"https:\/\/charneux.be\/preprod\/p5\/\"},\"author\":{\"name\":\"Fabian Hogge\",\"@id\":\"https:\/\/charneux.be\/wordpress\/#\/schema\/person\/0630c46b69b2214f68b581152af56e55\"},\"headline\":\"P5\",\"datePublished\":\"2023-12-06T19:43:50+00:00\",\"dateModified\":\"2023-12-06T19:43:50+00:00\",\"mainEntityOfPage\":{\"@id\":\"https:\/\/charneux.be\/preprod\/p5\/\"},\"wordCount\":33,\"publisher\":{\"@id\":\"https:\/\/charneux.be\/wordpress\/#organization\"},\"articleSection\":[\"En primaire\"],\"inLanguage\":\"fr-FR\"},{\"@type\":\"WebPage\",\"@id\":\"https:\/\/charneux.be\/preprod\/p5\/\",\"url\":\"https:\/\/charneux.be\/preprod\/p5\/\",\"name\":\"P5 - \u00c9cole libre de Charneux\",\"isPartOf\":{\"@id\":\"https:\/\/charneux.be\/wordpress\/#website\"},\"datePublished\":\"2023-12-06T19:43:50+00:00\",\"dateModified\":\"2023-12-06T19:43:50+00:00\",\"breadcrumb\":{\"@id\":\"https:\/\/charneux.be\/preprod\/p5\/#breadcrumb\"},\"inLanguage\":\"fr-FR\",\"potentialAction\":[{\"@type\":\"ReadAction\",\"target\":[\"https:\/\/charneux.be\/preprod\/p5\/\"]}]},{\"@type\":\"BreadcrumbList\",\"@id\":\"https:\/\/charneux.be\/preprod\/p5\/#breadcrumb\",\"itemListElement\":[{\"@type\":\"ListItem\",\"position\":1,\"name\":\"Accueil\",\"item\":\"https:\/\/charneux.be\/preprod\/\"},{\"@type\":\"ListItem\",\"position\":2,\"name\":\"P5\"}]},{\"@type\":\"WebSite\",\"@id\":\"https:\/\/charneux.be\/wordpress\/#website\",\"url\":\"https:\/\/charneux.be\/wordpress\/\",\"name\":\"Charneux\",\"description\":\"\",\"publisher\":{\"@id\":\"https:\/\/charneux.be\/wordpress\/#organization\"},\"potentialAction\":[{\"@type\":\"SearchAction\",\"target\":{\"@type\":\"EntryPoint\",\"urlTemplate\":\"https:\/\/charneux.be\/wordpress\/?s={search_term_string}\"},\"query-input\":{\"@type\":\"PropertyValueSpecification\",\"valueRequired\":true,\"valueName\":\"search_term_string\"}}],\"inLanguage\":\"fr-FR\"},{\"@type\":\"Organization\",\"@id\":\"https:\/\/charneux.be\/wordpress\/#organization\",\"name\":\"Ecole libre de Charneux\",\"url\":\"https:\/\/charneux.be\/wordpress\/\",\"logo\":{\"@type\":\"ImageObject\",\"inLanguage\":\"fr-FR\",\"@id\":\"https:\/\/charneux.be\/wordpress\/#\/schema\/logo\/image\/\",\"url\":\"https:\/\/charneux.be\/wordpress\/wp-content\/uploads\/2024\/08\/cropped-Logo-bleu.png\",\"contentUrl\":\"https:\/\/charneux.be\/wordpress\/wp-content\/uploads\/2024\/08\/cropped-Logo-bleu.png\",\"width\":480,\"height\":799,\"caption\":\"Ecole libre de Charneux\"},\"image\":{\"@id\":\"https:\/\/charneux.be\/wordpress\/#\/schema\/logo\/image\/\"}},{\"@type\":\"Person\",\"@id\":\"https:\/\/charneux.be\/wordpress\/#\/schema\/person\/0630c46b69b2214f68b581152af56e55\",\"name\":\"Fabian Hogge\",\"image\":{\"@type\":\"ImageObject\",\"inLanguage\":\"fr-FR\",\"@id\":\"https:\/\/charneux.be\/wordpress\/#\/schema\/person\/image\/\",\"url\":\"https:\/\/secure.gravatar.com\/avatar\/552ab52776d1849951c7f3e8604e08148e83623fa7896ce53c9c967ae54bc91b?s=96&d=mm&r=g\",\"contentUrl\":\"https:\/\/secure.gravatar.com\/avatar\/552ab52776d1849951c7f3e8604e08148e83623fa7896ce53c9c967ae54bc91b?s=96&d=mm&r=g\",\"caption\":\"Fabian Hogge\"},\"url\":\"https:\/\/charneux.be\/wordpress\/author\/fabian-hogge\/\"}]}<\/script>\n<!-- \/ Yoast SEO plugin. -->","yoast_head_json":{"title":"P5 - \u00c9cole libre de Charneux","robots":{"index":"index","follow":"follow","max-snippet":"max-snippet:-1","max-image-preview":"max-image-preview:large","max-video-preview":"max-video-preview:-1"},"canonical":"https:\/\/charneux.be\/preprod\/p5\/","og_locale":"fr_FR","og_type":"article","og_title":"P5 - \u00c9cole libre de Charneux","og_description":"\u00c0 l&rsquo;occasion de la Saint-Nicolas, les \u00e9l\u00e8ves de 5\u00e8me ann\u00e9e ont pr\u00e9par\u00e9 des cases de bande dessin\u00e9e.","og_url":"https:\/\/charneux.be\/preprod\/p5\/","og_site_name":"\u00c9cole libre de Charneux","article_published_time":"2023-12-06T19:43:50+00:00","author":"Fabian Hogge","twitter_misc":{"\u00c9crit par":"Fabian Hogge","Dur\u00e9e de lecture estim\u00e9e":"1 minute"},"schema":{"@context":"https:\/\/schema.org","@graph":[{"@type":"Article","@id":"https:\/\/charneux.be\/preprod\/p5\/#article","isPartOf":{"@id":"https:\/\/charneux.be\/preprod\/p5\/"},"author":{"name":"Fabian Hogge","@id":"https:\/\/charneux.be\/wordpress\/#\/schema\/person\/0630c46b69b2214f68b581152af56e55"},"headline":"P5","datePublished":"2023-12-06T19:43:50+00:00","dateModified":"2023-12-06T19:43:50+00:00","mainEntityOfPage":{"@id":"https:\/\/charneux.be\/preprod\/p5\/"},"wordCount":33,"publisher":{"@id":"https:\/\/charneux.be\/wordpress\/#organization"},"articleSection":["En primaire"],"inLanguage":"fr-FR"},{"@type":"WebPage","@id":"https:\/\/charneux.be\/preprod\/p5\/","url":"https:\/\/charneux.be\/preprod\/p5\/","name":"P5 - \u00c9cole libre de Charneux","isPartOf":{"@id":"https:\/\/charneux.be\/wordpress\/#website"},"datePublished":"2023-12-06T19:43:50+00:00","dateModified":"2023-12-06T19:43:50+00:00","breadcrumb":{"@id":"https:\/\/charneux.be\/preprod\/p5\/#breadcrumb"},"inLanguage":"fr-FR","potentialAction":[{"@type":"ReadAction","target":["https:\/\/charneux.be\/preprod\/p5\/"]}]},{"@type":"BreadcrumbList","@id":"https:\/\/charneux.be\/preprod\/p5\/#breadcrumb","itemListElement":[{"@type":"ListItem","position":1,"name":"Accueil","item":"https:\/\/charneux.be\/preprod\/"},{"@type":"ListItem","position":2,"name":"P5"}]},{"@type":"WebSite","@id":"https:\/\/charneux.be\/wordpress\/#website","url":"https:\/\/charneux.be\/wordpress\/","name":"Charneux","description":"","publisher":{"@id":"https:\/\/charneux.be\/wordpress\/#organization"},"potentialAction":[{"@type":"SearchAction","target":{"@type":"EntryPoint","urlTemplate":"https:\/\/charneux.be\/wordpress\/?s={search_term_string}"},"query-input":{"@type":"PropertyValueSpecification","valueRequired":true,"valueName":"search_term_string"}}],"inLanguage":"fr-FR"},{"@type":"Organization","@id":"https:\/\/charneux.be\/wordpress\/#organization","name":"Ecole libre de Charneux","url":"https:\/\/charneux.be\/wordpress\/","logo":{"@type":"ImageObject","inLanguage":"fr-FR","@id":"https:\/\/charneux.be\/wordpress\/#\/schema\/logo\/image\/","url":"https:\/\/charneux.be\/wordpress\/wp-content\/uploads\/2024\/08\/cropped-Logo-bleu.png","contentUrl":"https:\/\/charneux.be\/wordpress\/wp-content\/uploads\/2024\/08\/cropped-Logo-bleu.png","width":480,"height":799,"caption":"Ecole libre de Charneux"},"image":{"@id":"https:\/\/charneux.be\/wordpress\/#\/schema\/logo\/image\/"}},{"@type":"Person","@id":"https:\/\/charneux.be\/wordpress\/#\/schema\/person\/0630c46b69b2214f68b581152af56e55","name":"Fabian Hogge","image":{"@type":"ImageObject","inLanguage":"fr-FR","@id":"https:\/\/charneux.be\/wordpress\/#\/schema\/person\/image\/","url":"https:\/\/secure.gravatar.com\/avatar\/552ab52776d1849951c7f3e8604e08148e83623fa7896ce53c9c967ae54bc91b?s=96&d=mm&r=g","contentUrl":"https:\/\/secure.gravatar.com\/avatar\/552ab52776d1849951c7f3e8604e08148e83623fa7896ce53c9c967ae54bc91b?s=96&d=mm&r=g","caption":"Fabian Hogge"},"url":"https:\/\/charneux.be\/wordpress\/author\/fabian-hogge\/"}]}},"_links":{"self":[{"href":"https:\/\/charneux.be\/wordpress\/wp-json\/wp\/v2\/posts\/1496","targetHints":{"allow":["GET"]}}],"collection":[{"href":"https:\/\/charneux.be\/wordpress\/wp-json\/wp\/v2\/posts"}],"about":[{"href":"https:\/\/charneux.be\/wordpress\/wp-json\/wp\/v2\/types\/post"}],"author":[{"embeddable":true,"href":"https:\/\/charneux.be\/wordpress\/wp-json\/wp\/v2\/users\/18"}],"replies":[{"embeddable":true,"href":"https:\/\/charneux.be\/wordpress\/wp-json\/wp\/v2\/comments?post=1496"}],"version-history":[{"count":1,"href":"https:\/\/charneux.be\/wordpress\/wp-json\/wp\/v2\/posts\/1496\/revisions"}],"predecessor-version":[{"id":1498,"href":"https:\/\/charneux.be\/wordpress\/wp-json\/wp\/v2\/posts\/1496\/revisions\/1498"}],"wp:attachment":[{"href":"https:\/\/charneux.be\/wordpress\/wp-json\/wp\/v2\/media?parent=1496"}],"wp:term":[{"taxonomy":"category","embeddable":true,"href":"https:\/\/charneux.be\/wordpress\/wp-json\/wp\/v2\/categories?post=1496"},{"taxonomy":"post_tag","embeddable":true,"href":"https:\/\/charneux.be\/wordpress\/wp-json\/wp\/v2\/tags?post=1496"}],"curies":[{"name":"wp","href":"https:\/\/api.w.org\/{rel}","templated":true}]}}