{"id":1561,"date":"2024-01-23T16:30:14","date_gmt":"2024-01-23T15:30:14","guid":{"rendered":"https:\/\/\/preprod\/?p=1561"},"modified":"2024-01-23T16:30:14","modified_gmt":"2024-01-23T15:30:14","slug":"animation-p1-et-p2-a-la-chapelle-de-monty","status":"publish","type":"post","link":"https:\/\/charneux.be\/wordpress\/animation-p1-et-p2-a-la-chapelle-de-monty\/","title":{"rendered":"Animation P1 et P2 \u00e0 la Chapelle de Monty."},"content":{"rendered":"<p><a href=\"https:\/\/\/preprod\/wp-content\/uploads\/2024\/01\/404476253_911751063548196_3954181387560449676_n.jpg\"><img fetchpriority=\"high\" decoding=\"async\" class=\"alignnone size-medium wp-image-1562\" src=\"https:\/\/\/preprod\/wp-content\/uploads\/2024\/01\/404476253_911751063548196_3954181387560449676_n-231x300.jpg\" alt=\"\" width=\"231\" height=\"300\" srcset=\"https:\/\/charneux.be\/wordpress\/wp-content\/uploads\/2024\/01\/404476253_911751063548196_3954181387560449676_n-231x300.jpg 231w, https:\/\/charneux.be\/wordpress\/wp-content\/uploads\/2024\/01\/404476253_911751063548196_3954181387560449676_n-385x500.jpg 385w, https:\/\/charneux.be\/wordpress\/wp-content\/uploads\/2024\/01\/404476253_911751063548196_3954181387560449676_n-768x997.jpg 768w, https:\/\/charneux.be\/wordpress\/wp-content\/uploads\/2024\/01\/404476253_911751063548196_3954181387560449676_n-789x1024.jpg 789w, https:\/\/charneux.be\/wordpress\/wp-content\/uploads\/2024\/01\/404476253_911751063548196_3954181387560449676_n-1184x1536.jpg 1184w, https:\/\/charneux.be\/wordpress\/wp-content\/uploads\/2024\/01\/404476253_911751063548196_3954181387560449676_n.jpg 1578w\" sizes=\"(max-width: 231px) 100vw, 231px\" \/><\/a> <a href=\"https:\/\/\/preprod\/wp-content\/uploads\/2024\/01\/404571449_735257854956515_608673848357621296_n.jpg\"><img decoding=\"async\" class=\"alignnone size-medium wp-image-1563\" src=\"https:\/\/\/preprod\/wp-content\/uploads\/2024\/01\/404571449_735257854956515_608673848357621296_n-225x300.jpg\" alt=\"\" width=\"225\" height=\"300\" srcset=\"https:\/\/charneux.be\/wordpress\/wp-content\/uploads\/2024\/01\/404571449_735257854956515_608673848357621296_n-225x300.jpg 225w, https:\/\/charneux.be\/wordpress\/wp-content\/uploads\/2024\/01\/404571449_735257854956515_608673848357621296_n-375x500.jpg 375w, https:\/\/charneux.be\/wordpress\/wp-content\/uploads\/2024\/01\/404571449_735257854956515_608673848357621296_n-768x1024.jpg 768w, https:\/\/charneux.be\/wordpress\/wp-content\/uploads\/2024\/01\/404571449_735257854956515_608673848357621296_n-1152x1536.jpg 1152w, https:\/\/charneux.be\/wordpress\/wp-content\/uploads\/2024\/01\/404571449_735257854956515_608673848357621296_n.jpg 1536w\" sizes=\"(max-width: 225px) 100vw, 225px\" \/><\/a> <a href=\"https:\/\/\/preprod\/wp-content\/uploads\/2024\/01\/404628175_920959959616828_611806090113201462_n.jpg\"><img decoding=\"async\" class=\"alignnone size-medium wp-image-1564\" src=\"https:\/\/\/preprod\/wp-content\/uploads\/2024\/01\/404628175_920959959616828_611806090113201462_n-225x300.jpg\" alt=\"\" width=\"225\" height=\"300\" srcset=\"https:\/\/charneux.be\/wordpress\/wp-content\/uploads\/2024\/01\/404628175_920959959616828_611806090113201462_n-225x300.jpg 225w, https:\/\/charneux.be\/wordpress\/wp-content\/uploads\/2024\/01\/404628175_920959959616828_611806090113201462_n-375x500.jpg 375w, https:\/\/charneux.be\/wordpress\/wp-content\/uploads\/2024\/01\/404628175_920959959616828_611806090113201462_n-768x1024.jpg 768w, https:\/\/charneux.be\/wordpress\/wp-content\/uploads\/2024\/01\/404628175_920959959616828_611806090113201462_n-1152x1536.jpg 1152w, https:\/\/charneux.be\/wordpress\/wp-content\/uploads\/2024\/01\/404628175_920959959616828_611806090113201462_n.jpg 1536w\" sizes=\"(max-width: 225px) 100vw, 225px\" \/><\/a> <a href=\"https:\/\/\/preprod\/wp-content\/uploads\/2024\/01\/404916911_901046314802169_7371167257407881713_n.jpg\"><img loading=\"lazy\" decoding=\"async\" class=\"alignnone size-medium wp-image-1565\" src=\"https:\/\/\/preprod\/wp-content\/uploads\/2024\/01\/404916911_901046314802169_7371167257407881713_n-225x300.jpg\" alt=\"\" width=\"225\" height=\"300\" srcset=\"https:\/\/charneux.be\/wordpress\/wp-content\/uploads\/2024\/01\/404916911_901046314802169_7371167257407881713_n-225x300.jpg 225w, https:\/\/charneux.be\/wordpress\/wp-content\/uploads\/2024\/01\/404916911_901046314802169_7371167257407881713_n-375x500.jpg 375w, https:\/\/charneux.be\/wordpress\/wp-content\/uploads\/2024\/01\/404916911_901046314802169_7371167257407881713_n-768x1024.jpg 768w, https:\/\/charneux.be\/wordpress\/wp-content\/uploads\/2024\/01\/404916911_901046314802169_7371167257407881713_n-1152x1536.jpg 1152w, https:\/\/charneux.be\/wordpress\/wp-content\/uploads\/2024\/01\/404916911_901046314802169_7371167257407881713_n.jpg 1536w\" sizes=\"(max-width: 225px) 100vw, 225px\" \/><\/a><\/p>\n","protected":false},"excerpt":{"rendered":"","protected":false},"author":18,"featured_media":0,"comment_status":"closed","ping_status":"open","sticky":false,"template":"","format":"standard","meta":{"footnotes":""},"categories":[2],"tags":[],"class_list":["post-1561","post","type-post","status-publish","format-standard","hentry","category-primaire"],"yoast_head":"<!-- This site is optimized with the Yoast SEO plugin v23.6 - https:\/\/yoast.com\/wordpress\/plugins\/seo\/ -->\n<title>Animation P1 et P2 \u00e0 la Chapelle de Monty. - \u00c9cole libre de Charneux<\/title>\n<meta name=\"robots\" content=\"index, follow, max-snippet:-1, max-image-preview:large, max-video-preview:-1\" \/>\n<link rel=\"canonical\" href=\"https:\/\/charneux.be\/preprod\/animation-p1-et-p2-a-la-chapelle-de-monty\/\" \/>\n<meta property=\"og:locale\" content=\"fr_FR\" \/>\n<meta property=\"og:type\" content=\"article\" \/>\n<meta property=\"og:title\" content=\"Animation P1 et P2 \u00e0 la Chapelle de Monty. - \u00c9cole libre de Charneux\" \/>\n<meta property=\"og:url\" content=\"https:\/\/charneux.be\/preprod\/animation-p1-et-p2-a-la-chapelle-de-monty\/\" \/>\n<meta property=\"og:site_name\" content=\"\u00c9cole libre de Charneux\" \/>\n<meta property=\"article:published_time\" content=\"2024-01-23T15:30:14+00:00\" \/>\n<meta name=\"author\" content=\"Fabian Hogge\" \/>\n<meta name=\"twitter:label1\" content=\"\u00c9crit par\" \/>\n\t<meta name=\"twitter:data1\" content=\"Fabian Hogge\" \/>\n\t<meta name=\"twitter:label2\" content=\"Dur\u00e9e de lecture estim\u00e9e\" \/>\n\t<meta name=\"twitter:data2\" content=\"1 minute\" \/>\n<script type=\"application\/ld+json\" class=\"yoast-schema-graph\">{\"@context\":\"https:\/\/schema.org\",\"@graph\":[{\"@type\":\"Article\",\"@id\":\"https:\/\/charneux.be\/preprod\/animation-p1-et-p2-a-la-chapelle-de-monty\/#article\",\"isPartOf\":{\"@id\":\"https:\/\/charneux.be\/preprod\/animation-p1-et-p2-a-la-chapelle-de-monty\/\"},\"author\":{\"name\":\"Fabian Hogge\",\"@id\":\"https:\/\/charneux.be\/wordpress\/#\/schema\/person\/0630c46b69b2214f68b581152af56e55\"},\"headline\":\"Animation P1 et P2 \u00e0 la Chapelle de Monty.\",\"datePublished\":\"2024-01-23T15:30:14+00:00\",\"dateModified\":\"2024-01-23T15:30:14+00:00\",\"mainEntityOfPage\":{\"@id\":\"https:\/\/charneux.be\/preprod\/animation-p1-et-p2-a-la-chapelle-de-monty\/\"},\"wordCount\":8,\"publisher\":{\"@id\":\"https:\/\/charneux.be\/wordpress\/#organization\"},\"articleSection\":[\"En primaire\"],\"inLanguage\":\"fr-FR\"},{\"@type\":\"WebPage\",\"@id\":\"https:\/\/charneux.be\/preprod\/animation-p1-et-p2-a-la-chapelle-de-monty\/\",\"url\":\"https:\/\/charneux.be\/preprod\/animation-p1-et-p2-a-la-chapelle-de-monty\/\",\"name\":\"Animation P1 et P2 \u00e0 la Chapelle de Monty. - \u00c9cole libre de Charneux\",\"isPartOf\":{\"@id\":\"https:\/\/charneux.be\/wordpress\/#website\"},\"datePublished\":\"2024-01-23T15:30:14+00:00\",\"dateModified\":\"2024-01-23T15:30:14+00:00\",\"breadcrumb\":{\"@id\":\"https:\/\/charneux.be\/preprod\/animation-p1-et-p2-a-la-chapelle-de-monty\/#breadcrumb\"},\"inLanguage\":\"fr-FR\",\"potentialAction\":[{\"@type\":\"ReadAction\",\"target\":[\"https:\/\/charneux.be\/preprod\/animation-p1-et-p2-a-la-chapelle-de-monty\/\"]}]},{\"@type\":\"BreadcrumbList\",\"@id\":\"https:\/\/charneux.be\/preprod\/animation-p1-et-p2-a-la-chapelle-de-monty\/#breadcrumb\",\"itemListElement\":[{\"@type\":\"ListItem\",\"position\":1,\"name\":\"Accueil\",\"item\":\"https:\/\/charneux.be\/preprod\/\"},{\"@type\":\"ListItem\",\"position\":2,\"name\":\"Animation P1 et P2 \u00e0 la Chapelle de Monty.\"}]},{\"@type\":\"WebSite\",\"@id\":\"https:\/\/charneux.be\/wordpress\/#website\",\"url\":\"https:\/\/charneux.be\/wordpress\/\",\"name\":\"Charneux\",\"description\":\"\",\"publisher\":{\"@id\":\"https:\/\/charneux.be\/wordpress\/#organization\"},\"potentialAction\":[{\"@type\":\"SearchAction\",\"target\":{\"@type\":\"EntryPoint\",\"urlTemplate\":\"https:\/\/charneux.be\/wordpress\/?s={search_term_string}\"},\"query-input\":{\"@type\":\"PropertyValueSpecification\",\"valueRequired\":true,\"valueName\":\"search_term_string\"}}],\"inLanguage\":\"fr-FR\"},{\"@type\":\"Organization\",\"@id\":\"https:\/\/charneux.be\/wordpress\/#organization\",\"name\":\"Ecole libre de Charneux\",\"url\":\"https:\/\/charneux.be\/wordpress\/\",\"logo\":{\"@type\":\"ImageObject\",\"inLanguage\":\"fr-FR\",\"@id\":\"https:\/\/charneux.be\/wordpress\/#\/schema\/logo\/image\/\",\"url\":\"https:\/\/charneux.be\/wordpress\/wp-content\/uploads\/2024\/08\/cropped-Logo-bleu.png\",\"contentUrl\":\"https:\/\/charneux.be\/wordpress\/wp-content\/uploads\/2024\/08\/cropped-Logo-bleu.png\",\"width\":480,\"height\":799,\"caption\":\"Ecole libre de Charneux\"},\"image\":{\"@id\":\"https:\/\/charneux.be\/wordpress\/#\/schema\/logo\/image\/\"}},{\"@type\":\"Person\",\"@id\":\"https:\/\/charneux.be\/wordpress\/#\/schema\/person\/0630c46b69b2214f68b581152af56e55\",\"name\":\"Fabian Hogge\",\"image\":{\"@type\":\"ImageObject\",\"inLanguage\":\"fr-FR\",\"@id\":\"https:\/\/charneux.be\/wordpress\/#\/schema\/person\/image\/\",\"url\":\"https:\/\/secure.gravatar.com\/avatar\/552ab52776d1849951c7f3e8604e08148e83623fa7896ce53c9c967ae54bc91b?s=96&d=mm&r=g\",\"contentUrl\":\"https:\/\/secure.gravatar.com\/avatar\/552ab52776d1849951c7f3e8604e08148e83623fa7896ce53c9c967ae54bc91b?s=96&d=mm&r=g\",\"caption\":\"Fabian Hogge\"},\"url\":\"https:\/\/charneux.be\/wordpress\/author\/fabian-hogge\/\"}]}<\/script>\n<!-- \/ Yoast SEO plugin. -->","yoast_head_json":{"title":"Animation P1 et P2 \u00e0 la Chapelle de Monty. - \u00c9cole libre de Charneux","robots":{"index":"index","follow":"follow","max-snippet":"max-snippet:-1","max-image-preview":"max-image-preview:large","max-video-preview":"max-video-preview:-1"},"canonical":"https:\/\/charneux.be\/preprod\/animation-p1-et-p2-a-la-chapelle-de-monty\/","og_locale":"fr_FR","og_type":"article","og_title":"Animation P1 et P2 \u00e0 la Chapelle de Monty. - \u00c9cole libre de Charneux","og_url":"https:\/\/charneux.be\/preprod\/animation-p1-et-p2-a-la-chapelle-de-monty\/","og_site_name":"\u00c9cole libre de Charneux","article_published_time":"2024-01-23T15:30:14+00:00","author":"Fabian Hogge","twitter_misc":{"\u00c9crit par":"Fabian Hogge","Dur\u00e9e de lecture estim\u00e9e":"1 minute"},"schema":{"@context":"https:\/\/schema.org","@graph":[{"@type":"Article","@id":"https:\/\/charneux.be\/preprod\/animation-p1-et-p2-a-la-chapelle-de-monty\/#article","isPartOf":{"@id":"https:\/\/charneux.be\/preprod\/animation-p1-et-p2-a-la-chapelle-de-monty\/"},"author":{"name":"Fabian Hogge","@id":"https:\/\/charneux.be\/wordpress\/#\/schema\/person\/0630c46b69b2214f68b581152af56e55"},"headline":"Animation P1 et P2 \u00e0 la Chapelle de Monty.","datePublished":"2024-01-23T15:30:14+00:00","dateModified":"2024-01-23T15:30:14+00:00","mainEntityOfPage":{"@id":"https:\/\/charneux.be\/preprod\/animation-p1-et-p2-a-la-chapelle-de-monty\/"},"wordCount":8,"publisher":{"@id":"https:\/\/charneux.be\/wordpress\/#organization"},"articleSection":["En primaire"],"inLanguage":"fr-FR"},{"@type":"WebPage","@id":"https:\/\/charneux.be\/preprod\/animation-p1-et-p2-a-la-chapelle-de-monty\/","url":"https:\/\/charneux.be\/preprod\/animation-p1-et-p2-a-la-chapelle-de-monty\/","name":"Animation P1 et P2 \u00e0 la Chapelle de Monty. - \u00c9cole libre de Charneux","isPartOf":{"@id":"https:\/\/charneux.be\/wordpress\/#website"},"datePublished":"2024-01-23T15:30:14+00:00","dateModified":"2024-01-23T15:30:14+00:00","breadcrumb":{"@id":"https:\/\/charneux.be\/preprod\/animation-p1-et-p2-a-la-chapelle-de-monty\/#breadcrumb"},"inLanguage":"fr-FR","potentialAction":[{"@type":"ReadAction","target":["https:\/\/charneux.be\/preprod\/animation-p1-et-p2-a-la-chapelle-de-monty\/"]}]},{"@type":"BreadcrumbList","@id":"https:\/\/charneux.be\/preprod\/animation-p1-et-p2-a-la-chapelle-de-monty\/#breadcrumb","itemListElement":[{"@type":"ListItem","position":1,"name":"Accueil","item":"https:\/\/charneux.be\/preprod\/"},{"@type":"ListItem","position":2,"name":"Animation P1 et P2 \u00e0 la Chapelle de Monty."}]},{"@type":"WebSite","@id":"https:\/\/charneux.be\/wordpress\/#website","url":"https:\/\/charneux.be\/wordpress\/","name":"Charneux","description":"","publisher":{"@id":"https:\/\/charneux.be\/wordpress\/#organization"},"potentialAction":[{"@type":"SearchAction","target":{"@type":"EntryPoint","urlTemplate":"https:\/\/charneux.be\/wordpress\/?s={search_term_string}"},"query-input":{"@type":"PropertyValueSpecification","valueRequired":true,"valueName":"search_term_string"}}],"inLanguage":"fr-FR"},{"@type":"Organization","@id":"https:\/\/charneux.be\/wordpress\/#organization","name":"Ecole libre de Charneux","url":"https:\/\/charneux.be\/wordpress\/","logo":{"@type":"ImageObject","inLanguage":"fr-FR","@id":"https:\/\/charneux.be\/wordpress\/#\/schema\/logo\/image\/","url":"https:\/\/charneux.be\/wordpress\/wp-content\/uploads\/2024\/08\/cropped-Logo-bleu.png","contentUrl":"https:\/\/charneux.be\/wordpress\/wp-content\/uploads\/2024\/08\/cropped-Logo-bleu.png","width":480,"height":799,"caption":"Ecole libre de Charneux"},"image":{"@id":"https:\/\/charneux.be\/wordpress\/#\/schema\/logo\/image\/"}},{"@type":"Person","@id":"https:\/\/charneux.be\/wordpress\/#\/schema\/person\/0630c46b69b2214f68b581152af56e55","name":"Fabian Hogge","image":{"@type":"ImageObject","inLanguage":"fr-FR","@id":"https:\/\/charneux.be\/wordpress\/#\/schema\/person\/image\/","url":"https:\/\/secure.gravatar.com\/avatar\/552ab52776d1849951c7f3e8604e08148e83623fa7896ce53c9c967ae54bc91b?s=96&d=mm&r=g","contentUrl":"https:\/\/secure.gravatar.com\/avatar\/552ab52776d1849951c7f3e8604e08148e83623fa7896ce53c9c967ae54bc91b?s=96&d=mm&r=g","caption":"Fabian Hogge"},"url":"https:\/\/charneux.be\/wordpress\/author\/fabian-hogge\/"}]}},"_links":{"self":[{"href":"https:\/\/charneux.be\/wordpress\/wp-json\/wp\/v2\/posts\/1561","targetHints":{"allow":["GET"]}}],"collection":[{"href":"https:\/\/charneux.be\/wordpress\/wp-json\/wp\/v2\/posts"}],"about":[{"href":"https:\/\/charneux.be\/wordpress\/wp-json\/wp\/v2\/types\/post"}],"author":[{"embeddable":true,"href":"https:\/\/charneux.be\/wordpress\/wp-json\/wp\/v2\/users\/18"}],"replies":[{"embeddable":true,"href":"https:\/\/charneux.be\/wordpress\/wp-json\/wp\/v2\/comments?post=1561"}],"version-history":[{"count":1,"href":"https:\/\/charneux.be\/wordpress\/wp-json\/wp\/v2\/posts\/1561\/revisions"}],"predecessor-version":[{"id":1566,"href":"https:\/\/charneux.be\/wordpress\/wp-json\/wp\/v2\/posts\/1561\/revisions\/1566"}],"wp:attachment":[{"href":"https:\/\/charneux.be\/wordpress\/wp-json\/wp\/v2\/media?parent=1561"}],"wp:term":[{"taxonomy":"category","embeddable":true,"href":"https:\/\/charneux.be\/wordpress\/wp-json\/wp\/v2\/categories?post=1561"},{"taxonomy":"post_tag","embeddable":true,"href":"https:\/\/charneux.be\/wordpress\/wp-json\/wp\/v2\/tags?post=1561"}],"curies":[{"name":"wp","href":"https:\/\/api.w.org\/{rel}","templated":true}]}}