{"id":3362,"date":"2025-10-16T10:20:04","date_gmt":"2025-10-16T08:20:04","guid":{"rendered":"https:\/\/charneux.be\/wordpress\/?p=3362"},"modified":"2025-10-16T10:25:31","modified_gmt":"2025-10-16T08:25:31","slug":"une-semaine-sans-ecran-sous-le-signe-de-la-culture-et-du-wallon-%f0%9f%8e%ad","status":"publish","type":"post","link":"https:\/\/charneux.be\/wordpress\/une-semaine-sans-ecran-sous-le-signe-de-la-culture-et-du-wallon-%f0%9f%8e%ad\/","title":{"rendered":"Une Semaine sans \u00e9cran sous le signe de la culture et du wallon \ud83c\udfad"},"content":{"rendered":"\n<p>Dans le cadre de la Semaine sans \u00e9cran, les \u00e9l\u00e8ves de 6e primaire ont eu la chance de vivre une exp\u00e9rience culturelle hors du commun : participer \u00e0 un <strong>op\u00e9ra wallon contemporain<\/strong> !<\/p>\n\n\n\n<p>Accompagn\u00e9s du <strong>Ch\u0153ur de chambre de Namur<\/strong> et du <strong>Ch\u0153ur d\u2019enfants de l\u2019Op\u00e9ra Royal de Wallonie<\/strong>, ils ont interpr\u00e9t\u00e9 le chant final de <em>Li Rvindje di Abe<\/em> (<em>La revanche de l\u2019arbre<\/em>), un op\u00e9ra compos\u00e9 par <strong>Patrick Leterme<\/strong>, originaire du Pays de Herve.<\/p>\n\n\n\n<p>Avant la repr\u00e9sentation, les enfants ont pris part \u00e0 <strong>trois ateliers d\u2019initiation au wallon<\/strong>, anim\u00e9s par le groupe <em>L\u00e8s k\u2019picis d\u00e8 walon<\/em> de Thimister-Clermont. Ces moments ludiques leur ont permis de d\u00e9couvrir la richesse de notre patrimoine linguistique, tout en apprenant \u00e0 prononcer et \u00e0 comprendre le texte du po\u00e8me d\u2019Henri Simon.<\/p>\n\n\n\n<p>Le spectacle, pr\u00e9sent\u00e9 le 4 octobre au Centre culturel de Welkenraedt, a abord\u00e9 avec sensibilit\u00e9 des th\u00e9matiques <strong>environnementales et soci\u00e9tales<\/strong>. Pour les \u00e9l\u00e8ves, ce fut une <strong>exp\u00e9rience humaine et artistique inoubliable<\/strong>, qui a magnifiquement cl\u00f4tur\u00e9 cette semaine plac\u00e9e sous le signe de la d\u00e9connexion et de la d\u00e9couverte.<\/p>\n\n\n\n<figure class=\"wp-block-video\"><video height=\"480\" style=\"aspect-ratio: 848 \/ 480;\" width=\"848\" controls src=\"https:\/\/charneux.be\/wordpress\/wp-content\/uploads\/2025\/10\/VIDEO-2025-10-16-10-16-46.mp4\"><\/video><\/figure>\n\n\n\n<figure class=\"wp-block-video\"><video height=\"1080\" style=\"aspect-ratio: 1920 \/ 1080;\" width=\"1920\" controls src=\"https:\/\/charneux.be\/wordpress\/wp-content\/uploads\/2025\/10\/IMG_7665-1.mov\"><\/video><\/figure>\n\n\n\n<figure class=\"wp-block-video\"><video height=\"1080\" style=\"aspect-ratio: 1920 \/ 1080;\" width=\"1920\" controls src=\"https:\/\/charneux.be\/wordpress\/wp-content\/uploads\/2025\/10\/IMG_7659-1.mov\"><\/video><\/figure>\n","protected":false},"excerpt":{"rendered":"<p>Dans le cadre de la Semaine sans \u00e9cran, les \u00e9l\u00e8ves de 6e primaire ont eu la chance de vivre une exp\u00e9rience culturelle hors du commun : participer \u00e0 un op\u00e9ra wallon contemporain ! Accompagn\u00e9s du Ch\u0153ur de chambre de Namur et du Ch\u0153ur d\u2019enfants de l\u2019Op\u00e9ra Royal de Wallonie, ils ont interpr\u00e9t\u00e9 le chant final [&hellip;]<\/p>\n","protected":false},"author":30,"featured_media":3390,"comment_status":"closed","ping_status":"open","sticky":false,"template":"","format":"standard","meta":{"footnotes":""},"categories":[2],"tags":[],"class_list":["post-3362","post","type-post","status-publish","format-standard","has-post-thumbnail","hentry","category-primaire"],"yoast_head":"<!-- This site is optimized with the Yoast SEO plugin v23.6 - https:\/\/yoast.com\/wordpress\/plugins\/seo\/ -->\n<title>Une Semaine sans \u00e9cran sous le signe de la culture et du wallon \ud83c\udfad - \u00c9cole libre de Charneux<\/title>\n<meta name=\"robots\" content=\"index, follow, max-snippet:-1, max-image-preview:large, max-video-preview:-1\" \/>\n<link rel=\"canonical\" href=\"https:\/\/charneux.be\/wordpress\/une-semaine-sans-ecran-sous-le-signe-de-la-culture-et-du-wallon-\ud83c\udfad\/\" \/>\n<meta property=\"og:locale\" content=\"fr_FR\" \/>\n<meta property=\"og:type\" content=\"article\" \/>\n<meta property=\"og:title\" content=\"Une Semaine sans \u00e9cran sous le signe de la culture et du wallon \ud83c\udfad - \u00c9cole libre de Charneux\" \/>\n<meta property=\"og:description\" content=\"Dans le cadre de la Semaine sans \u00e9cran, les \u00e9l\u00e8ves de 6e primaire ont eu la chance de vivre une exp\u00e9rience culturelle hors du commun : participer \u00e0 un op\u00e9ra wallon contemporain ! Accompagn\u00e9s du Ch\u0153ur de chambre de Namur et du Ch\u0153ur d\u2019enfants de l\u2019Op\u00e9ra Royal de Wallonie, ils ont interpr\u00e9t\u00e9 le chant final [&hellip;]\" \/>\n<meta property=\"og:url\" content=\"https:\/\/charneux.be\/wordpress\/une-semaine-sans-ecran-sous-le-signe-de-la-culture-et-du-wallon-\ud83c\udfad\/\" \/>\n<meta property=\"og:site_name\" content=\"\u00c9cole libre de Charneux\" \/>\n<meta property=\"article:published_time\" content=\"2025-10-16T08:20:04+00:00\" \/>\n<meta property=\"article:modified_time\" content=\"2025-10-16T08:25:31+00:00\" \/>\n<meta property=\"og:image\" content=\"https:\/\/charneux.be\/wordpress\/wp-content\/uploads\/2025\/10\/IMG_7654-1-scaled.jpeg\" \/>\n\t<meta property=\"og:image:width\" content=\"2560\" \/>\n\t<meta property=\"og:image:height\" content=\"1920\" \/>\n\t<meta property=\"og:image:type\" content=\"image\/jpeg\" \/>\n<meta name=\"author\" content=\"Bryan Dumont\" \/>\n<meta name=\"twitter:label1\" content=\"\u00c9crit par\" \/>\n\t<meta name=\"twitter:data1\" content=\"Bryan Dumont\" \/>\n\t<meta name=\"twitter:label2\" content=\"Dur\u00e9e de lecture estim\u00e9e\" \/>\n\t<meta name=\"twitter:data2\" content=\"2 minutes\" \/>\n<script type=\"application\/ld+json\" class=\"yoast-schema-graph\">{\"@context\":\"https:\/\/schema.org\",\"@graph\":[{\"@type\":\"Article\",\"@id\":\"https:\/\/charneux.be\/wordpress\/une-semaine-sans-ecran-sous-le-signe-de-la-culture-et-du-wallon-%f0%9f%8e%ad\/#article\",\"isPartOf\":{\"@id\":\"https:\/\/charneux.be\/wordpress\/une-semaine-sans-ecran-sous-le-signe-de-la-culture-et-du-wallon-%f0%9f%8e%ad\/\"},\"author\":{\"name\":\"Bryan Dumont\",\"@id\":\"https:\/\/charneux.be\/wordpress\/#\/schema\/person\/7ecac7118b369a29e2518a885b4c6fe4\"},\"headline\":\"Une Semaine sans \u00e9cran sous le signe de la culture et du wallon \ud83c\udfad\",\"datePublished\":\"2025-10-16T08:20:04+00:00\",\"dateModified\":\"2025-10-16T08:25:31+00:00\",\"mainEntityOfPage\":{\"@id\":\"https:\/\/charneux.be\/wordpress\/une-semaine-sans-ecran-sous-le-signe-de-la-culture-et-du-wallon-%f0%9f%8e%ad\/\"},\"wordCount\":210,\"publisher\":{\"@id\":\"https:\/\/charneux.be\/wordpress\/#organization\"},\"image\":{\"@id\":\"https:\/\/charneux.be\/wordpress\/une-semaine-sans-ecran-sous-le-signe-de-la-culture-et-du-wallon-%f0%9f%8e%ad\/#primaryimage\"},\"thumbnailUrl\":\"https:\/\/charneux.be\/wordpress\/wp-content\/uploads\/2025\/10\/IMG_7654-1-scaled.jpeg\",\"articleSection\":[\"En primaire\"],\"inLanguage\":\"fr-FR\"},{\"@type\":\"WebPage\",\"@id\":\"https:\/\/charneux.be\/wordpress\/une-semaine-sans-ecran-sous-le-signe-de-la-culture-et-du-wallon-%f0%9f%8e%ad\/\",\"url\":\"https:\/\/charneux.be\/wordpress\/une-semaine-sans-ecran-sous-le-signe-de-la-culture-et-du-wallon-%f0%9f%8e%ad\/\",\"name\":\"Une Semaine sans \u00e9cran sous le signe de la culture et du wallon \ud83c\udfad - \u00c9cole libre de Charneux\",\"isPartOf\":{\"@id\":\"https:\/\/charneux.be\/wordpress\/#website\"},\"primaryImageOfPage\":{\"@id\":\"https:\/\/charneux.be\/wordpress\/une-semaine-sans-ecran-sous-le-signe-de-la-culture-et-du-wallon-%f0%9f%8e%ad\/#primaryimage\"},\"image\":{\"@id\":\"https:\/\/charneux.be\/wordpress\/une-semaine-sans-ecran-sous-le-signe-de-la-culture-et-du-wallon-%f0%9f%8e%ad\/#primaryimage\"},\"thumbnailUrl\":\"https:\/\/charneux.be\/wordpress\/wp-content\/uploads\/2025\/10\/IMG_7654-1-scaled.jpeg\",\"datePublished\":\"2025-10-16T08:20:04+00:00\",\"dateModified\":\"2025-10-16T08:25:31+00:00\",\"breadcrumb\":{\"@id\":\"https:\/\/charneux.be\/wordpress\/une-semaine-sans-ecran-sous-le-signe-de-la-culture-et-du-wallon-%f0%9f%8e%ad\/#breadcrumb\"},\"inLanguage\":\"fr-FR\",\"potentialAction\":[{\"@type\":\"ReadAction\",\"target\":[\"https:\/\/charneux.be\/wordpress\/une-semaine-sans-ecran-sous-le-signe-de-la-culture-et-du-wallon-%f0%9f%8e%ad\/\"]}]},{\"@type\":\"ImageObject\",\"inLanguage\":\"fr-FR\",\"@id\":\"https:\/\/charneux.be\/wordpress\/une-semaine-sans-ecran-sous-le-signe-de-la-culture-et-du-wallon-%f0%9f%8e%ad\/#primaryimage\",\"url\":\"https:\/\/charneux.be\/wordpress\/wp-content\/uploads\/2025\/10\/IMG_7654-1-scaled.jpeg\",\"contentUrl\":\"https:\/\/charneux.be\/wordpress\/wp-content\/uploads\/2025\/10\/IMG_7654-1-scaled.jpeg\",\"width\":2560,\"height\":1920},{\"@type\":\"BreadcrumbList\",\"@id\":\"https:\/\/charneux.be\/wordpress\/une-semaine-sans-ecran-sous-le-signe-de-la-culture-et-du-wallon-%f0%9f%8e%ad\/#breadcrumb\",\"itemListElement\":[{\"@type\":\"ListItem\",\"position\":1,\"name\":\"Accueil\",\"item\":\"https:\/\/charneux.be\/preprod\/\"},{\"@type\":\"ListItem\",\"position\":2,\"name\":\"Une Semaine sans \u00e9cran sous le signe de la culture et du wallon \ud83c\udfad\"}]},{\"@type\":\"WebSite\",\"@id\":\"https:\/\/charneux.be\/wordpress\/#website\",\"url\":\"https:\/\/charneux.be\/wordpress\/\",\"name\":\"Charneux\",\"description\":\"\",\"publisher\":{\"@id\":\"https:\/\/charneux.be\/wordpress\/#organization\"},\"potentialAction\":[{\"@type\":\"SearchAction\",\"target\":{\"@type\":\"EntryPoint\",\"urlTemplate\":\"https:\/\/charneux.be\/wordpress\/?s={search_term_string}\"},\"query-input\":{\"@type\":\"PropertyValueSpecification\",\"valueRequired\":true,\"valueName\":\"search_term_string\"}}],\"inLanguage\":\"fr-FR\"},{\"@type\":\"Organization\",\"@id\":\"https:\/\/charneux.be\/wordpress\/#organization\",\"name\":\"Ecole libre de Charneux\",\"url\":\"https:\/\/charneux.be\/wordpress\/\",\"logo\":{\"@type\":\"ImageObject\",\"inLanguage\":\"fr-FR\",\"@id\":\"https:\/\/charneux.be\/wordpress\/#\/schema\/logo\/image\/\",\"url\":\"https:\/\/charneux.be\/wordpress\/wp-content\/uploads\/2024\/08\/cropped-Logo-bleu.png\",\"contentUrl\":\"https:\/\/charneux.be\/wordpress\/wp-content\/uploads\/2024\/08\/cropped-Logo-bleu.png\",\"width\":480,\"height\":799,\"caption\":\"Ecole libre de Charneux\"},\"image\":{\"@id\":\"https:\/\/charneux.be\/wordpress\/#\/schema\/logo\/image\/\"}},{\"@type\":\"Person\",\"@id\":\"https:\/\/charneux.be\/wordpress\/#\/schema\/person\/7ecac7118b369a29e2518a885b4c6fe4\",\"name\":\"Bryan Dumont\",\"image\":{\"@type\":\"ImageObject\",\"inLanguage\":\"fr-FR\",\"@id\":\"https:\/\/charneux.be\/wordpress\/#\/schema\/person\/image\/\",\"url\":\"https:\/\/secure.gravatar.com\/avatar\/2d587fa9667fcf4e296a3acb9f00545cb3a7c271d30332127b1669d3ca92d1bf?s=96&d=mm&r=g\",\"contentUrl\":\"https:\/\/secure.gravatar.com\/avatar\/2d587fa9667fcf4e296a3acb9f00545cb3a7c271d30332127b1669d3ca92d1bf?s=96&d=mm&r=g\",\"caption\":\"Bryan Dumont\"},\"url\":\"https:\/\/charneux.be\/wordpress\/author\/bryan-dumont\/\"}]}<\/script>\n<!-- \/ Yoast SEO plugin. -->","yoast_head_json":{"title":"Une Semaine sans \u00e9cran sous le signe de la culture et du wallon \ud83c\udfad - \u00c9cole libre de Charneux","robots":{"index":"index","follow":"follow","max-snippet":"max-snippet:-1","max-image-preview":"max-image-preview:large","max-video-preview":"max-video-preview:-1"},"canonical":"https:\/\/charneux.be\/wordpress\/une-semaine-sans-ecran-sous-le-signe-de-la-culture-et-du-wallon-\ud83c\udfad\/","og_locale":"fr_FR","og_type":"article","og_title":"Une Semaine sans \u00e9cran sous le signe de la culture et du wallon \ud83c\udfad - \u00c9cole libre de Charneux","og_description":"Dans le cadre de la Semaine sans \u00e9cran, les \u00e9l\u00e8ves de 6e primaire ont eu la chance de vivre une exp\u00e9rience culturelle hors du commun : participer \u00e0 un op\u00e9ra wallon contemporain ! Accompagn\u00e9s du Ch\u0153ur de chambre de Namur et du Ch\u0153ur d\u2019enfants de l\u2019Op\u00e9ra Royal de Wallonie, ils ont interpr\u00e9t\u00e9 le chant final [&hellip;]","og_url":"https:\/\/charneux.be\/wordpress\/une-semaine-sans-ecran-sous-le-signe-de-la-culture-et-du-wallon-\ud83c\udfad\/","og_site_name":"\u00c9cole libre de Charneux","article_published_time":"2025-10-16T08:20:04+00:00","article_modified_time":"2025-10-16T08:25:31+00:00","og_image":[{"width":2560,"height":1920,"url":"https:\/\/charneux.be\/wordpress\/wp-content\/uploads\/2025\/10\/IMG_7654-1-scaled.jpeg","type":"image\/jpeg"}],"author":"Bryan Dumont","twitter_misc":{"\u00c9crit par":"Bryan Dumont","Dur\u00e9e de lecture estim\u00e9e":"2 minutes"},"schema":{"@context":"https:\/\/schema.org","@graph":[{"@type":"Article","@id":"https:\/\/charneux.be\/wordpress\/une-semaine-sans-ecran-sous-le-signe-de-la-culture-et-du-wallon-%f0%9f%8e%ad\/#article","isPartOf":{"@id":"https:\/\/charneux.be\/wordpress\/une-semaine-sans-ecran-sous-le-signe-de-la-culture-et-du-wallon-%f0%9f%8e%ad\/"},"author":{"name":"Bryan Dumont","@id":"https:\/\/charneux.be\/wordpress\/#\/schema\/person\/7ecac7118b369a29e2518a885b4c6fe4"},"headline":"Une Semaine sans \u00e9cran sous le signe de la culture et du wallon \ud83c\udfad","datePublished":"2025-10-16T08:20:04+00:00","dateModified":"2025-10-16T08:25:31+00:00","mainEntityOfPage":{"@id":"https:\/\/charneux.be\/wordpress\/une-semaine-sans-ecran-sous-le-signe-de-la-culture-et-du-wallon-%f0%9f%8e%ad\/"},"wordCount":210,"publisher":{"@id":"https:\/\/charneux.be\/wordpress\/#organization"},"image":{"@id":"https:\/\/charneux.be\/wordpress\/une-semaine-sans-ecran-sous-le-signe-de-la-culture-et-du-wallon-%f0%9f%8e%ad\/#primaryimage"},"thumbnailUrl":"https:\/\/charneux.be\/wordpress\/wp-content\/uploads\/2025\/10\/IMG_7654-1-scaled.jpeg","articleSection":["En primaire"],"inLanguage":"fr-FR"},{"@type":"WebPage","@id":"https:\/\/charneux.be\/wordpress\/une-semaine-sans-ecran-sous-le-signe-de-la-culture-et-du-wallon-%f0%9f%8e%ad\/","url":"https:\/\/charneux.be\/wordpress\/une-semaine-sans-ecran-sous-le-signe-de-la-culture-et-du-wallon-%f0%9f%8e%ad\/","name":"Une Semaine sans \u00e9cran sous le signe de la culture et du wallon \ud83c\udfad - \u00c9cole libre de Charneux","isPartOf":{"@id":"https:\/\/charneux.be\/wordpress\/#website"},"primaryImageOfPage":{"@id":"https:\/\/charneux.be\/wordpress\/une-semaine-sans-ecran-sous-le-signe-de-la-culture-et-du-wallon-%f0%9f%8e%ad\/#primaryimage"},"image":{"@id":"https:\/\/charneux.be\/wordpress\/une-semaine-sans-ecran-sous-le-signe-de-la-culture-et-du-wallon-%f0%9f%8e%ad\/#primaryimage"},"thumbnailUrl":"https:\/\/charneux.be\/wordpress\/wp-content\/uploads\/2025\/10\/IMG_7654-1-scaled.jpeg","datePublished":"2025-10-16T08:20:04+00:00","dateModified":"2025-10-16T08:25:31+00:00","breadcrumb":{"@id":"https:\/\/charneux.be\/wordpress\/une-semaine-sans-ecran-sous-le-signe-de-la-culture-et-du-wallon-%f0%9f%8e%ad\/#breadcrumb"},"inLanguage":"fr-FR","potentialAction":[{"@type":"ReadAction","target":["https:\/\/charneux.be\/wordpress\/une-semaine-sans-ecran-sous-le-signe-de-la-culture-et-du-wallon-%f0%9f%8e%ad\/"]}]},{"@type":"ImageObject","inLanguage":"fr-FR","@id":"https:\/\/charneux.be\/wordpress\/une-semaine-sans-ecran-sous-le-signe-de-la-culture-et-du-wallon-%f0%9f%8e%ad\/#primaryimage","url":"https:\/\/charneux.be\/wordpress\/wp-content\/uploads\/2025\/10\/IMG_7654-1-scaled.jpeg","contentUrl":"https:\/\/charneux.be\/wordpress\/wp-content\/uploads\/2025\/10\/IMG_7654-1-scaled.jpeg","width":2560,"height":1920},{"@type":"BreadcrumbList","@id":"https:\/\/charneux.be\/wordpress\/une-semaine-sans-ecran-sous-le-signe-de-la-culture-et-du-wallon-%f0%9f%8e%ad\/#breadcrumb","itemListElement":[{"@type":"ListItem","position":1,"name":"Accueil","item":"https:\/\/charneux.be\/preprod\/"},{"@type":"ListItem","position":2,"name":"Une Semaine sans \u00e9cran sous le signe de la culture et du wallon \ud83c\udfad"}]},{"@type":"WebSite","@id":"https:\/\/charneux.be\/wordpress\/#website","url":"https:\/\/charneux.be\/wordpress\/","name":"Charneux","description":"","publisher":{"@id":"https:\/\/charneux.be\/wordpress\/#organization"},"potentialAction":[{"@type":"SearchAction","target":{"@type":"EntryPoint","urlTemplate":"https:\/\/charneux.be\/wordpress\/?s={search_term_string}"},"query-input":{"@type":"PropertyValueSpecification","valueRequired":true,"valueName":"search_term_string"}}],"inLanguage":"fr-FR"},{"@type":"Organization","@id":"https:\/\/charneux.be\/wordpress\/#organization","name":"Ecole libre de Charneux","url":"https:\/\/charneux.be\/wordpress\/","logo":{"@type":"ImageObject","inLanguage":"fr-FR","@id":"https:\/\/charneux.be\/wordpress\/#\/schema\/logo\/image\/","url":"https:\/\/charneux.be\/wordpress\/wp-content\/uploads\/2024\/08\/cropped-Logo-bleu.png","contentUrl":"https:\/\/charneux.be\/wordpress\/wp-content\/uploads\/2024\/08\/cropped-Logo-bleu.png","width":480,"height":799,"caption":"Ecole libre de Charneux"},"image":{"@id":"https:\/\/charneux.be\/wordpress\/#\/schema\/logo\/image\/"}},{"@type":"Person","@id":"https:\/\/charneux.be\/wordpress\/#\/schema\/person\/7ecac7118b369a29e2518a885b4c6fe4","name":"Bryan Dumont","image":{"@type":"ImageObject","inLanguage":"fr-FR","@id":"https:\/\/charneux.be\/wordpress\/#\/schema\/person\/image\/","url":"https:\/\/secure.gravatar.com\/avatar\/2d587fa9667fcf4e296a3acb9f00545cb3a7c271d30332127b1669d3ca92d1bf?s=96&d=mm&r=g","contentUrl":"https:\/\/secure.gravatar.com\/avatar\/2d587fa9667fcf4e296a3acb9f00545cb3a7c271d30332127b1669d3ca92d1bf?s=96&d=mm&r=g","caption":"Bryan Dumont"},"url":"https:\/\/charneux.be\/wordpress\/author\/bryan-dumont\/"}]}},"_links":{"self":[{"href":"https:\/\/charneux.be\/wordpress\/wp-json\/wp\/v2\/posts\/3362","targetHints":{"allow":["GET"]}}],"collection":[{"href":"https:\/\/charneux.be\/wordpress\/wp-json\/wp\/v2\/posts"}],"about":[{"href":"https:\/\/charneux.be\/wordpress\/wp-json\/wp\/v2\/types\/post"}],"author":[{"embeddable":true,"href":"https:\/\/charneux.be\/wordpress\/wp-json\/wp\/v2\/users\/30"}],"replies":[{"embeddable":true,"href":"https:\/\/charneux.be\/wordpress\/wp-json\/wp\/v2\/comments?post=3362"}],"version-history":[{"count":3,"href":"https:\/\/charneux.be\/wordpress\/wp-json\/wp\/v2\/posts\/3362\/revisions"}],"predecessor-version":[{"id":3391,"href":"https:\/\/charneux.be\/wordpress\/wp-json\/wp\/v2\/posts\/3362\/revisions\/3391"}],"wp:featuredmedia":[{"embeddable":true,"href":"https:\/\/charneux.be\/wordpress\/wp-json\/wp\/v2\/media\/3390"}],"wp:attachment":[{"href":"https:\/\/charneux.be\/wordpress\/wp-json\/wp\/v2\/media?parent=3362"}],"wp:term":[{"taxonomy":"category","embeddable":true,"href":"https:\/\/charneux.be\/wordpress\/wp-json\/wp\/v2\/categories?post=3362"},{"taxonomy":"post_tag","embeddable":true,"href":"https:\/\/charneux.be\/wordpress\/wp-json\/wp\/v2\/tags?post=3362"}],"curies":[{"name":"wp","href":"https:\/\/api.w.org\/{rel}","templated":true}]}}