{"id":393,"date":"2020-03-22T18:09:07","date_gmt":"2020-03-22T17:09:07","guid":{"rendered":"http:\/\/charneux.be\/wordpress\/?p=393"},"modified":"2020-04-26T15:49:50","modified_gmt":"2020-04-26T14:49:50","slug":"presentation-de-textes-informatifs-en-cinquieme-annee","status":"publish","type":"post","link":"https:\/\/charneux.be\/wordpress\/presentation-de-textes-informatifs-en-cinquieme-annee\/","title":{"rendered":"Pr\u00e9sentation de textes informatifs en cinqui\u00e8me ann\u00e9e"},"content":{"rendered":"<p>Les \u00e9l\u00e8ves de cinqui\u00e8me ann\u00e9e ont utilis\u00e9 un programme informatique pour mettre en forme des textes informatifs \u00e0 propos de sujets divers.<\/p>\n<p>Ce travail s&rsquo;est r\u00e9alis\u00e9 en grande partie \u00e0 l&rsquo;\u00e9cole mais la suspension des cours n&rsquo;a pas permis de le finaliser.\u00a0 Pendant cette p\u00e9riode un peu particuli\u00e8re, les \u00e9l\u00e8ves vont essayer de terminer leur oeuvre \u00e0 la maison et je publierai sur cette page les pr\u00e9sentations achev\u00e9es. Bonne d\u00e9couverte !<\/p>\n<p>Voici une liste des pr\u00e9sentations : il suffit de cliquer sur le lien pour les d\u00e9couvrir.<\/p>\n<p>Eline : les chevaux. <a href=\"https:\/\/spark.adobe.com\/page\/DBwzVKsR9jAJv\/\">https:\/\/spark.adobe.com\/page\/DBwzVKsR9jAJv\/<\/a><\/p>\n<p>Romane : le chocolat et ses secrets. <a href=\"https:\/\/spark.adobe.com\/page\/JYdHLk4htS7Rj\/\">https:\/\/spark.adobe.com\/page\/JYdHLk4htS7Rj\/<\/a><\/p>\n<p>Eline : les lapins. <a href=\"https:\/\/spark.adobe.com\/page\/84yJ3tIhI3wfc\/\">https:\/\/spark.adobe.com\/page\/84yJ3tIhI3wfc\/<\/a><\/p>\n<p>J\u00e9rusalem : que font les animaux pendant l&rsquo;hiver ? <a href=\"https:\/\/spark.adobe.com\/page\/AgWscawd8K1F8\/\">https:\/\/spark.adobe.com\/page\/AgWscawd8K1F8\/<\/a><\/p>\n<p>Juliette : les pigeons d&rsquo;\u00e9cole. <a href=\"https:\/\/spark.adobe.com\/page\/wenPc2hU6Dzgs\/\">https:\/\/spark.adobe.com\/page\/wenPc2hU6Dzgs\/<\/a><\/p>\n<p>Margaux : la scolyte. <a href=\"https:\/\/spark.adobe.com\/page\/LbOdIq1mCIlIA\/\">https:\/\/spark.adobe.com\/page\/LbOdIq1mCIlIA\/<\/a><\/p>\n<p>Ma\u00eblle : le tigre blanc. <a href=\"https:\/\/spark.adobe.com\/page\/7md5KEeLzTvQW\/\">https:\/\/spark.adobe.com\/page\/7md5KEeLzTvQW\/<\/a><\/p>\n<p>Mah\u00e9 : pourquoi fumer est-il si dangereux ? <a href=\"https:\/\/spark.adobe.com\/page\/7cF54XjP2qpZn\/\">https:\/\/spark.adobe.com\/page\/7cF54XjP2qpZn\/<\/a><\/p>\n<p>Louna : comment les animaux survivent-ils dans le d\u00e9sert ?<a href=\"https:\/\/spark.adobe.com\/page\/NVJgk4MMFXuLp\/\">https:\/\/spark.adobe.com\/page\/NVJgk4MMFXuLp\/<\/a><\/p>\n<p>Sully : les baleines. <a href=\"https:\/\/spark.adobe.com\/page\/rcY6NC2gVQ1sO\/\">https:\/\/spark.adobe.com\/page\/rcY6NC2gVQ1sO\/<\/a><\/p>\n<p>Jeanne : \u00e0 quoi servent les organes de notre corps ? <a href=\"https:\/\/spark.adobe.com\/page\/Wo95rvhGB9ZvN\/\">https:\/\/spark.adobe.com\/page\/Wo95rvhGB9ZvN\/<\/a><\/p>\n<p>Romane : les singes et leur intelligence. <a href=\"https:\/\/spark.adobe.com\/page\/gbTihYzV9cGI9\/\">https:\/\/spark.adobe.com\/page\/gbTihYzV9cGI9\/<\/a><\/p>\n<p>Simon : comment fonctionne une imprimante 3D ? <a href=\"https:\/\/spark.adobe.com\/page\/2BIxsmx4Nxzii\/\">https:\/\/spark.adobe.com\/page\/2BIxsmx4Nxzii\/<\/a><\/p>\n<p>Basile : \u00e0 quoi sert un satellite ? <a href=\"https:\/\/spark.adobe.com\/page\/2yEXVCCDBwIPb\/\">https:\/\/spark.adobe.com\/page\/2yEXVCCDBwIPb\/<\/a><\/p>\n","protected":false},"excerpt":{"rendered":"<p>Les \u00e9l\u00e8ves de cinqui\u00e8me ann\u00e9e ont utilis\u00e9 un programme informatique pour mettre en forme des textes informatifs \u00e0 propos de sujets divers. Ce travail s&rsquo;est r\u00e9alis\u00e9 en grande partie \u00e0 l&rsquo;\u00e9cole mais la suspension des cours n&rsquo;a pas permis de le finaliser.\u00a0 Pendant cette p\u00e9riode un peu particuli\u00e8re, les \u00e9l\u00e8ves vont essayer de terminer leur [&hellip;]<\/p>\n","protected":false},"author":3,"featured_media":0,"comment_status":"open","ping_status":"open","sticky":false,"template":"","format":"standard","meta":{"footnotes":""},"categories":[2],"tags":[],"class_list":["post-393","post","type-post","status-publish","format-standard","hentry","category-primaire"],"yoast_head":"<!-- This site is optimized with the Yoast SEO plugin v23.6 - https:\/\/yoast.com\/wordpress\/plugins\/seo\/ -->\n<title>Pr\u00e9sentation de textes informatifs en cinqui\u00e8me ann\u00e9e - \u00c9cole libre de Charneux<\/title>\n<meta name=\"robots\" content=\"index, follow, max-snippet:-1, max-image-preview:large, max-video-preview:-1\" \/>\n<link rel=\"canonical\" href=\"https:\/\/charneux.be\/preprod\/presentation-de-textes-informatifs-en-cinquieme-annee\/\" \/>\n<meta property=\"og:locale\" content=\"fr_FR\" \/>\n<meta property=\"og:type\" content=\"article\" \/>\n<meta property=\"og:title\" content=\"Pr\u00e9sentation de textes informatifs en cinqui\u00e8me ann\u00e9e - \u00c9cole libre de Charneux\" \/>\n<meta property=\"og:description\" content=\"Les \u00e9l\u00e8ves de cinqui\u00e8me ann\u00e9e ont utilis\u00e9 un programme informatique pour mettre en forme des textes informatifs \u00e0 propos de sujets divers. Ce travail s&rsquo;est r\u00e9alis\u00e9 en grande partie \u00e0 l&rsquo;\u00e9cole mais la suspension des cours n&rsquo;a pas permis de le finaliser.\u00a0 Pendant cette p\u00e9riode un peu particuli\u00e8re, les \u00e9l\u00e8ves vont essayer de terminer leur [&hellip;]\" \/>\n<meta property=\"og:url\" content=\"https:\/\/charneux.be\/preprod\/presentation-de-textes-informatifs-en-cinquieme-annee\/\" \/>\n<meta property=\"og:site_name\" content=\"\u00c9cole libre de Charneux\" \/>\n<meta property=\"article:published_time\" content=\"2020-03-22T17:09:07+00:00\" \/>\n<meta property=\"article:modified_time\" content=\"2020-04-26T14:49:50+00:00\" \/>\n<meta name=\"author\" content=\"Gilles Collings\" \/>\n<meta name=\"twitter:label1\" content=\"\u00c9crit par\" \/>\n\t<meta name=\"twitter:data1\" content=\"Gilles Collings\" \/>\n\t<meta name=\"twitter:label2\" content=\"Dur\u00e9e de lecture estim\u00e9e\" \/>\n\t<meta name=\"twitter:data2\" content=\"1 minute\" \/>\n<script type=\"application\/ld+json\" class=\"yoast-schema-graph\">{\"@context\":\"https:\/\/schema.org\",\"@graph\":[{\"@type\":\"Article\",\"@id\":\"https:\/\/charneux.be\/preprod\/presentation-de-textes-informatifs-en-cinquieme-annee\/#article\",\"isPartOf\":{\"@id\":\"https:\/\/charneux.be\/preprod\/presentation-de-textes-informatifs-en-cinquieme-annee\/\"},\"author\":{\"name\":\"Gilles Collings\",\"@id\":\"https:\/\/charneux.be\/wordpress\/#\/schema\/person\/0b1651317d01999c5d965686422d77cb\"},\"headline\":\"Pr\u00e9sentation de textes informatifs en cinqui\u00e8me ann\u00e9e\",\"datePublished\":\"2020-03-22T17:09:07+00:00\",\"dateModified\":\"2020-04-26T14:49:50+00:00\",\"mainEntityOfPage\":{\"@id\":\"https:\/\/charneux.be\/preprod\/presentation-de-textes-informatifs-en-cinquieme-annee\/\"},\"wordCount\":289,\"commentCount\":0,\"publisher\":{\"@id\":\"https:\/\/charneux.be\/wordpress\/#organization\"},\"articleSection\":[\"En primaire\"],\"inLanguage\":\"fr-FR\",\"potentialAction\":[{\"@type\":\"CommentAction\",\"name\":\"Comment\",\"target\":[\"https:\/\/charneux.be\/preprod\/presentation-de-textes-informatifs-en-cinquieme-annee\/#respond\"]}]},{\"@type\":\"WebPage\",\"@id\":\"https:\/\/charneux.be\/preprod\/presentation-de-textes-informatifs-en-cinquieme-annee\/\",\"url\":\"https:\/\/charneux.be\/preprod\/presentation-de-textes-informatifs-en-cinquieme-annee\/\",\"name\":\"Pr\u00e9sentation de textes informatifs en cinqui\u00e8me ann\u00e9e - \u00c9cole libre de Charneux\",\"isPartOf\":{\"@id\":\"https:\/\/charneux.be\/wordpress\/#website\"},\"datePublished\":\"2020-03-22T17:09:07+00:00\",\"dateModified\":\"2020-04-26T14:49:50+00:00\",\"breadcrumb\":{\"@id\":\"https:\/\/charneux.be\/preprod\/presentation-de-textes-informatifs-en-cinquieme-annee\/#breadcrumb\"},\"inLanguage\":\"fr-FR\",\"potentialAction\":[{\"@type\":\"ReadAction\",\"target\":[\"https:\/\/charneux.be\/preprod\/presentation-de-textes-informatifs-en-cinquieme-annee\/\"]}]},{\"@type\":\"BreadcrumbList\",\"@id\":\"https:\/\/charneux.be\/preprod\/presentation-de-textes-informatifs-en-cinquieme-annee\/#breadcrumb\",\"itemListElement\":[{\"@type\":\"ListItem\",\"position\":1,\"name\":\"Accueil\",\"item\":\"https:\/\/charneux.be\/preprod\/\"},{\"@type\":\"ListItem\",\"position\":2,\"name\":\"Pr\u00e9sentation de textes informatifs en cinqui\u00e8me ann\u00e9e\"}]},{\"@type\":\"WebSite\",\"@id\":\"https:\/\/charneux.be\/wordpress\/#website\",\"url\":\"https:\/\/charneux.be\/wordpress\/\",\"name\":\"Charneux\",\"description\":\"\",\"publisher\":{\"@id\":\"https:\/\/charneux.be\/wordpress\/#organization\"},\"potentialAction\":[{\"@type\":\"SearchAction\",\"target\":{\"@type\":\"EntryPoint\",\"urlTemplate\":\"https:\/\/charneux.be\/wordpress\/?s={search_term_string}\"},\"query-input\":{\"@type\":\"PropertyValueSpecification\",\"valueRequired\":true,\"valueName\":\"search_term_string\"}}],\"inLanguage\":\"fr-FR\"},{\"@type\":\"Organization\",\"@id\":\"https:\/\/charneux.be\/wordpress\/#organization\",\"name\":\"Ecole libre de Charneux\",\"url\":\"https:\/\/charneux.be\/wordpress\/\",\"logo\":{\"@type\":\"ImageObject\",\"inLanguage\":\"fr-FR\",\"@id\":\"https:\/\/charneux.be\/wordpress\/#\/schema\/logo\/image\/\",\"url\":\"https:\/\/charneux.be\/wordpress\/wp-content\/uploads\/2024\/08\/cropped-Logo-bleu.png\",\"contentUrl\":\"https:\/\/charneux.be\/wordpress\/wp-content\/uploads\/2024\/08\/cropped-Logo-bleu.png\",\"width\":480,\"height\":799,\"caption\":\"Ecole libre de Charneux\"},\"image\":{\"@id\":\"https:\/\/charneux.be\/wordpress\/#\/schema\/logo\/image\/\"}},{\"@type\":\"Person\",\"@id\":\"https:\/\/charneux.be\/wordpress\/#\/schema\/person\/0b1651317d01999c5d965686422d77cb\",\"name\":\"Gilles Collings\",\"image\":{\"@type\":\"ImageObject\",\"inLanguage\":\"fr-FR\",\"@id\":\"https:\/\/charneux.be\/wordpress\/#\/schema\/person\/image\/\",\"url\":\"https:\/\/secure.gravatar.com\/avatar\/320dcf4529b471bc3f0dc256dbefcb4434faec727325adce4fe24429eae36178?s=96&d=mm&r=g\",\"contentUrl\":\"https:\/\/secure.gravatar.com\/avatar\/320dcf4529b471bc3f0dc256dbefcb4434faec727325adce4fe24429eae36178?s=96&d=mm&r=g\",\"caption\":\"Gilles Collings\"},\"url\":\"https:\/\/charneux.be\/wordpress\/author\/gilles\/\"}]}<\/script>\n<!-- \/ Yoast SEO plugin. -->","yoast_head_json":{"title":"Pr\u00e9sentation de textes informatifs en cinqui\u00e8me ann\u00e9e - \u00c9cole libre de Charneux","robots":{"index":"index","follow":"follow","max-snippet":"max-snippet:-1","max-image-preview":"max-image-preview:large","max-video-preview":"max-video-preview:-1"},"canonical":"https:\/\/charneux.be\/preprod\/presentation-de-textes-informatifs-en-cinquieme-annee\/","og_locale":"fr_FR","og_type":"article","og_title":"Pr\u00e9sentation de textes informatifs en cinqui\u00e8me ann\u00e9e - \u00c9cole libre de Charneux","og_description":"Les \u00e9l\u00e8ves de cinqui\u00e8me ann\u00e9e ont utilis\u00e9 un programme informatique pour mettre en forme des textes informatifs \u00e0 propos de sujets divers. Ce travail s&rsquo;est r\u00e9alis\u00e9 en grande partie \u00e0 l&rsquo;\u00e9cole mais la suspension des cours n&rsquo;a pas permis de le finaliser.\u00a0 Pendant cette p\u00e9riode un peu particuli\u00e8re, les \u00e9l\u00e8ves vont essayer de terminer leur [&hellip;]","og_url":"https:\/\/charneux.be\/preprod\/presentation-de-textes-informatifs-en-cinquieme-annee\/","og_site_name":"\u00c9cole libre de Charneux","article_published_time":"2020-03-22T17:09:07+00:00","article_modified_time":"2020-04-26T14:49:50+00:00","author":"Gilles Collings","twitter_misc":{"\u00c9crit par":"Gilles Collings","Dur\u00e9e de lecture estim\u00e9e":"1 minute"},"schema":{"@context":"https:\/\/schema.org","@graph":[{"@type":"Article","@id":"https:\/\/charneux.be\/preprod\/presentation-de-textes-informatifs-en-cinquieme-annee\/#article","isPartOf":{"@id":"https:\/\/charneux.be\/preprod\/presentation-de-textes-informatifs-en-cinquieme-annee\/"},"author":{"name":"Gilles Collings","@id":"https:\/\/charneux.be\/wordpress\/#\/schema\/person\/0b1651317d01999c5d965686422d77cb"},"headline":"Pr\u00e9sentation de textes informatifs en cinqui\u00e8me ann\u00e9e","datePublished":"2020-03-22T17:09:07+00:00","dateModified":"2020-04-26T14:49:50+00:00","mainEntityOfPage":{"@id":"https:\/\/charneux.be\/preprod\/presentation-de-textes-informatifs-en-cinquieme-annee\/"},"wordCount":289,"commentCount":0,"publisher":{"@id":"https:\/\/charneux.be\/wordpress\/#organization"},"articleSection":["En primaire"],"inLanguage":"fr-FR","potentialAction":[{"@type":"CommentAction","name":"Comment","target":["https:\/\/charneux.be\/preprod\/presentation-de-textes-informatifs-en-cinquieme-annee\/#respond"]}]},{"@type":"WebPage","@id":"https:\/\/charneux.be\/preprod\/presentation-de-textes-informatifs-en-cinquieme-annee\/","url":"https:\/\/charneux.be\/preprod\/presentation-de-textes-informatifs-en-cinquieme-annee\/","name":"Pr\u00e9sentation de textes informatifs en cinqui\u00e8me ann\u00e9e - \u00c9cole libre de Charneux","isPartOf":{"@id":"https:\/\/charneux.be\/wordpress\/#website"},"datePublished":"2020-03-22T17:09:07+00:00","dateModified":"2020-04-26T14:49:50+00:00","breadcrumb":{"@id":"https:\/\/charneux.be\/preprod\/presentation-de-textes-informatifs-en-cinquieme-annee\/#breadcrumb"},"inLanguage":"fr-FR","potentialAction":[{"@type":"ReadAction","target":["https:\/\/charneux.be\/preprod\/presentation-de-textes-informatifs-en-cinquieme-annee\/"]}]},{"@type":"BreadcrumbList","@id":"https:\/\/charneux.be\/preprod\/presentation-de-textes-informatifs-en-cinquieme-annee\/#breadcrumb","itemListElement":[{"@type":"ListItem","position":1,"name":"Accueil","item":"https:\/\/charneux.be\/preprod\/"},{"@type":"ListItem","position":2,"name":"Pr\u00e9sentation de textes informatifs en cinqui\u00e8me ann\u00e9e"}]},{"@type":"WebSite","@id":"https:\/\/charneux.be\/wordpress\/#website","url":"https:\/\/charneux.be\/wordpress\/","name":"Charneux","description":"","publisher":{"@id":"https:\/\/charneux.be\/wordpress\/#organization"},"potentialAction":[{"@type":"SearchAction","target":{"@type":"EntryPoint","urlTemplate":"https:\/\/charneux.be\/wordpress\/?s={search_term_string}"},"query-input":{"@type":"PropertyValueSpecification","valueRequired":true,"valueName":"search_term_string"}}],"inLanguage":"fr-FR"},{"@type":"Organization","@id":"https:\/\/charneux.be\/wordpress\/#organization","name":"Ecole libre de Charneux","url":"https:\/\/charneux.be\/wordpress\/","logo":{"@type":"ImageObject","inLanguage":"fr-FR","@id":"https:\/\/charneux.be\/wordpress\/#\/schema\/logo\/image\/","url":"https:\/\/charneux.be\/wordpress\/wp-content\/uploads\/2024\/08\/cropped-Logo-bleu.png","contentUrl":"https:\/\/charneux.be\/wordpress\/wp-content\/uploads\/2024\/08\/cropped-Logo-bleu.png","width":480,"height":799,"caption":"Ecole libre de Charneux"},"image":{"@id":"https:\/\/charneux.be\/wordpress\/#\/schema\/logo\/image\/"}},{"@type":"Person","@id":"https:\/\/charneux.be\/wordpress\/#\/schema\/person\/0b1651317d01999c5d965686422d77cb","name":"Gilles Collings","image":{"@type":"ImageObject","inLanguage":"fr-FR","@id":"https:\/\/charneux.be\/wordpress\/#\/schema\/person\/image\/","url":"https:\/\/secure.gravatar.com\/avatar\/320dcf4529b471bc3f0dc256dbefcb4434faec727325adce4fe24429eae36178?s=96&d=mm&r=g","contentUrl":"https:\/\/secure.gravatar.com\/avatar\/320dcf4529b471bc3f0dc256dbefcb4434faec727325adce4fe24429eae36178?s=96&d=mm&r=g","caption":"Gilles Collings"},"url":"https:\/\/charneux.be\/wordpress\/author\/gilles\/"}]}},"_links":{"self":[{"href":"https:\/\/charneux.be\/wordpress\/wp-json\/wp\/v2\/posts\/393","targetHints":{"allow":["GET"]}}],"collection":[{"href":"https:\/\/charneux.be\/wordpress\/wp-json\/wp\/v2\/posts"}],"about":[{"href":"https:\/\/charneux.be\/wordpress\/wp-json\/wp\/v2\/types\/post"}],"author":[{"embeddable":true,"href":"https:\/\/charneux.be\/wordpress\/wp-json\/wp\/v2\/users\/3"}],"replies":[{"embeddable":true,"href":"https:\/\/charneux.be\/wordpress\/wp-json\/wp\/v2\/comments?post=393"}],"version-history":[{"count":26,"href":"https:\/\/charneux.be\/wordpress\/wp-json\/wp\/v2\/posts\/393\/revisions"}],"predecessor-version":[{"id":524,"href":"https:\/\/charneux.be\/wordpress\/wp-json\/wp\/v2\/posts\/393\/revisions\/524"}],"wp:attachment":[{"href":"https:\/\/charneux.be\/wordpress\/wp-json\/wp\/v2\/media?parent=393"}],"wp:term":[{"taxonomy":"category","embeddable":true,"href":"https:\/\/charneux.be\/wordpress\/wp-json\/wp\/v2\/categories?post=393"},{"taxonomy":"post_tag","embeddable":true,"href":"https:\/\/charneux.be\/wordpress\/wp-json\/wp\/v2\/tags?post=393"}],"curies":[{"name":"wp","href":"https:\/\/api.w.org\/{rel}","templated":true}]}}