{"id":619,"date":"2020-10-10T17:05:17","date_gmt":"2020-10-10T16:05:17","guid":{"rendered":"http:\/\/charneux.be\/wordpress\/?p=619"},"modified":"2020-10-10T17:05:17","modified_gmt":"2020-10-10T16:05:17","slug":"lillustratrice-estelle-meens-dans-notre-classe","status":"publish","type":"post","link":"https:\/\/charneux.be\/wordpress\/lillustratrice-estelle-meens-dans-notre-classe\/","title":{"rendered":"L&rsquo;illustratrice Estelle Meens dans notre classe."},"content":{"rendered":"<p>L&rsquo;auteur et illustratrice d&rsquo;albums pour enfants Estelle Meens est venue expliquer aux \u00e9l\u00e8ves de P2\u00a0 les diff\u00e9rentes \u00e9tapes pour qu&rsquo;une simple histoire se transforme en livre.<\/p>\n<p>Apr\u00e8s avoir pr\u00e9sent\u00e9 ses \u00ab\u00a0ficelles\u00a0\u00bb pour donner une expression \u00e0 un visage dessin\u00e9, elle nous a expliqu\u00e9 comment peindre \u00e0 l&rsquo;aquarelle.<\/p>\n<p>En partant, elle nous a offert 2 albums d\u00e9dicac\u00e9s, mais nous avons \u00e0 pr\u00e9sent un joli panneau o\u00f9 elle a repr\u00e9sent\u00e9 trois copains de la classe !<a href=\"https:\/\/charneux.be\/wordpress\/wp-content\/uploads\/2020\/10\/120742521_259571081978325_7687787363489569171_n.jpg\"><img fetchpriority=\"high\" decoding=\"async\" class=\"alignnone size-medium wp-image-620\" src=\"https:\/\/charneux.be\/wordpress\/wp-content\/uploads\/2020\/10\/120742521_259571081978325_7687787363489569171_n-300x225.jpg\" alt=\"\" width=\"300\" height=\"225\" srcset=\"https:\/\/charneux.be\/wordpress\/wp-content\/uploads\/2020\/10\/120742521_259571081978325_7687787363489569171_n-300x225.jpg 300w, https:\/\/charneux.be\/wordpress\/wp-content\/uploads\/2020\/10\/120742521_259571081978325_7687787363489569171_n-1024x768.jpg 1024w, https:\/\/charneux.be\/wordpress\/wp-content\/uploads\/2020\/10\/120742521_259571081978325_7687787363489569171_n-768x576.jpg 768w, https:\/\/charneux.be\/wordpress\/wp-content\/uploads\/2020\/10\/120742521_259571081978325_7687787363489569171_n-1536x1152.jpg 1536w, https:\/\/charneux.be\/wordpress\/wp-content\/uploads\/2020\/10\/120742521_259571081978325_7687787363489569171_n.jpg 2048w\" sizes=\"(max-width: 300px) 100vw, 300px\" \/><\/a> <a href=\"https:\/\/charneux.be\/wordpress\/wp-content\/uploads\/2020\/10\/120568672_795879437881908_5825591785982061254_n.jpg\"><img decoding=\"async\" class=\"alignnone size-medium wp-image-621\" src=\"https:\/\/charneux.be\/wordpress\/wp-content\/uploads\/2020\/10\/120568672_795879437881908_5825591785982061254_n-300x225.jpg\" alt=\"\" width=\"300\" height=\"225\" srcset=\"https:\/\/charneux.be\/wordpress\/wp-content\/uploads\/2020\/10\/120568672_795879437881908_5825591785982061254_n-300x225.jpg 300w, https:\/\/charneux.be\/wordpress\/wp-content\/uploads\/2020\/10\/120568672_795879437881908_5825591785982061254_n-1024x768.jpg 1024w, https:\/\/charneux.be\/wordpress\/wp-content\/uploads\/2020\/10\/120568672_795879437881908_5825591785982061254_n-768x576.jpg 768w, https:\/\/charneux.be\/wordpress\/wp-content\/uploads\/2020\/10\/120568672_795879437881908_5825591785982061254_n-1536x1152.jpg 1536w, https:\/\/charneux.be\/wordpress\/wp-content\/uploads\/2020\/10\/120568672_795879437881908_5825591785982061254_n.jpg 2048w\" sizes=\"(max-width: 300px) 100vw, 300px\" \/><\/a> <a href=\"https:\/\/charneux.be\/wordpress\/wp-content\/uploads\/2020\/10\/120577198_353505149334184_25202641736850349_n.jpg\"><img decoding=\"async\" class=\"alignnone size-medium wp-image-622\" src=\"https:\/\/charneux.be\/wordpress\/wp-content\/uploads\/2020\/10\/120577198_353505149334184_25202641736850349_n-225x300.jpg\" alt=\"\" width=\"225\" height=\"300\" srcset=\"https:\/\/charneux.be\/wordpress\/wp-content\/uploads\/2020\/10\/120577198_353505149334184_25202641736850349_n-225x300.jpg 225w, https:\/\/charneux.be\/wordpress\/wp-content\/uploads\/2020\/10\/120577198_353505149334184_25202641736850349_n-768x1024.jpg 768w, https:\/\/charneux.be\/wordpress\/wp-content\/uploads\/2020\/10\/120577198_353505149334184_25202641736850349_n-1152x1536.jpg 1152w, https:\/\/charneux.be\/wordpress\/wp-content\/uploads\/2020\/10\/120577198_353505149334184_25202641736850349_n.jpg 1536w\" sizes=\"(max-width: 225px) 100vw, 225px\" \/><\/a> <a href=\"https:\/\/charneux.be\/wordpress\/wp-content\/uploads\/2020\/10\/120736152_2805460293072095_8114297550958199601_n.jpg\"><img loading=\"lazy\" decoding=\"async\" class=\"alignnone size-medium wp-image-623\" src=\"https:\/\/charneux.be\/wordpress\/wp-content\/uploads\/2020\/10\/120736152_2805460293072095_8114297550958199601_n-225x300.jpg\" alt=\"\" width=\"225\" height=\"300\" srcset=\"https:\/\/charneux.be\/wordpress\/wp-content\/uploads\/2020\/10\/120736152_2805460293072095_8114297550958199601_n-225x300.jpg 225w, https:\/\/charneux.be\/wordpress\/wp-content\/uploads\/2020\/10\/120736152_2805460293072095_8114297550958199601_n-768x1024.jpg 768w, https:\/\/charneux.be\/wordpress\/wp-content\/uploads\/2020\/10\/120736152_2805460293072095_8114297550958199601_n-1152x1536.jpg 1152w, https:\/\/charneux.be\/wordpress\/wp-content\/uploads\/2020\/10\/120736152_2805460293072095_8114297550958199601_n.jpg 1536w\" sizes=\"(max-width: 225px) 100vw, 225px\" \/><\/a> <a href=\"https:\/\/charneux.be\/wordpress\/wp-content\/uploads\/2020\/10\/120777599_388380079219408_2095160602778278349_n.jpg\"><img loading=\"lazy\" decoding=\"async\" class=\"alignnone size-medium wp-image-624\" src=\"https:\/\/charneux.be\/wordpress\/wp-content\/uploads\/2020\/10\/120777599_388380079219408_2095160602778278349_n-225x300.jpg\" alt=\"\" width=\"225\" height=\"300\" srcset=\"https:\/\/charneux.be\/wordpress\/wp-content\/uploads\/2020\/10\/120777599_388380079219408_2095160602778278349_n-225x300.jpg 225w, https:\/\/charneux.be\/wordpress\/wp-content\/uploads\/2020\/10\/120777599_388380079219408_2095160602778278349_n-768x1024.jpg 768w, https:\/\/charneux.be\/wordpress\/wp-content\/uploads\/2020\/10\/120777599_388380079219408_2095160602778278349_n-1152x1536.jpg 1152w, https:\/\/charneux.be\/wordpress\/wp-content\/uploads\/2020\/10\/120777599_388380079219408_2095160602778278349_n.jpg 1536w\" sizes=\"(max-width: 225px) 100vw, 225px\" \/><\/a> <a href=\"https:\/\/charneux.be\/wordpress\/wp-content\/uploads\/2020\/10\/120799553_652745742049343_8790630886837028654_n.jpg\"><img loading=\"lazy\" decoding=\"async\" class=\"alignnone size-medium wp-image-625\" src=\"https:\/\/charneux.be\/wordpress\/wp-content\/uploads\/2020\/10\/120799553_652745742049343_8790630886837028654_n-225x300.jpg\" alt=\"\" width=\"225\" height=\"300\" srcset=\"https:\/\/charneux.be\/wordpress\/wp-content\/uploads\/2020\/10\/120799553_652745742049343_8790630886837028654_n-225x300.jpg 225w, https:\/\/charneux.be\/wordpress\/wp-content\/uploads\/2020\/10\/120799553_652745742049343_8790630886837028654_n-768x1024.jpg 768w, https:\/\/charneux.be\/wordpress\/wp-content\/uploads\/2020\/10\/120799553_652745742049343_8790630886837028654_n-1152x1536.jpg 1152w, https:\/\/charneux.be\/wordpress\/wp-content\/uploads\/2020\/10\/120799553_652745742049343_8790630886837028654_n.jpg 1536w\" sizes=\"(max-width: 225px) 100vw, 225px\" \/><\/a> <a href=\"https:\/\/charneux.be\/wordpress\/wp-content\/uploads\/2020\/10\/120895427_251463606282599_6016583325243786390_n.jpg\"><img loading=\"lazy\" decoding=\"async\" class=\"alignnone size-medium wp-image-626\" src=\"https:\/\/charneux.be\/wordpress\/wp-content\/uploads\/2020\/10\/120895427_251463606282599_6016583325243786390_n-300x225.jpg\" alt=\"\" width=\"300\" height=\"225\" srcset=\"https:\/\/charneux.be\/wordpress\/wp-content\/uploads\/2020\/10\/120895427_251463606282599_6016583325243786390_n-300x225.jpg 300w, https:\/\/charneux.be\/wordpress\/wp-content\/uploads\/2020\/10\/120895427_251463606282599_6016583325243786390_n-1024x768.jpg 1024w, https:\/\/charneux.be\/wordpress\/wp-content\/uploads\/2020\/10\/120895427_251463606282599_6016583325243786390_n-768x576.jpg 768w, https:\/\/charneux.be\/wordpress\/wp-content\/uploads\/2020\/10\/120895427_251463606282599_6016583325243786390_n-1536x1152.jpg 1536w, https:\/\/charneux.be\/wordpress\/wp-content\/uploads\/2020\/10\/120895427_251463606282599_6016583325243786390_n.jpg 2048w\" sizes=\"(max-width: 300px) 100vw, 300px\" \/><\/a> <a href=\"https:\/\/charneux.be\/wordpress\/wp-content\/uploads\/2020\/10\/120903046_955498061624175_4881055427510443551_n.jpg\"><img loading=\"lazy\" decoding=\"async\" class=\"alignnone size-medium wp-image-627\" src=\"https:\/\/charneux.be\/wordpress\/wp-content\/uploads\/2020\/10\/120903046_955498061624175_4881055427510443551_n-300x225.jpg\" alt=\"\" width=\"300\" height=\"225\" srcset=\"https:\/\/charneux.be\/wordpress\/wp-content\/uploads\/2020\/10\/120903046_955498061624175_4881055427510443551_n-300x225.jpg 300w, https:\/\/charneux.be\/wordpress\/wp-content\/uploads\/2020\/10\/120903046_955498061624175_4881055427510443551_n-1024x768.jpg 1024w, https:\/\/charneux.be\/wordpress\/wp-content\/uploads\/2020\/10\/120903046_955498061624175_4881055427510443551_n-768x576.jpg 768w, https:\/\/charneux.be\/wordpress\/wp-content\/uploads\/2020\/10\/120903046_955498061624175_4881055427510443551_n-1536x1152.jpg 1536w, https:\/\/charneux.be\/wordpress\/wp-content\/uploads\/2020\/10\/120903046_955498061624175_4881055427510443551_n.jpg 2048w\" sizes=\"(max-width: 300px) 100vw, 300px\" \/><\/a><\/p>\n","protected":false},"excerpt":{"rendered":"<p>L&rsquo;auteur et illustratrice d&rsquo;albums pour enfants Estelle Meens est venue expliquer aux \u00e9l\u00e8ves de P2\u00a0 les diff\u00e9rentes \u00e9tapes pour qu&rsquo;une simple histoire se transforme en livre. Apr\u00e8s avoir pr\u00e9sent\u00e9 ses \u00ab\u00a0ficelles\u00a0\u00bb pour donner une expression \u00e0 un visage dessin\u00e9, elle nous a expliqu\u00e9 comment peindre \u00e0 l&rsquo;aquarelle. En partant, elle nous a offert 2 albums [&hellip;]<\/p>\n","protected":false},"author":13,"featured_media":626,"comment_status":"closed","ping_status":"open","sticky":false,"template":"","format":"standard","meta":{"footnotes":""},"categories":[2],"tags":[],"class_list":["post-619","post","type-post","status-publish","format-standard","has-post-thumbnail","hentry","category-primaire"],"yoast_head":"<!-- This site is optimized with the Yoast SEO plugin v23.6 - https:\/\/yoast.com\/wordpress\/plugins\/seo\/ -->\n<title>L&#039;illustratrice Estelle Meens dans notre classe. - \u00c9cole libre de Charneux<\/title>\n<meta name=\"robots\" content=\"index, follow, max-snippet:-1, max-image-preview:large, max-video-preview:-1\" \/>\n<link rel=\"canonical\" href=\"https:\/\/charneux.be\/preprod\/lillustratrice-estelle-meens-dans-notre-classe\/\" \/>\n<meta property=\"og:locale\" content=\"fr_FR\" \/>\n<meta property=\"og:type\" content=\"article\" \/>\n<meta property=\"og:title\" content=\"L&#039;illustratrice Estelle Meens dans notre classe. - \u00c9cole libre de Charneux\" \/>\n<meta property=\"og:description\" content=\"L&rsquo;auteur et illustratrice d&rsquo;albums pour enfants Estelle Meens est venue expliquer aux \u00e9l\u00e8ves de P2\u00a0 les diff\u00e9rentes \u00e9tapes pour qu&rsquo;une simple histoire se transforme en livre. Apr\u00e8s avoir pr\u00e9sent\u00e9 ses \u00ab\u00a0ficelles\u00a0\u00bb pour donner une expression \u00e0 un visage dessin\u00e9, elle nous a expliqu\u00e9 comment peindre \u00e0 l&rsquo;aquarelle. En partant, elle nous a offert 2 albums [&hellip;]\" \/>\n<meta property=\"og:url\" content=\"https:\/\/charneux.be\/preprod\/lillustratrice-estelle-meens-dans-notre-classe\/\" \/>\n<meta property=\"og:site_name\" content=\"\u00c9cole libre de Charneux\" \/>\n<meta property=\"article:published_time\" content=\"2020-10-10T16:05:17+00:00\" \/>\n<meta property=\"og:image\" content=\"https:\/\/charneux.be\/preprod\/wp-content\/uploads\/2020\/10\/120895427_251463606282599_6016583325243786390_n.jpg\" \/>\n\t<meta property=\"og:image:width\" content=\"2048\" \/>\n\t<meta property=\"og:image:height\" content=\"1536\" \/>\n\t<meta property=\"og:image:type\" content=\"image\/jpeg\" \/>\n<meta name=\"author\" content=\"Mariette Delhez\" \/>\n<meta name=\"twitter:label1\" content=\"\u00c9crit par\" \/>\n\t<meta name=\"twitter:data1\" content=\"Mariette Delhez\" \/>\n<script type=\"application\/ld+json\" class=\"yoast-schema-graph\">{\"@context\":\"https:\/\/schema.org\",\"@graph\":[{\"@type\":\"Article\",\"@id\":\"https:\/\/charneux.be\/preprod\/lillustratrice-estelle-meens-dans-notre-classe\/#article\",\"isPartOf\":{\"@id\":\"https:\/\/charneux.be\/preprod\/lillustratrice-estelle-meens-dans-notre-classe\/\"},\"author\":{\"name\":\"Mariette Delhez\",\"@id\":\"https:\/\/charneux.be\/wordpress\/#\/schema\/person\/112285787eee499ea293d44be91e65f2\"},\"headline\":\"L&rsquo;illustratrice Estelle Meens dans notre classe.\",\"datePublished\":\"2020-10-10T16:05:17+00:00\",\"dateModified\":\"2020-10-10T16:05:17+00:00\",\"mainEntityOfPage\":{\"@id\":\"https:\/\/charneux.be\/preprod\/lillustratrice-estelle-meens-dans-notre-classe\/\"},\"wordCount\":88,\"publisher\":{\"@id\":\"https:\/\/charneux.be\/wordpress\/#organization\"},\"image\":{\"@id\":\"https:\/\/charneux.be\/preprod\/lillustratrice-estelle-meens-dans-notre-classe\/#primaryimage\"},\"thumbnailUrl\":\"https:\/\/charneux.be\/wordpress\/wp-content\/uploads\/2020\/10\/120895427_251463606282599_6016583325243786390_n.jpg\",\"articleSection\":[\"En primaire\"],\"inLanguage\":\"fr-FR\"},{\"@type\":\"WebPage\",\"@id\":\"https:\/\/charneux.be\/preprod\/lillustratrice-estelle-meens-dans-notre-classe\/\",\"url\":\"https:\/\/charneux.be\/preprod\/lillustratrice-estelle-meens-dans-notre-classe\/\",\"name\":\"L'illustratrice Estelle Meens dans notre classe. - \u00c9cole libre de Charneux\",\"isPartOf\":{\"@id\":\"https:\/\/charneux.be\/wordpress\/#website\"},\"primaryImageOfPage\":{\"@id\":\"https:\/\/charneux.be\/preprod\/lillustratrice-estelle-meens-dans-notre-classe\/#primaryimage\"},\"image\":{\"@id\":\"https:\/\/charneux.be\/preprod\/lillustratrice-estelle-meens-dans-notre-classe\/#primaryimage\"},\"thumbnailUrl\":\"https:\/\/charneux.be\/wordpress\/wp-content\/uploads\/2020\/10\/120895427_251463606282599_6016583325243786390_n.jpg\",\"datePublished\":\"2020-10-10T16:05:17+00:00\",\"dateModified\":\"2020-10-10T16:05:17+00:00\",\"breadcrumb\":{\"@id\":\"https:\/\/charneux.be\/preprod\/lillustratrice-estelle-meens-dans-notre-classe\/#breadcrumb\"},\"inLanguage\":\"fr-FR\",\"potentialAction\":[{\"@type\":\"ReadAction\",\"target\":[\"https:\/\/charneux.be\/preprod\/lillustratrice-estelle-meens-dans-notre-classe\/\"]}]},{\"@type\":\"ImageObject\",\"inLanguage\":\"fr-FR\",\"@id\":\"https:\/\/charneux.be\/preprod\/lillustratrice-estelle-meens-dans-notre-classe\/#primaryimage\",\"url\":\"https:\/\/charneux.be\/wordpress\/wp-content\/uploads\/2020\/10\/120895427_251463606282599_6016583325243786390_n.jpg\",\"contentUrl\":\"https:\/\/charneux.be\/wordpress\/wp-content\/uploads\/2020\/10\/120895427_251463606282599_6016583325243786390_n.jpg\",\"width\":2048,\"height\":1536},{\"@type\":\"BreadcrumbList\",\"@id\":\"https:\/\/charneux.be\/preprod\/lillustratrice-estelle-meens-dans-notre-classe\/#breadcrumb\",\"itemListElement\":[{\"@type\":\"ListItem\",\"position\":1,\"name\":\"Accueil\",\"item\":\"https:\/\/charneux.be\/preprod\/\"},{\"@type\":\"ListItem\",\"position\":2,\"name\":\"L&rsquo;illustratrice Estelle Meens dans notre classe.\"}]},{\"@type\":\"WebSite\",\"@id\":\"https:\/\/charneux.be\/wordpress\/#website\",\"url\":\"https:\/\/charneux.be\/wordpress\/\",\"name\":\"Charneux\",\"description\":\"\",\"publisher\":{\"@id\":\"https:\/\/charneux.be\/wordpress\/#organization\"},\"potentialAction\":[{\"@type\":\"SearchAction\",\"target\":{\"@type\":\"EntryPoint\",\"urlTemplate\":\"https:\/\/charneux.be\/wordpress\/?s={search_term_string}\"},\"query-input\":{\"@type\":\"PropertyValueSpecification\",\"valueRequired\":true,\"valueName\":\"search_term_string\"}}],\"inLanguage\":\"fr-FR\"},{\"@type\":\"Organization\",\"@id\":\"https:\/\/charneux.be\/wordpress\/#organization\",\"name\":\"Ecole libre de Charneux\",\"url\":\"https:\/\/charneux.be\/wordpress\/\",\"logo\":{\"@type\":\"ImageObject\",\"inLanguage\":\"fr-FR\",\"@id\":\"https:\/\/charneux.be\/wordpress\/#\/schema\/logo\/image\/\",\"url\":\"https:\/\/charneux.be\/wordpress\/wp-content\/uploads\/2024\/08\/cropped-Logo-bleu.png\",\"contentUrl\":\"https:\/\/charneux.be\/wordpress\/wp-content\/uploads\/2024\/08\/cropped-Logo-bleu.png\",\"width\":480,\"height\":799,\"caption\":\"Ecole libre de Charneux\"},\"image\":{\"@id\":\"https:\/\/charneux.be\/wordpress\/#\/schema\/logo\/image\/\"}},{\"@type\":\"Person\",\"@id\":\"https:\/\/charneux.be\/wordpress\/#\/schema\/person\/112285787eee499ea293d44be91e65f2\",\"name\":\"Mariette Delhez\",\"image\":{\"@type\":\"ImageObject\",\"inLanguage\":\"fr-FR\",\"@id\":\"https:\/\/charneux.be\/wordpress\/#\/schema\/person\/image\/\",\"url\":\"https:\/\/secure.gravatar.com\/avatar\/a899e88cc8b9af838e499f0abe160da7f528eecdc73fd9eb26c0232abddc2b2f?s=96&d=mm&r=g\",\"contentUrl\":\"https:\/\/secure.gravatar.com\/avatar\/a899e88cc8b9af838e499f0abe160da7f528eecdc73fd9eb26c0232abddc2b2f?s=96&d=mm&r=g\",\"caption\":\"Mariette Delhez\"},\"url\":\"https:\/\/charneux.be\/wordpress\/author\/mariette-delhez\/\"}]}<\/script>\n<!-- \/ Yoast SEO plugin. -->","yoast_head_json":{"title":"L'illustratrice Estelle Meens dans notre classe. - \u00c9cole libre de Charneux","robots":{"index":"index","follow":"follow","max-snippet":"max-snippet:-1","max-image-preview":"max-image-preview:large","max-video-preview":"max-video-preview:-1"},"canonical":"https:\/\/charneux.be\/preprod\/lillustratrice-estelle-meens-dans-notre-classe\/","og_locale":"fr_FR","og_type":"article","og_title":"L'illustratrice Estelle Meens dans notre classe. - \u00c9cole libre de Charneux","og_description":"L&rsquo;auteur et illustratrice d&rsquo;albums pour enfants Estelle Meens est venue expliquer aux \u00e9l\u00e8ves de P2\u00a0 les diff\u00e9rentes \u00e9tapes pour qu&rsquo;une simple histoire se transforme en livre. Apr\u00e8s avoir pr\u00e9sent\u00e9 ses \u00ab\u00a0ficelles\u00a0\u00bb pour donner une expression \u00e0 un visage dessin\u00e9, elle nous a expliqu\u00e9 comment peindre \u00e0 l&rsquo;aquarelle. En partant, elle nous a offert 2 albums [&hellip;]","og_url":"https:\/\/charneux.be\/preprod\/lillustratrice-estelle-meens-dans-notre-classe\/","og_site_name":"\u00c9cole libre de Charneux","article_published_time":"2020-10-10T16:05:17+00:00","og_image":[{"width":2048,"height":1536,"url":"https:\/\/charneux.be\/preprod\/wp-content\/uploads\/2020\/10\/120895427_251463606282599_6016583325243786390_n.jpg","type":"image\/jpeg"}],"author":"Mariette Delhez","twitter_misc":{"\u00c9crit par":"Mariette Delhez"},"schema":{"@context":"https:\/\/schema.org","@graph":[{"@type":"Article","@id":"https:\/\/charneux.be\/preprod\/lillustratrice-estelle-meens-dans-notre-classe\/#article","isPartOf":{"@id":"https:\/\/charneux.be\/preprod\/lillustratrice-estelle-meens-dans-notre-classe\/"},"author":{"name":"Mariette Delhez","@id":"https:\/\/charneux.be\/wordpress\/#\/schema\/person\/112285787eee499ea293d44be91e65f2"},"headline":"L&rsquo;illustratrice Estelle Meens dans notre classe.","datePublished":"2020-10-10T16:05:17+00:00","dateModified":"2020-10-10T16:05:17+00:00","mainEntityOfPage":{"@id":"https:\/\/charneux.be\/preprod\/lillustratrice-estelle-meens-dans-notre-classe\/"},"wordCount":88,"publisher":{"@id":"https:\/\/charneux.be\/wordpress\/#organization"},"image":{"@id":"https:\/\/charneux.be\/preprod\/lillustratrice-estelle-meens-dans-notre-classe\/#primaryimage"},"thumbnailUrl":"https:\/\/charneux.be\/wordpress\/wp-content\/uploads\/2020\/10\/120895427_251463606282599_6016583325243786390_n.jpg","articleSection":["En primaire"],"inLanguage":"fr-FR"},{"@type":"WebPage","@id":"https:\/\/charneux.be\/preprod\/lillustratrice-estelle-meens-dans-notre-classe\/","url":"https:\/\/charneux.be\/preprod\/lillustratrice-estelle-meens-dans-notre-classe\/","name":"L'illustratrice Estelle Meens dans notre classe. - \u00c9cole libre de Charneux","isPartOf":{"@id":"https:\/\/charneux.be\/wordpress\/#website"},"primaryImageOfPage":{"@id":"https:\/\/charneux.be\/preprod\/lillustratrice-estelle-meens-dans-notre-classe\/#primaryimage"},"image":{"@id":"https:\/\/charneux.be\/preprod\/lillustratrice-estelle-meens-dans-notre-classe\/#primaryimage"},"thumbnailUrl":"https:\/\/charneux.be\/wordpress\/wp-content\/uploads\/2020\/10\/120895427_251463606282599_6016583325243786390_n.jpg","datePublished":"2020-10-10T16:05:17+00:00","dateModified":"2020-10-10T16:05:17+00:00","breadcrumb":{"@id":"https:\/\/charneux.be\/preprod\/lillustratrice-estelle-meens-dans-notre-classe\/#breadcrumb"},"inLanguage":"fr-FR","potentialAction":[{"@type":"ReadAction","target":["https:\/\/charneux.be\/preprod\/lillustratrice-estelle-meens-dans-notre-classe\/"]}]},{"@type":"ImageObject","inLanguage":"fr-FR","@id":"https:\/\/charneux.be\/preprod\/lillustratrice-estelle-meens-dans-notre-classe\/#primaryimage","url":"https:\/\/charneux.be\/wordpress\/wp-content\/uploads\/2020\/10\/120895427_251463606282599_6016583325243786390_n.jpg","contentUrl":"https:\/\/charneux.be\/wordpress\/wp-content\/uploads\/2020\/10\/120895427_251463606282599_6016583325243786390_n.jpg","width":2048,"height":1536},{"@type":"BreadcrumbList","@id":"https:\/\/charneux.be\/preprod\/lillustratrice-estelle-meens-dans-notre-classe\/#breadcrumb","itemListElement":[{"@type":"ListItem","position":1,"name":"Accueil","item":"https:\/\/charneux.be\/preprod\/"},{"@type":"ListItem","position":2,"name":"L&rsquo;illustratrice Estelle Meens dans notre classe."}]},{"@type":"WebSite","@id":"https:\/\/charneux.be\/wordpress\/#website","url":"https:\/\/charneux.be\/wordpress\/","name":"Charneux","description":"","publisher":{"@id":"https:\/\/charneux.be\/wordpress\/#organization"},"potentialAction":[{"@type":"SearchAction","target":{"@type":"EntryPoint","urlTemplate":"https:\/\/charneux.be\/wordpress\/?s={search_term_string}"},"query-input":{"@type":"PropertyValueSpecification","valueRequired":true,"valueName":"search_term_string"}}],"inLanguage":"fr-FR"},{"@type":"Organization","@id":"https:\/\/charneux.be\/wordpress\/#organization","name":"Ecole libre de Charneux","url":"https:\/\/charneux.be\/wordpress\/","logo":{"@type":"ImageObject","inLanguage":"fr-FR","@id":"https:\/\/charneux.be\/wordpress\/#\/schema\/logo\/image\/","url":"https:\/\/charneux.be\/wordpress\/wp-content\/uploads\/2024\/08\/cropped-Logo-bleu.png","contentUrl":"https:\/\/charneux.be\/wordpress\/wp-content\/uploads\/2024\/08\/cropped-Logo-bleu.png","width":480,"height":799,"caption":"Ecole libre de Charneux"},"image":{"@id":"https:\/\/charneux.be\/wordpress\/#\/schema\/logo\/image\/"}},{"@type":"Person","@id":"https:\/\/charneux.be\/wordpress\/#\/schema\/person\/112285787eee499ea293d44be91e65f2","name":"Mariette Delhez","image":{"@type":"ImageObject","inLanguage":"fr-FR","@id":"https:\/\/charneux.be\/wordpress\/#\/schema\/person\/image\/","url":"https:\/\/secure.gravatar.com\/avatar\/a899e88cc8b9af838e499f0abe160da7f528eecdc73fd9eb26c0232abddc2b2f?s=96&d=mm&r=g","contentUrl":"https:\/\/secure.gravatar.com\/avatar\/a899e88cc8b9af838e499f0abe160da7f528eecdc73fd9eb26c0232abddc2b2f?s=96&d=mm&r=g","caption":"Mariette Delhez"},"url":"https:\/\/charneux.be\/wordpress\/author\/mariette-delhez\/"}]}},"_links":{"self":[{"href":"https:\/\/charneux.be\/wordpress\/wp-json\/wp\/v2\/posts\/619","targetHints":{"allow":["GET"]}}],"collection":[{"href":"https:\/\/charneux.be\/wordpress\/wp-json\/wp\/v2\/posts"}],"about":[{"href":"https:\/\/charneux.be\/wordpress\/wp-json\/wp\/v2\/types\/post"}],"author":[{"embeddable":true,"href":"https:\/\/charneux.be\/wordpress\/wp-json\/wp\/v2\/users\/13"}],"replies":[{"embeddable":true,"href":"https:\/\/charneux.be\/wordpress\/wp-json\/wp\/v2\/comments?post=619"}],"version-history":[{"count":1,"href":"https:\/\/charneux.be\/wordpress\/wp-json\/wp\/v2\/posts\/619\/revisions"}],"predecessor-version":[{"id":628,"href":"https:\/\/charneux.be\/wordpress\/wp-json\/wp\/v2\/posts\/619\/revisions\/628"}],"wp:featuredmedia":[{"embeddable":true,"href":"https:\/\/charneux.be\/wordpress\/wp-json\/wp\/v2\/media\/626"}],"wp:attachment":[{"href":"https:\/\/charneux.be\/wordpress\/wp-json\/wp\/v2\/media?parent=619"}],"wp:term":[{"taxonomy":"category","embeddable":true,"href":"https:\/\/charneux.be\/wordpress\/wp-json\/wp\/v2\/categories?post=619"},{"taxonomy":"post_tag","embeddable":true,"href":"https:\/\/charneux.be\/wordpress\/wp-json\/wp\/v2\/tags?post=619"}],"curies":[{"name":"wp","href":"https:\/\/api.w.org\/{rel}","templated":true}]}}